{"id":10062,"date":"2013-03-22T18:09:53","date_gmt":"2013-03-22T17:09:53","guid":{"rendered":"http:\/\/diariodevurgos.com\/dvwps\/?p=10062"},"modified":"2013-03-22T18:12:24","modified_gmt":"2013-03-22T17:12:24","slug":"lo-vergonzoso-en-las-guarderias-de-burgos","status":"publish","type":"post","link":"https:\/\/diariodevurgos.com\/dvwps\/lo-vergonzoso-en-las-guarderias-de-burgos.php","title":{"rendered":"Lo vergonzoso en las guarderias de Burgos."},"content":{"rendered":"<p class=\"lead\"><a href=\"http:\/\/diariodevurgos.com\/dvwps\/wp-content\/uploads\/2013\/03\/conciliaci\u00f3n.jpg\"><img loading=\"lazy\" class=\"alignleft size-medium wp-image-10063\" title=\"conciliaci\u00f3n\" src=\"http:\/\/diariodevurgos.com\/dvwps\/wp-content\/uploads\/2013\/03\/conciliaci\u00f3n-300x168.jpg\" alt=\"conciliaci\u00f3n\" width=\"180\" height=\"101\" srcset=\"https:\/\/diariodevurgos.com\/dvwps\/wp-content\/uploads\/2013\/03\/conciliaci\u00f3n-300x168.jpg 300w, https:\/\/diariodevurgos.com\/dvwps\/wp-content\/uploads\/2013\/03\/conciliaci\u00f3n.jpg 615w\" sizes=\"(max-width: 180px) 100vw, 180px\" \/><\/a>La conciliaci\u00f3n de la vida familiar y laboral es un palabra en boca de todos los pol\u00ed\u00adticos, independientemente de su color, pero poco se asemeja a la realidad de la cuesti\u00f3n en la pr\u00e1ctica. Lejos estamos de las medidas que tienen nuestros vecinos europeos a los que tanto se\u00f1alan a la hora de visibilizar\u00a0 soluciones.<br \/>\n<!--more--><br \/>\nEn Burgos , dentro de unos meses cerrar\u00e1 una de las guarder\u00ed\u00adas p\u00fablicas argumentada en un informe desfavorable de 2008,nada m\u00e1s que 5 a\u00f1os han pasado desde que dicho argumento a dejado de crear polvo en los archivos para saltar de nuevo a la palestra. Lo que antes parec\u00ed\u00ada normal ahora es escandaloso y parece ser que es la concejala\u00a0 de Servicios Sociales, Ana Lopidanala que\u00a0 surge como salvadora de los pobres indefensos, dejando a los padres que han estado llevando a sus hijos\/as a la guarder\u00ed\u00ada durante estos \u00faltimos a\u00f1os como aut\u00e9nticos inconscientes que no se han preocupado de la situaci\u00f3n de sus hijos en el centro.<\/p>\n<p>Si bien es cierto que desde el ayuntamiento y la Junta en estos a\u00f1os se han aventurado a la construcci\u00f3n de nuevas guarder\u00ed\u00adas de acceso publico, deja que desear que se cierren unas(2 concretamente) para abrir otra en la que el balance real deja con menos posibilidades de acceso a ellas,menos plazas y por si esto fuera poco m\u00e1s caras. El nuevo a\u00f1o\u00a0 depara un aumento en los precios de las guarder\u00ed\u00adas publicas de un 28,2 % con respecto al a\u00f1o anterior,dato que no cita la concejala en su discurso de salvaci\u00f3n.<\/p>\n<p>Los detractores de esta medida no se han hecho esperar, y la oposici\u00f3n en el gobierno del ayuntamiento clama al cielo porque se destinan fondos para la plaza de toros y no para restaurar la guarder\u00ed\u00ada, tach\u00e1ndolo de vergonzoso.<\/p>\n<p>Aqu\u00ed\u00ad , lo verdaderamente vergonzoso es asumir como normal que los padres est\u00e1n deseosos de dejar a sus reto\u00f1os a primeras horas de la ma\u00f1ana en estos centros para ir a trabajar y poder pagar las facturas del d\u00ed\u00ada a d\u00ed\u00ada porque es la \u00fanica opci\u00f3n que se les queda.<br \/>\nVergonzoso es que se les llene la boca con palabras\u00a0 de conciliaci\u00f3n laboral , y\u00a0 se les diga a los padres que participen en la formaci\u00f3n\u00a0 de sus hijos\/as cuando los tienen que dejar a su suerte en estos centros , creando una confusi\u00f3n en los ni\u00f1os\/as de vivir en dos sociedades, la de la escuela y la de despu\u00e9s de la escuela ,\u00a0 sin que exista una integraci\u00f3n entre ambas.<\/p>\n<p>Esto, es realmente lo vergonzoso,\u00a0 lo dem\u00e1s es el producto del sistema que se alimenta d\u00ed\u00ada tras d\u00ed\u00ada .<\/p>\n","protected":false},"excerpt":{"rendered":"<p>La conciliaci\u00f3n de la vida familiar y laboral es un palabra en boca de todos los pol\u00ed\u00adticos, independientemente de su color, pero poco se asemeja a la realidad de la cuesti\u00f3n en la pr\u00e1ctica. Lejos estamos de las medidas que tienen nuestros vecinos europeos a los que tanto se\u00f1alan a la hora de visibilizar\u00a0 soluciones.<\/p>\n","protected":false},"author":8,"featured_media":0,"comment_status":"open","ping_status":"closed","sticky":false,"template":"","format":"standard","meta":[],"categories":[2,28],"tags":[],"_links":{"self":[{"href":"https:\/\/diariodevurgos.com\/dvwps\/wp-json\/wp\/v2\/posts\/10062"}],"collection":[{"href":"https:\/\/diariodevurgos.com\/dvwps\/wp-json\/wp\/v2\/posts"}],"about":[{"href":"https:\/\/diariodevurgos.com\/dvwps\/wp-json\/wp\/v2\/types\/post"}],"author":[{"embeddable":true,"href":"https:\/\/diariodevurgos.com\/dvwps\/wp-json\/wp\/v2\/users\/8"}],"replies":[{"embeddable":true,"href":"https:\/\/diariodevurgos.com\/dvwps\/wp-json\/wp\/v2\/comments?post=10062"}],"version-history":[{"count":5,"href":"https:\/\/diariodevurgos.com\/dvwps\/wp-json\/wp\/v2\/posts\/10062\/revisions"}],"predecessor-version":[{"id":10068,"href":"https:\/\/diariodevurgos.com\/dvwps\/wp-json\/wp\/v2\/posts\/10062\/revisions\/10068"}],"wp:attachment":[{"href":"https:\/\/diariodevurgos.com\/dvwps\/wp-json\/wp\/v2\/media?parent=10062"}],"wp:term":[{"taxonomy":"category","embeddable":true,"href":"https:\/\/diariodevurgos.com\/dvwps\/wp-json\/wp\/v2\/categories?post=10062"},{"taxonomy":"post_tag","embeddable":true,"href":"https:\/\/diariodevurgos.com\/dvwps\/wp-json\/wp\/v2\/tags?post=10062"}],"curies":[{"name":"wp","href":"https:\/\/api.w.org\/{rel}","templated":true}]}}