{"id":1007,"date":"2007-12-05T10:42:06","date_gmt":"2007-12-05T09:42:06","guid":{"rendered":"http:\/\/diariodevurgos.com\/dvwps\/sube-el-paro-otra-vez-en-burgos.php"},"modified":"2007-12-05T10:44:27","modified_gmt":"2007-12-05T09:44:27","slug":"sube-el-paro-otra-vez-en-burgos","status":"publish","type":"post","link":"https:\/\/diariodevurgos.com\/dvwps\/sube-el-paro-otra-vez-en-burgos.php","title":{"rendered":"Sube el paro, otra vez, en Burgos"},"content":{"rendered":"<p class=\"lead\"><img align=\"right\" alt=\"inem\" id=\"image791\" title=\"inem\" src=\"http:\/\/diariodevurgos.com\/dvwps\/wp-content\/uploads\/2007\/10\/images.jpeg\" \/>Los datos no son buenos y ya se empieza a notar, parece que claramente, un descenso de los contratos en la construcci\u00f3n que suma <strong>33<\/strong> personas a las listas del INEM en Burgos. Pinta mal la mona y aunque la mona ande de elecciones y vista de seda, mona se queda.<br \/>\n<!--more-->  <a title=\"documento\" href=\"http:\/\/www.inem.es\/inem\/cifras\/datos_avance\/datos\/datos_2007\/AV_SISPE_0711.PDF\">El habitual documento del Ministerio de trabajo<\/a> que sacan por esta fechas lo deja claro, el sector de la Industria baja y contrata a<strong> 4<\/strong> personas, el de la construcci\u00f3n despide a <strong>33<\/strong> y el sector servicios se deshace de <strong>17<\/strong> empleados.<\/p>\n<p>Parece que cada d\u00ed\u00ada esta m\u00e1s claro que vamos directos a una recesi\u00f3n, ya crecemos menos que la media de la Uni\u00f3n Europea y aunque el balance anual supera la media, los \u00faltimos meses la bajan considerablemente. Vamos camino de una recesi\u00f3n y todav\u00ed\u00ada no se sabe que magnitud tendr\u00e1, pero parece grande.<\/p>\n","protected":false},"excerpt":{"rendered":"<p>Los datos no son buenos y ya se empieza a notar, parece que claramente, un descenso de los contratos en la construcci\u00f3n que suma 33 personas a las listas del INEM en Burgos. Pinta mal la mona y aunque la mona ande de elecciones y vista de seda, mona se queda.<\/p>\n","protected":false},"author":1,"featured_media":0,"comment_status":"open","ping_status":"closed","sticky":false,"template":"","format":"standard","meta":[],"categories":[2],"tags":[],"_links":{"self":[{"href":"https:\/\/diariodevurgos.com\/dvwps\/wp-json\/wp\/v2\/posts\/1007"}],"collection":[{"href":"https:\/\/diariodevurgos.com\/dvwps\/wp-json\/wp\/v2\/posts"}],"about":[{"href":"https:\/\/diariodevurgos.com\/dvwps\/wp-json\/wp\/v2\/types\/post"}],"author":[{"embeddable":true,"href":"https:\/\/diariodevurgos.com\/dvwps\/wp-json\/wp\/v2\/users\/1"}],"replies":[{"embeddable":true,"href":"https:\/\/diariodevurgos.com\/dvwps\/wp-json\/wp\/v2\/comments?post=1007"}],"version-history":[{"count":0,"href":"https:\/\/diariodevurgos.com\/dvwps\/wp-json\/wp\/v2\/posts\/1007\/revisions"}],"wp:attachment":[{"href":"https:\/\/diariodevurgos.com\/dvwps\/wp-json\/wp\/v2\/media?parent=1007"}],"wp:term":[{"taxonomy":"category","embeddable":true,"href":"https:\/\/diariodevurgos.com\/dvwps\/wp-json\/wp\/v2\/categories?post=1007"},{"taxonomy":"post_tag","embeddable":true,"href":"https:\/\/diariodevurgos.com\/dvwps\/wp-json\/wp\/v2\/tags?post=1007"}],"curies":[{"name":"wp","href":"https:\/\/api.w.org\/{rel}","templated":true}]}}