{"id":10129,"date":"2013-04-05T22:55:28","date_gmt":"2013-04-05T21:55:28","guid":{"rendered":"http:\/\/diariodevurgos.com\/dvwps\/?p=10129"},"modified":"2013-04-05T22:55:28","modified_gmt":"2013-04-05T21:55:28","slug":"vi-jornadas-anticarcelarias-en-valladolid","status":"publish","type":"post","link":"https:\/\/diariodevurgos.com\/dvwps\/vi-jornadas-anticarcelarias-en-valladolid.php","title":{"rendered":"VI Jornadas anticarcelarias en Valladolid"},"content":{"rendered":"<p class=\"lead\"><a href=\"http:\/\/diariodevurgos.com\/dvwps\/wp-content\/uploads\/2013\/04\/cartel.jpg\"><img loading=\"lazy\" class=\"alignright size-medium wp-image-10130\" title=\"cartel\" src=\"http:\/\/diariodevurgos.com\/dvwps\/wp-content\/uploads\/2013\/04\/cartel-300x199.jpg\" alt=\"cartel\" width=\"301\" height=\"154\" \/><\/a>La semana del 15 al 20 de Abril tendr\u00e1n lugar en Valladolid las VI Jornadas Anticarcelarias. Todas la charlas y teatro tendr\u00e1n lugar en la &#8220;Casa de las Palabras&#8221; (C\/San Ignacio, 9) a las 19.30, y el s\u00e1bado concentraci\u00f3n y comida junto al Zambrana (Pso. Juan Carlos I) a las 12.30.<\/p>\n<p><!--more--><\/p>\n<div><strong>Lunes 15:<\/strong> Charla &#8220;CARCEL=TORTURA&#8221; y &#8220;Juicio de Quatre Camins&#8221;<\/div>\n<div>La  campa\u00f1a por la que 68 presxs de todo el Estado vienen desarrollando  mediante diferentes acciones simb\u00f3licas y coordinadas para denunciar en  el exterior los malos tratos que ocurren a diario, de manera aleatoria y  con total impunidad dentro de los talegos.<\/div>\n<div><strong>Martes 16<\/strong>: Charla &#8220;HABLANDO SOBRE LA INFANCIA EXPLOTADA&#8221;.<\/div>\n<div>A  parte de hablar sobre los j\u00f3venes marginados, se hablar\u00e1 del trabajo  que se est\u00e1 haciendo con ellos, obviando la soluci\u00f3n de los que mandan,  el encierro.<\/div>\n<div><strong>Mi\u00e9rcoles\u00a017: <\/strong>Charla &#8220;MUJERES Y CARCEL&#8221;<\/div>\n<div>Vivimos  en un sistema patriarcal, en el que las diferencias entre hombre y  mujeres son muchas. Esta discriminaci\u00f3n se ve multiplicada en prisi\u00f3n:  son discriminadas por mujeres y por presas.<\/div>\n<div><strong>Jueves 18<\/strong>: Charla &#8220;COPEL&#8221;.<\/div>\n<div>Coordinadora de Presxs Espa\u00f1oles en Lucha<\/div>\n<div>La historia de un periodo en la lucha dentro de las c\u00e1rceles espa\u00f1oles.<\/div>\n<div><strong>Viernes 19: <\/strong>Obra de teatro &#8220;LA ESCLUSA&#8221;<\/div>\n<div>Sinopsis:  Una mujer, diecis\u00e9is a\u00f1os presa, ma\u00f1ana sale en libertad condicional.Su  \u00faltima noche en prisi\u00f3n, escenario de este mon\u00f3logo.<\/div>\n<div><strong>S\u00e1bado 20:<\/strong> Concentraci\u00f3n a las 12:30, C\/Juan Carlos 1\u00ba, junto al Zambrana<\/div>\n","protected":false},"excerpt":{"rendered":"<p>La semana del 15 al 20 de Abril tendr\u00e1n lugar en Valladolid las VI Jornadas Anticarcelarias. Todas la charlas y teatro tendr\u00e1n lugar en la &#8220;Casa de las Palabras&#8221; (C\/San Ignacio, 9) a las 19.30, y el s\u00e1bado concentraci\u00f3n y comida junto al Zambrana (Pso. Juan Carlos I) a las 12.30.<\/p>\n","protected":false},"author":8,"featured_media":0,"comment_status":"open","ping_status":"closed","sticky":false,"template":"","format":"standard","meta":[],"categories":[22,46,45,57],"tags":[],"_links":{"self":[{"href":"https:\/\/diariodevurgos.com\/dvwps\/wp-json\/wp\/v2\/posts\/10129"}],"collection":[{"href":"https:\/\/diariodevurgos.com\/dvwps\/wp-json\/wp\/v2\/posts"}],"about":[{"href":"https:\/\/diariodevurgos.com\/dvwps\/wp-json\/wp\/v2\/types\/post"}],"author":[{"embeddable":true,"href":"https:\/\/diariodevurgos.com\/dvwps\/wp-json\/wp\/v2\/users\/8"}],"replies":[{"embeddable":true,"href":"https:\/\/diariodevurgos.com\/dvwps\/wp-json\/wp\/v2\/comments?post=10129"}],"version-history":[{"count":5,"href":"https:\/\/diariodevurgos.com\/dvwps\/wp-json\/wp\/v2\/posts\/10129\/revisions"}],"predecessor-version":[{"id":10135,"href":"https:\/\/diariodevurgos.com\/dvwps\/wp-json\/wp\/v2\/posts\/10129\/revisions\/10135"}],"wp:attachment":[{"href":"https:\/\/diariodevurgos.com\/dvwps\/wp-json\/wp\/v2\/media?parent=10129"}],"wp:term":[{"taxonomy":"category","embeddable":true,"href":"https:\/\/diariodevurgos.com\/dvwps\/wp-json\/wp\/v2\/categories?post=10129"},{"taxonomy":"post_tag","embeddable":true,"href":"https:\/\/diariodevurgos.com\/dvwps\/wp-json\/wp\/v2\/tags?post=10129"}],"curies":[{"name":"wp","href":"https:\/\/api.w.org\/{rel}","templated":true}]}}