{"id":10195,"date":"2013-04-16T00:14:31","date_gmt":"2013-04-15T23:14:31","guid":{"rendered":"http:\/\/diariodevurgos.com\/dvwps\/?p=10195"},"modified":"2013-04-16T00:19:04","modified_gmt":"2013-04-15T23:19:04","slug":"gabriel-pombo-da-silva-bajo-amenaza-de-extradiccion-a-italia","status":"publish","type":"post","link":"https:\/\/diariodevurgos.com\/dvwps\/gabriel-pombo-da-silva-bajo-amenaza-de-extradiccion-a-italia.php","title":{"rendered":"Gabriel Pombo Da Silva bajo amenaza de extradici\u00f3n a Italia"},"content":{"rendered":"<p class=\"lead\"><img loading=\"lazy\" class=\"alignright size-full wp-image-10196\" title=\"Gabriel-Pombo-da-Silva\" src=\"http:\/\/diariodevurgos.com\/dvwps\/wp-content\/uploads\/2013\/04\/Gabriel-Pombo-da-Silva.jpg\" alt=\"Gabriel-Pombo-da-Silva\" width=\"155\" height=\"217\" srcset=\"https:\/\/diariodevurgos.com\/dvwps\/wp-content\/uploads\/2013\/04\/Gabriel-Pombo-da-Silva.jpg 500w, https:\/\/diariodevurgos.com\/dvwps\/wp-content\/uploads\/2013\/04\/Gabriel-Pombo-da-Silva-213x300.jpg 213w\" sizes=\"(max-width: 155px) 100vw, 155px\" \/>El anarquista<a title=\"Gabriel Pombo Da Silva\" href=\"http:\/\/vozcomoarma.blogspot.com\/2013\/01\/gabriel-pombo-da-silva-volvera-al.html\"> Gabriel Pombo Da Silva <\/a>se enfrenta a la amenaza der ser extraditado al Estado Italiano tras haber sido procesado por la fiscal\u00ed\u00ada del pa\u00ed\u00ads transalpino en la operaci\u00f3n represiva que se desarroll\u00f3 contra medios libertarios italianos durante el pasado verano de 2012. Desde <strong>DV<\/strong> nos sumamos a la campa\u00f1a de solidaridad internacional con Gabriel y difundimos el comunicado que se est\u00e1 comenzado a circular para tratar de evitar la extradici\u00f3n de este militante libertario.<!--more--><\/p>\n<p>El 13 de junio de 2012, despu\u00e9s de diferentes operaciones contra otros compa\u00f1eros, el Estado italiano lanz\u00f3 una ola represiva contra decenas de anarquistas, denominada &#8220;Ardire&#8221;, llevando a cabo 40 registros, 24 imputaciones y 8 encarcelamientos. Esta vez, iba a darle incluso una dimensi\u00f3n suplementaria, inculpando adem\u00e1s a compa\u00f1eros ya encarcelados en varios pa\u00ed\u00adses europeos, como Grecia, Suiza y Alemania. Como de costumbre, el Estado pretende ver su rostro autoritario en la sonrisa de sus enemigos irreductibles, construyendo por ejemplo roles de l\u00ed\u00adderes, ejecutantes y de coordinadores en el seno de una en\u00e9sima &#8220;asociaci\u00f3n terrorista&#8221;, all\u00ed\u00ad donde hay afinidades, correspondencia con presos, lucha y voluntades de pelear. Es as\u00ed\u00ad que Gabriel Pombo da Silva y Marco Camenish, encarcelados durante largos a\u00f1os, se encuentran en esta investigaci\u00f3n tras una huelga de hambre internacional llevado a cabo en diciembre de 2009, tratados como &#8220;s\u00ed\u00admbolos y puntos de referencia de un nuevo proyecto subversivo&#8221;, del cual ser\u00ed\u00adan &#8220;los ide\u00f3logos y los propulsores&#8221;.<\/p>\n<p>Despu\u00e9s de 20 a\u00f1os pasados en las c\u00e1rceles espa\u00f1olas (de los cuales 14 en r\u00e9gimen FIES) consigue huir. Detenido en 2004, Gabriel rehar\u00e1 9 a\u00f1os suplementarios en Alemania tras un control y un tiroteo con la polic\u00ed\u00ada en este pa\u00ed\u00ads. Extraditado a Espa\u00f1a el 25 de febrero para purgar el fin de la condena que le esperaba, ha sido trasladado ya tres veces en menos de dos meses. Ahora en la c\u00e1rcel de Valdemoro (Madrid), ser\u00e1 llamado a declarar en la Audiencia Nacional el martes, 16 de abril de 2013, para que le sea notificada la Orden de Detenci\u00f3n Europea (euro-orden) emitida por Italia contra \u00e9l en el marco de la operaci\u00f3n &#8220;Ardire&#8221;. Gabriel est\u00e1 decidido a rechazar esta medida. Si el procedimiento no obstante se valida, \u00e9l deber\u00e1 volver a pasar delante de tres jueces para que tomen una decisi\u00f3n alrededor de una semana m\u00e1s tarde, esta vez en una audiencia p\u00fablica&#8230;<\/p>\n<p>A trav\u00e9s de este requerimiento contra Gabriel para enviarlo ciertamente al m\u00f3dulo de la prisi\u00f3n de Ferrara (Italia), construido especialmente para quebrar a los anarquistas y d\u00f3nde varios compa\u00f1eros ya est\u00e1n en aislamiento, hacen una advertencia contra todos. Para que las cabezas permanezcan bajadas, las bocas amordazadas y los ojos cerrados. Pero es una advertencia que no seguiremos jam\u00e1s. En medio de los presos de este mundo, tambi\u00e9n sacamos nuestra fuerza de la no-participaci\u00f3n, de la insumisi\u00f3n, del rechazo frente a todas las obligaciones que nos invitan a respetar, y del conflicto permanente con las instituciones. Y vamos a seguir defendiendo que, si no podemos escapar a esta realidad, sin embargo la podemos atacar en todas sus facetas. Solos o en buena compa\u00f1\u00ed\u00ada, de d\u00ed\u00ada y noche, con los hechos y con las palabras.<\/p>\n<p>Ahora que el Estado italiano pide de que se le entregue a Gabriel Pombo da Silva para continuar su sucio trabajo, mostr\u00e9mosles que si los poderosos saben hacer concordar sus intereses, nosotros tambi\u00e9n podemos oponerles una de nuestras armas, la de la solidaridad desde los dos lados del muro, entre prisioneros de la guerra social, que ella tampoco conoce fronteras.<\/p>\n<p><strong>\u00a1No al traslado de Gabriel a Italia.<br \/>\nAbajo todos los Estados, sus encierros, sus polic\u00ed\u00adas, sus tribunales y su tr\u00e1fico de prisioneros,<br \/>\nLibertad para todas y todos!<\/strong><\/p>\n<p><em><strong>Algunos anarquistas internacionalistas.<\/strong><\/em><br \/>\n13 de abril de 2013 [octavilla escrita para diversas iniciativas p\u00fablicas de apoyo a Gabriel Pombo da Silva en Espa\u00f1a]<\/p>\n","protected":false},"excerpt":{"rendered":"<p>El anarquista Gabriel Pombo Da Silva se enfrenta a la amenaza der ser extraditado al Estado Italiano tras haber sido procesado por la fiscal\u00ed\u00ada del pa\u00ed\u00ads transalpino en la operaci\u00f3n represiva que se desarroll\u00f3 contra medios libertarios italianos durante el pasado verano de 2012. Desde DV nos sumamos a la campa\u00f1a de solidaridad internacional con&#8230;  <a href=\"https:\/\/diariodevurgos.com\/dvwps\/gabriel-pombo-da-silva-bajo-amenaza-de-extradiccion-a-italia.php\" class=\"more-link\" title=\"Read Gabriel Pombo Da Silva bajo amenaza de extradici\u00f3n a Italia\">Read more &raquo;<\/a><\/p>\n","protected":false},"author":2,"featured_media":0,"comment_status":"open","ping_status":"closed","sticky":false,"template":"","format":"standard","meta":[],"categories":[22,24,17],"tags":[],"_links":{"self":[{"href":"https:\/\/diariodevurgos.com\/dvwps\/wp-json\/wp\/v2\/posts\/10195"}],"collection":[{"href":"https:\/\/diariodevurgos.com\/dvwps\/wp-json\/wp\/v2\/posts"}],"about":[{"href":"https:\/\/diariodevurgos.com\/dvwps\/wp-json\/wp\/v2\/types\/post"}],"author":[{"embeddable":true,"href":"https:\/\/diariodevurgos.com\/dvwps\/wp-json\/wp\/v2\/users\/2"}],"replies":[{"embeddable":true,"href":"https:\/\/diariodevurgos.com\/dvwps\/wp-json\/wp\/v2\/comments?post=10195"}],"version-history":[{"count":4,"href":"https:\/\/diariodevurgos.com\/dvwps\/wp-json\/wp\/v2\/posts\/10195\/revisions"}],"predecessor-version":[{"id":10202,"href":"https:\/\/diariodevurgos.com\/dvwps\/wp-json\/wp\/v2\/posts\/10195\/revisions\/10202"}],"wp:attachment":[{"href":"https:\/\/diariodevurgos.com\/dvwps\/wp-json\/wp\/v2\/media?parent=10195"}],"wp:term":[{"taxonomy":"category","embeddable":true,"href":"https:\/\/diariodevurgos.com\/dvwps\/wp-json\/wp\/v2\/categories?post=10195"},{"taxonomy":"post_tag","embeddable":true,"href":"https:\/\/diariodevurgos.com\/dvwps\/wp-json\/wp\/v2\/tags?post=10195"}],"curies":[{"name":"wp","href":"https:\/\/api.w.org\/{rel}","templated":true}]}}