{"id":10235,"date":"2013-04-17T23:12:49","date_gmt":"2013-04-17T22:12:49","guid":{"rendered":"http:\/\/diariodevurgos.com\/dvwps\/?p=10235"},"modified":"2013-04-18T23:19:25","modified_gmt":"2013-04-18T22:19:25","slug":"actividades-informativas-sobre-los-peligros-de-la-fractura-hidraulica-en-burgos","status":"publish","type":"post","link":"https:\/\/diariodevurgos.com\/dvwps\/actividades-informativas-sobre-los-peligros-de-la-fractura-hidraulica-en-burgos.php","title":{"rendered":"Actividades informativas sobre los peligros de la fractura hidr\u00e1ulica en Burgos"},"content":{"rendered":"<p class=\"lead\">Durante todo este mes de abril se est\u00e1n llevando a cabo charlas informativas por toda la provincia de Burgos para dar a conocer los riesgos que entra\u00f1a la implantaci\u00f3n de la fractura hidr\u00e1ulica, una forma de extracci\u00f3n de gas no convencional que pone en riesgo la salud de las personas y el medio ambiente. Este mismo viernes est\u00e1 previsto el <strong>Foro sobre el fracking en Aralanza <\/strong>y otra serie de actividades que detallamos en el interior de la entrada. Para informarse de las mismas y conocer la convocatoria de manifestaci\u00f3n que se est\u00e1 preparando para el mes de mayo es recomendable visitar <a title=\"Fractura Hidra\u00falica en Burgos NO\" href=\"http:\/\/www.fracturahidraulicaenburgosno.tk\/\">Fractura Hidr\u00e1ulica en Burgos No.<\/a><\/p>\n<p style=\"text-align: center;\"><img loading=\"lazy\" class=\"aligncenter size-full wp-image-10236\" title=\"Cartel FORORURALFRAKING\" src=\"http:\/\/diariodevurgos.com\/dvwps\/wp-content\/uploads\/2013\/04\/Cartel-FORORURALFRAKING.jpg\" alt=\"Cartel FORORURALFRAKING\" width=\"288\" height=\"405\" \/><\/p>\n<p><a title=\"Fractura Hidra\u00falica en Burgos NO\" href=\"http:\/\/www.fracturahidraulicaenburgosno.tk\/\"><\/a><!--more--><\/p>\n<p><strong>VIERNES 19 de Abril.<\/strong> Charla &#8220;Peligros del Fracking en LA BUREBA<br \/>\nLugar: Casa de Cultura\u00a0 de\u00a0\u00a0 BRIVIESCA\u00a0\u00a0 Hora: 19:00<\/p>\n<p><strong>S\u00ed\u0081BADO\u00a0 20 de Abril.<\/strong> Charla Informativa sobre el Fracking.<br \/>\nLugar: Sala Caja Circulo VILLARCAYO\u00a0\u00a0 (Burgos)\u00a0\u00a0 Hora:18:00<\/p>\n<p><strong>LUNES\u00a0 22 de Abril<\/strong>.\u00a0\u00a0 Charla Informativa sobre el Fracking. Hora: 17:30h.<br \/>\nLugar: Centro C\u00ed\u00advico Capiscol_ C\/ Fundaci\u00f3n Sonsoles Ballv\u00e9 n\u00ba 1<\/p>\n<p><strong>LUNES\u00a0 22 de Abril.<\/strong> Charla Informativa sobre el Fracking. Hora: 19:30h.<br \/>\nLugar: Centro C\u00ed\u00advico Gamonal Norte_C\/ Jos\u00e9 Mar\u00ed\u00ada Cod\u00f3n n\u00ba 2<\/p>\n<p><strong>S\u00ed\u0081BADO\u00a0 24 de Abril<\/strong>.\u00a0\u00a0 Charla Informativa sobre el Fracking.Hora: 19:00h.<br \/>\nLugar: Centro C\u00ed\u00advico Rio Vena_C\/ Juan de Padilla s\/n<\/p>\n","protected":false},"excerpt":{"rendered":"<p>Durante todo este mes de abril se est\u00e1n llevando a cabo charlas informativas por toda la provincia de Burgos para dar a conocer los riesgos que entra\u00f1a la implantaci\u00f3n de la fractura hidr\u00e1ulica, una forma de extracci\u00f3n de gas no convencional que pone en riesgo la salud de las personas y el medio ambiente. Este&#8230;  <a href=\"https:\/\/diariodevurgos.com\/dvwps\/actividades-informativas-sobre-los-peligros-de-la-fractura-hidraulica-en-burgos.php\" class=\"more-link\" title=\"Read Actividades informativas sobre los peligros de la fractura hidr\u00e1ulica en Burgos\">Read more &raquo;<\/a><\/p>\n","protected":false},"author":2,"featured_media":0,"comment_status":"open","ping_status":"closed","sticky":false,"template":"","format":"standard","meta":[],"categories":[2,57,54],"tags":[],"_links":{"self":[{"href":"https:\/\/diariodevurgos.com\/dvwps\/wp-json\/wp\/v2\/posts\/10235"}],"collection":[{"href":"https:\/\/diariodevurgos.com\/dvwps\/wp-json\/wp\/v2\/posts"}],"about":[{"href":"https:\/\/diariodevurgos.com\/dvwps\/wp-json\/wp\/v2\/types\/post"}],"author":[{"embeddable":true,"href":"https:\/\/diariodevurgos.com\/dvwps\/wp-json\/wp\/v2\/users\/2"}],"replies":[{"embeddable":true,"href":"https:\/\/diariodevurgos.com\/dvwps\/wp-json\/wp\/v2\/comments?post=10235"}],"version-history":[{"count":3,"href":"https:\/\/diariodevurgos.com\/dvwps\/wp-json\/wp\/v2\/posts\/10235\/revisions"}],"predecessor-version":[{"id":10241,"href":"https:\/\/diariodevurgos.com\/dvwps\/wp-json\/wp\/v2\/posts\/10235\/revisions\/10241"}],"wp:attachment":[{"href":"https:\/\/diariodevurgos.com\/dvwps\/wp-json\/wp\/v2\/media?parent=10235"}],"wp:term":[{"taxonomy":"category","embeddable":true,"href":"https:\/\/diariodevurgos.com\/dvwps\/wp-json\/wp\/v2\/categories?post=10235"},{"taxonomy":"post_tag","embeddable":true,"href":"https:\/\/diariodevurgos.com\/dvwps\/wp-json\/wp\/v2\/tags?post=10235"}],"curies":[{"name":"wp","href":"https:\/\/api.w.org\/{rel}","templated":true}]}}