{"id":10248,"date":"2013-04-20T16:45:06","date_gmt":"2013-04-20T15:45:06","guid":{"rendered":"http:\/\/diariodevurgos.com\/dvwps\/?p=10248"},"modified":"2013-04-20T15:06:19","modified_gmt":"2013-04-20T14:06:19","slug":"encuentro-de-personas-paradas-y-precarias","status":"publish","type":"post","link":"https:\/\/diariodevurgos.com\/dvwps\/encuentro-de-personas-paradas-y-precarias.php","title":{"rendered":"Encuentro de personas paradas y precarias"},"content":{"rendered":"<p style=\"margin-bottom: 0cm\" class=\"lead\">Desde el CSA Zaragalla esta propuesto un encuentro de personas en paro o precarias para este<strong> jueves 25 de Abril a las 19 horas<\/strong> <strong>en paseo de los pisones 19<\/strong>. La intenci\u00f3n de este encuentro es fomentar la auto-organizaci\u00f3n para enfrentarse con dignidad a la situaci\u00f3n en la que se encuentran m\u00e1s de 5 millones de personas en el Estado.Romper con el anonimato y aislamiento para crear los v\u00ed\u00adnculos para buscar las alternativas a la situaci\u00f3n actual.<\/p>\n<p style=\"margin-bottom: 0cm; text-align: center;\"><a href=\"http:\/\/diariodevurgos.com\/dvwps\/wp-content\/uploads\/2013\/04\/Cartel-asamblea-de-paradxs.definitivo.jpg\"><img loading=\"lazy\" class=\"size-medium wp-image-10249 aligncenter\" title=\"Cartel asamblea de paradxs.definitivo\" src=\"http:\/\/diariodevurgos.com\/dvwps\/wp-content\/uploads\/2013\/04\/Cartel-asamblea-de-paradxs.definitivo-300x212.jpg\" alt=\"Cartel asamblea de paradxs.definitivo\" width=\"300\" height=\"212\" srcset=\"https:\/\/diariodevurgos.com\/dvwps\/wp-content\/uploads\/2013\/04\/Cartel-asamblea-de-paradxs.definitivo-300x212.jpg 300w, https:\/\/diariodevurgos.com\/dvwps\/wp-content\/uploads\/2013\/04\/Cartel-asamblea-de-paradxs.definitivo-1024x724.jpg 1024w\" sizes=\"(max-width: 300px) 100vw, 300px\" \/><\/a><\/p>\n","protected":false},"excerpt":{"rendered":"<p>Desde el CSA Zaragalla esta propuesto un encuentro de personas en paro o precarias para este jueves 25 de Abril a las 19 horas en paseo de los pisones 19. La intenci\u00f3n de este encuentro es fomentar la auto-organizaci\u00f3n para enfrentarse con dignidad a la situaci\u00f3n en la que se encuentran m\u00e1s de 5 millones&#8230;  <a href=\"https:\/\/diariodevurgos.com\/dvwps\/encuentro-de-personas-paradas-y-precarias.php\" class=\"more-link\" title=\"Read Encuentro de personas paradas y precarias\">Read more &raquo;<\/a><\/p>\n","protected":false},"author":8,"featured_media":0,"comment_status":"open","ping_status":"closed","sticky":false,"template":"","format":"standard","meta":[],"categories":[2,57,53],"tags":[],"_links":{"self":[{"href":"https:\/\/diariodevurgos.com\/dvwps\/wp-json\/wp\/v2\/posts\/10248"}],"collection":[{"href":"https:\/\/diariodevurgos.com\/dvwps\/wp-json\/wp\/v2\/posts"}],"about":[{"href":"https:\/\/diariodevurgos.com\/dvwps\/wp-json\/wp\/v2\/types\/post"}],"author":[{"embeddable":true,"href":"https:\/\/diariodevurgos.com\/dvwps\/wp-json\/wp\/v2\/users\/8"}],"replies":[{"embeddable":true,"href":"https:\/\/diariodevurgos.com\/dvwps\/wp-json\/wp\/v2\/comments?post=10248"}],"version-history":[{"count":5,"href":"https:\/\/diariodevurgos.com\/dvwps\/wp-json\/wp\/v2\/posts\/10248\/revisions"}],"predecessor-version":[{"id":10254,"href":"https:\/\/diariodevurgos.com\/dvwps\/wp-json\/wp\/v2\/posts\/10248\/revisions\/10254"}],"wp:attachment":[{"href":"https:\/\/diariodevurgos.com\/dvwps\/wp-json\/wp\/v2\/media?parent=10248"}],"wp:term":[{"taxonomy":"category","embeddable":true,"href":"https:\/\/diariodevurgos.com\/dvwps\/wp-json\/wp\/v2\/categories?post=10248"},{"taxonomy":"post_tag","embeddable":true,"href":"https:\/\/diariodevurgos.com\/dvwps\/wp-json\/wp\/v2\/tags?post=10248"}],"curies":[{"name":"wp","href":"https:\/\/api.w.org\/{rel}","templated":true}]}}