{"id":10279,"date":"2013-04-24T17:07:08","date_gmt":"2013-04-24T16:07:08","guid":{"rendered":"http:\/\/diariodevurgos.com\/dvwps\/?p=10279"},"modified":"2013-04-24T17:07:08","modified_gmt":"2013-04-24T16:07:08","slug":"asediar-el-congreso","status":"publish","type":"post","link":"https:\/\/diariodevurgos.com\/dvwps\/asediar-el-congreso.php","title":{"rendered":"Asediar el congreso"},"content":{"rendered":"<p class=\"lead\">Ma\u00f1ana mismo, 25 de abril de 2013, bajo el lema <em>asedia el congreso<\/em>, miles de personas se dar\u00e1n cita frente al <strong>Congreso de los Diputados en Madrid <\/strong>con la intenci\u00f3n de expresar su rechazo de forma masiva ante la actual situaci\u00f3n pol\u00ed\u00adtica y social. M\u00e1s all\u00e1 de pol\u00e9micas interesadas fomentadas por los media, desconocemos si tal y como plantean<a title=\"Plataforma en pie\" href=\"http:\/\/plataformaenpie.wordpress.com\/\"> los promotores de esta iniciativa <\/a>el <strong>25-A<\/strong> <em>ser\u00e1 un punto de inflexi\u00f3n para la historia<\/em> <em>de Espa\u00f1a<\/em>, pero no cabe duda de que en los tiempos que nos ha tocado vivir es necesario actuar de forma colectiva, en Madrid o en cualquier otro lugar, apostando por la transformaci\u00f3n real del actual estado de las cosas.<\/p>\n<p style=\"text-align: center;\"><img loading=\"lazy\" class=\"aligncenter size-full wp-image-10280\" title=\"cropped-asedia-el-congreso-cartel-horizontal1\" src=\"http:\/\/diariodevurgos.com\/dvwps\/wp-content\/uploads\/2013\/04\/cropped-asedia-el-congreso-cartel-horizontal1.jpg\" alt=\"cropped-asedia-el-congreso-cartel-horizontal1\" width=\"514\" height=\"108\" srcset=\"https:\/\/diariodevurgos.com\/dvwps\/wp-content\/uploads\/2013\/04\/cropped-asedia-el-congreso-cartel-horizontal1.jpg 939w, https:\/\/diariodevurgos.com\/dvwps\/wp-content\/uploads\/2013\/04\/cropped-asedia-el-congreso-cartel-horizontal1-300x63.jpg 300w\" sizes=\"(max-width: 514px) 100vw, 514px\" \/><\/p>\n","protected":false},"excerpt":{"rendered":"<p>Ma\u00f1ana mismo, 25 de abril de 2013, bajo el lema asedia el congreso, miles de personas se dar\u00e1n cita frente al Congreso de los Diputados en Madrid con la intenci\u00f3n de expresar su rechazo de forma masiva ante la actual situaci\u00f3n pol\u00ed\u00adtica y social. M\u00e1s all\u00e1 de pol\u00e9micas interesadas fomentadas por los media, desconocemos si&#8230;  <a href=\"https:\/\/diariodevurgos.com\/dvwps\/asediar-el-congreso.php\" class=\"more-link\" title=\"Read Asediar el congreso\">Read more &raquo;<\/a><\/p>\n","protected":false},"author":2,"featured_media":0,"comment_status":"open","ping_status":"closed","sticky":false,"template":"","format":"standard","meta":[],"categories":[57,49],"tags":[],"_links":{"self":[{"href":"https:\/\/diariodevurgos.com\/dvwps\/wp-json\/wp\/v2\/posts\/10279"}],"collection":[{"href":"https:\/\/diariodevurgos.com\/dvwps\/wp-json\/wp\/v2\/posts"}],"about":[{"href":"https:\/\/diariodevurgos.com\/dvwps\/wp-json\/wp\/v2\/types\/post"}],"author":[{"embeddable":true,"href":"https:\/\/diariodevurgos.com\/dvwps\/wp-json\/wp\/v2\/users\/2"}],"replies":[{"embeddable":true,"href":"https:\/\/diariodevurgos.com\/dvwps\/wp-json\/wp\/v2\/comments?post=10279"}],"version-history":[{"count":1,"href":"https:\/\/diariodevurgos.com\/dvwps\/wp-json\/wp\/v2\/posts\/10279\/revisions"}],"predecessor-version":[{"id":10281,"href":"https:\/\/diariodevurgos.com\/dvwps\/wp-json\/wp\/v2\/posts\/10279\/revisions\/10281"}],"wp:attachment":[{"href":"https:\/\/diariodevurgos.com\/dvwps\/wp-json\/wp\/v2\/media?parent=10279"}],"wp:term":[{"taxonomy":"category","embeddable":true,"href":"https:\/\/diariodevurgos.com\/dvwps\/wp-json\/wp\/v2\/categories?post=10279"},{"taxonomy":"post_tag","embeddable":true,"href":"https:\/\/diariodevurgos.com\/dvwps\/wp-json\/wp\/v2\/tags?post=10279"}],"curies":[{"name":"wp","href":"https:\/\/api.w.org\/{rel}","templated":true}]}}