{"id":10305,"date":"2013-04-30T16:24:40","date_gmt":"2013-04-30T15:24:40","guid":{"rendered":"http:\/\/diariodevurgos.com\/dvwps\/?p=10305"},"modified":"2013-04-30T16:24:40","modified_gmt":"2013-04-30T15:24:40","slug":"otra-agresion-fascista-a-un-joven-vallisoletano","status":"publish","type":"post","link":"https:\/\/diariodevurgos.com\/dvwps\/otra-agresion-fascista-a-un-joven-vallisoletano.php","title":{"rendered":"Otra agresi\u00f3n fascista a un joven vallisoletano"},"content":{"rendered":"<p class=\"lead\"><a href=\"http:\/\/diariodevurgos.com\/dvwps\/wp-content\/uploads\/2013\/04\/cartelbarrioscontraelracismo.jpg\"><img loading=\"lazy\" class=\"alignright size-medium wp-image-10306\" title=\"cartelbarrioscontraelracismo\" src=\"http:\/\/diariodevurgos.com\/dvwps\/wp-content\/uploads\/2013\/04\/cartelbarrioscontraelracismo-212x300.jpg\" alt=\"cartelbarrioscontraelracismo\" width=\"212\" height=\"300\" srcset=\"https:\/\/diariodevurgos.com\/dvwps\/wp-content\/uploads\/2013\/04\/cartelbarrioscontraelracismo-212x300.jpg 212w, https:\/\/diariodevurgos.com\/dvwps\/wp-content\/uploads\/2013\/04\/cartelbarrioscontraelracismo.jpg 283w\" sizes=\"(max-width: 212px) 100vw, 212px\" \/><\/a><a href=\"http:\/\/valladolorentodaspartes.blogspot.com.es\/2013\/04\/ninguna-agresion-sin-respuesta.html\">Fuente:Valladolorentodaspartes:<\/a><\/p>\n<p>Durante la noche de este pasado s\u00e1bado 27 un neonazi ha asestado tres  pu\u00f1aladas a un joven vallisoletano integrante de un grupo musical de la  ciudad, teniendo que ser ingresado en el hospital cl\u00ed\u00adnico; actualmente  se encuentra fuera de peligro. El agresor, quien tiene historial de  varias agresiones y peleas, sigue en nuestras calles tranquilamente.<\/p>\n<p>Una agresi\u00f3n fascista m\u00e1s a sumar a la larga lista, que se ha visto  engrosada en los \u00faltimos meses con el repunte de actividad debido a la  apertura de la sede que Democracia Nacional ha instalado en la calle  Pe\u00f1a de Francia n\u00ba 13 (antiguo bar Puerto Plata). No es casualidad que  los navajazos se den el mismo fin de semana que ha tenido lugar una  manifestaci\u00f3n fascista, camuflada de &#8220;sindicato estudiantil&#8221;\u009d que se  realiz\u00f3 el viernes en la ciudad, con asistencia de neonazis de varios  lugares del estado.<br \/>\n<!--more--><br \/>\nEs necesaria una respuesta activa contra estos elementos que no tienen  cabida en nuestros barrios, en nuestras calles, en nuestras ciudades.<br \/>\nDenunciar y se\u00f1alar a los fascistas es el primer paso para detenerles;  hay que salir a la calle, movilizarse y\u00a0 mostrar clara y frontalmente  nuestro rechazo, dejando bien claro que no vamos a permitir ni una  agresi\u00f3n m\u00e1s.<\/p>\n<p>Animamos a toda la poblaci\u00f3n a organizarse y participar en los actos que  se realizar\u00e1n para continuar la lucha contra el racismo, el fascismo y  la xenofobia.<\/p>\n<p><span style=\"font-size: large;\"><strong>\u00a1Ning\u00fan espacio para el fascismo!<\/p>\n<p>\u00a1Ninguna agresi\u00f3n sin respuesta!<\/strong><\/span><\/p>\n","protected":false},"excerpt":{"rendered":"<p>Fuente:Valladolorentodaspartes: Durante la noche de este pasado s\u00e1bado 27 un neonazi ha asestado tres pu\u00f1aladas a un joven vallisoletano integrante de un grupo musical de la ciudad, teniendo que ser ingresado en el hospital cl\u00ed\u00adnico; actualmente se encuentra fuera de peligro. El agresor, quien tiene historial de varias agresiones y peleas, sigue en nuestras calles&#8230;  <a href=\"https:\/\/diariodevurgos.com\/dvwps\/otra-agresion-fascista-a-un-joven-vallisoletano.php\" class=\"more-link\" title=\"Read Otra agresi\u00f3n fascista a un joven vallisoletano\">Read more &raquo;<\/a><\/p>\n","protected":false},"author":8,"featured_media":0,"comment_status":"open","ping_status":"closed","sticky":false,"template":"","format":"standard","meta":[],"categories":[31],"tags":[],"_links":{"self":[{"href":"https:\/\/diariodevurgos.com\/dvwps\/wp-json\/wp\/v2\/posts\/10305"}],"collection":[{"href":"https:\/\/diariodevurgos.com\/dvwps\/wp-json\/wp\/v2\/posts"}],"about":[{"href":"https:\/\/diariodevurgos.com\/dvwps\/wp-json\/wp\/v2\/types\/post"}],"author":[{"embeddable":true,"href":"https:\/\/diariodevurgos.com\/dvwps\/wp-json\/wp\/v2\/users\/8"}],"replies":[{"embeddable":true,"href":"https:\/\/diariodevurgos.com\/dvwps\/wp-json\/wp\/v2\/comments?post=10305"}],"version-history":[{"count":3,"href":"https:\/\/diariodevurgos.com\/dvwps\/wp-json\/wp\/v2\/posts\/10305\/revisions"}],"predecessor-version":[{"id":10309,"href":"https:\/\/diariodevurgos.com\/dvwps\/wp-json\/wp\/v2\/posts\/10305\/revisions\/10309"}],"wp:attachment":[{"href":"https:\/\/diariodevurgos.com\/dvwps\/wp-json\/wp\/v2\/media?parent=10305"}],"wp:term":[{"taxonomy":"category","embeddable":true,"href":"https:\/\/diariodevurgos.com\/dvwps\/wp-json\/wp\/v2\/categories?post=10305"},{"taxonomy":"post_tag","embeddable":true,"href":"https:\/\/diariodevurgos.com\/dvwps\/wp-json\/wp\/v2\/tags?post=10305"}],"curies":[{"name":"wp","href":"https:\/\/api.w.org\/{rel}","templated":true}]}}