{"id":1067,"date":"2007-12-19T19:31:00","date_gmt":"2007-12-19T18:31:00","guid":{"rendered":"http:\/\/diariodevurgos.com\/dvwps\/concentracion-solidaria-con-david.php"},"modified":"2007-12-20T16:37:40","modified_gmt":"2007-12-20T15:37:40","slug":"concentracion-solidaria-con-david","status":"publish","type":"post","link":"https:\/\/diariodevurgos.com\/dvwps\/concentracion-solidaria-con-david.php","title":{"rendered":"Concentraci\u00f3n solidaria con David"},"content":{"rendered":"<p class=\"lead\"><img align=\"right\" alt=\"energia-accion-b.jpg\" title=\"energia-accion-b.jpg\" id=\"image108\" src=\"http:\/\/diariodevurgos.com\/dvwps\/wp-content\/uploads\/2007\/01\/energia-accion-b.jpg\" \/>El pr\u00f3ximo <strong>s\u00e1bado 29 de diciembre<\/strong> se ha convocado una <strong>concentraci\u00f3n<\/strong> solidaria con David, un joven que lleva encarcelado en el centro de reclusi\u00f3n de menores Maria Zambrana de Valladolid desde el 24 de mayo de 2007.<\/p>\n<p><!--more--><br \/>\nDavid fue <a title=\"David \" href=\"http:\/\/diariodevurgos.com\/dvwps\/david-continua-encarcelado.php\"><strong>detenido en mayo de 2007<\/strong><\/a> acusado de agredir a un turbio personaje que dirige un partido ultraderechista en Burgos. Un episodio del que solo se ha divulgado la deformada versi\u00f3n ofrecida por este oscuro personaje, difundida ampliamente por los<em> media<\/em> locales y posteriormente aprovechada de forma elctoralista.<\/p>\n<p><strong>Sabado 29 de Diciembre<br \/>\nPlaza del Cid<br \/>\n20.00 Horas<\/strong><\/p>\n<p><em>David a la calle!!<br \/>\nAbajo los muros de las prisiones!!<\/em><\/p>\n","protected":false},"excerpt":{"rendered":"<p>El pr\u00f3ximo s\u00e1bado 29 de diciembre se ha convocado una concentraci\u00f3n solidaria con David, un joven que lleva encarcelado en el centro de reclusi\u00f3n de menores Maria Zambrana de Valladolid desde el 24 de mayo de 2007.<\/p>\n","protected":false},"author":9,"featured_media":0,"comment_status":"open","ping_status":"closed","sticky":false,"template":"","format":"standard","meta":[],"categories":[2,22],"tags":[],"_links":{"self":[{"href":"https:\/\/diariodevurgos.com\/dvwps\/wp-json\/wp\/v2\/posts\/1067"}],"collection":[{"href":"https:\/\/diariodevurgos.com\/dvwps\/wp-json\/wp\/v2\/posts"}],"about":[{"href":"https:\/\/diariodevurgos.com\/dvwps\/wp-json\/wp\/v2\/types\/post"}],"author":[{"embeddable":true,"href":"https:\/\/diariodevurgos.com\/dvwps\/wp-json\/wp\/v2\/users\/9"}],"replies":[{"embeddable":true,"href":"https:\/\/diariodevurgos.com\/dvwps\/wp-json\/wp\/v2\/comments?post=1067"}],"version-history":[{"count":0,"href":"https:\/\/diariodevurgos.com\/dvwps\/wp-json\/wp\/v2\/posts\/1067\/revisions"}],"wp:attachment":[{"href":"https:\/\/diariodevurgos.com\/dvwps\/wp-json\/wp\/v2\/media?parent=1067"}],"wp:term":[{"taxonomy":"category","embeddable":true,"href":"https:\/\/diariodevurgos.com\/dvwps\/wp-json\/wp\/v2\/categories?post=1067"},{"taxonomy":"post_tag","embeddable":true,"href":"https:\/\/diariodevurgos.com\/dvwps\/wp-json\/wp\/v2\/tags?post=1067"}],"curies":[{"name":"wp","href":"https:\/\/api.w.org\/{rel}","templated":true}]}}