{"id":10699,"date":"2013-07-08T17:40:17","date_gmt":"2013-07-08T16:40:17","guid":{"rendered":"http:\/\/diariodevurgos.com\/dvwps\/?p=10699"},"modified":"2018-12-06T10:55:30","modified_gmt":"2018-12-06T09:55:30","slug":"torturas-en-el-centro-penitenciario-de-burgos","status":"publish","type":"post","link":"https:\/\/diariodevurgos.com\/dvwps\/torturas-en-el-centro-penitenciario-de-burgos.php","title":{"rendered":"Torturas en el Centro Penitenciario de Burgos"},"content":{"rendered":"<p class=\"lead\">El pasado 5 de julio de 2013 Javier Callejo, ex-recluso del centro Penitenciario de Burgos, denunci\u00f3 p\u00fablicamente frente a los Juzgados de la Avenida Reyes Cat\u00f3licos los malos tratos recibidos mientras se encontraba internado en la prisi\u00f3n burgalesa de la que recientemente ha sido excarcelado. Callejo declara haber sido agredido por varios funcionarios mientras se encontraba inmovilizado de pies y manos en una cama de sujeci\u00f3n mec\u00e1nica, episodio que le ha reportado lesiones de por vida.<\/p>\n<p style=\"text-align: center;\"><img loading=\"lazy\" class=\"aligncenter size-full wp-image-10700\" title=\"Torturas CP Burgos 2\" src=\"http:\/\/diariodevurgos.com\/dvwps\/wp-content\/uploads\/2013\/07\/Torturas-CP-Burgos-2.JPG\" alt=\"Torturas CP Burgos 2\" width=\"342\" height=\"256\" srcset=\"https:\/\/diariodevurgos.com\/dvwps\/wp-content\/uploads\/2013\/07\/Torturas-CP-Burgos-2.JPG 1824w, https:\/\/diariodevurgos.com\/dvwps\/wp-content\/uploads\/2013\/07\/Torturas-CP-Burgos-2-300x225.jpg 300w, https:\/\/diariodevurgos.com\/dvwps\/wp-content\/uploads\/2013\/07\/Torturas-CP-Burgos-2-1024x768.jpg 1024w\" sizes=\"(max-width: 342px) 100vw, 342px\" \/><\/p>\n<p>Con esta protesta Javier Callejo reclama <strong>el fin de la tortura en prisi\u00f3n <\/strong>y la destituci\u00f3n de los funcionarios implicados en la agresi\u00f3n as\u00ed\u00ad como la del director del Centro Penitenciario de Burgos.<!--more--><\/p>\n<p>Provisto de una s\u00e1bana del propio Centro Penitenciario de Burgos que le sirvi\u00f3 para hacer p\u00fablicas su denuncias por malos tratos, el pasado viernes 5 de julio de 2013 <strong>Javier Callejo<\/strong> se plant\u00f3 delante de los Juzgados de la avenida de Reyes Cat\u00f3licos para expresar a cualquiera que quisiera escucharlo la agresi\u00f3n de la que ha sido v\u00ed\u00adctima en la prisi\u00f3n burgalesa. En declaraciones a <strong>DV<\/strong> el propio Javier explic\u00f3 como durante su \u00faltima estancia en prisi\u00f3n fue salvajemente agredido por varios grupos de funcionarios que lo inmovilizaron de pies y manos dej\u00e1ndolo atado a una de las denominadas camas de sujeci\u00f3n mec\u00e1nicas donde, seg\u00fan relata, contin\u00fao siendo agredido.\u00a0 A trav\u00e9s del siguiente enlace puede escucharse la versi\u00f3n de Javier Callejo sobre <a title=\"Entrevista con Javeier Callejo\" href=\"https:\/\/archive.org\/download\/JavierVallejo\/Javier%20Vallejo.mp3\">c\u00f3mo se desarrollaron los hechos<br \/>\n<\/a><br \/>\nLa agresi\u00f3n, en la que est\u00e1n<strong> implicados hasta 15 funcionarios del Centro Penitenciario de Burgos,<\/strong> ha sido denunciada puntualmente encontr\u00e1ndose actualmente en fase de diligencias previas.<\/p>\n<p style=\"text-align: center;\"><img loading=\"lazy\" class=\"aligncenter size-full wp-image-10701\" title=\"Torturas CP Burgos 1\" src=\"http:\/\/diariodevurgos.com\/dvwps\/wp-content\/uploads\/2013\/07\/Torturas-CP-Burgos-1.JPG\" alt=\"Torturas CP Burgos 1\" width=\"428\" height=\"321\" srcset=\"https:\/\/diariodevurgos.com\/dvwps\/wp-content\/uploads\/2013\/07\/Torturas-CP-Burgos-1.JPG 1824w, https:\/\/diariodevurgos.com\/dvwps\/wp-content\/uploads\/2013\/07\/Torturas-CP-Burgos-1-300x225.jpg 300w, https:\/\/diariodevurgos.com\/dvwps\/wp-content\/uploads\/2013\/07\/Torturas-CP-Burgos-1-1024x768.jpg 1024w\" sizes=\"(max-width: 428px) 100vw, 428px\" \/><\/p>\n<p>Tras estos hechos <strong>Javier Callejo denuncia sufrir una lesi\u00f3n cr\u00f3nica<\/strong> en el tal\u00f3n izquierdo lo que le imposibilita caminar con normalidad teniendo que hacer uso de muletas dificultando a\u00fan m\u00e1s si cabe la posibilidad de incorporarse su vida cotidiana.<\/p>\n<p>Javier sabe que probablemente se quedar\u00e1 cojo de por vida, pero no duda ni un \u00e1pice en denunciar p\u00fablicamente\u00a0 con toda la energ\u00ed\u00ada de su vida truncada por los periplos carcelarios que <strong>la tortura es una pr\u00e1ctica habitual en los centros penitenciarios<\/strong>, y que el de Burgos, no es ninguna excepci\u00f3n.<\/p>\n","protected":false},"excerpt":{"rendered":"<p>El pasado 5 de julio de 2013 Javier Callejo, ex-recluso del centro Penitenciario de Burgos, denunci\u00f3 p\u00fablicamente frente a los Juzgados de la Avenida Reyes Cat\u00f3licos los malos tratos recibidos mientras se encontraba internado en la prisi\u00f3n burgalesa de la que recientemente ha sido excarcelado. Callejo declara haber sido agredido por varios funcionarios mientras se&#8230;  <a href=\"https:\/\/diariodevurgos.com\/dvwps\/torturas-en-el-centro-penitenciario-de-burgos.php\" class=\"more-link\" title=\"Read Torturas en el Centro Penitenciario de Burgos\">Read more &raquo;<\/a><\/p>\n","protected":false},"author":2,"featured_media":0,"comment_status":"open","ping_status":"closed","sticky":false,"template":"","format":"standard","meta":[],"categories":[2,22,64,17],"tags":[],"_links":{"self":[{"href":"https:\/\/diariodevurgos.com\/dvwps\/wp-json\/wp\/v2\/posts\/10699"}],"collection":[{"href":"https:\/\/diariodevurgos.com\/dvwps\/wp-json\/wp\/v2\/posts"}],"about":[{"href":"https:\/\/diariodevurgos.com\/dvwps\/wp-json\/wp\/v2\/types\/post"}],"author":[{"embeddable":true,"href":"https:\/\/diariodevurgos.com\/dvwps\/wp-json\/wp\/v2\/users\/2"}],"replies":[{"embeddable":true,"href":"https:\/\/diariodevurgos.com\/dvwps\/wp-json\/wp\/v2\/comments?post=10699"}],"version-history":[{"count":6,"href":"https:\/\/diariodevurgos.com\/dvwps\/wp-json\/wp\/v2\/posts\/10699\/revisions"}],"predecessor-version":[{"id":20914,"href":"https:\/\/diariodevurgos.com\/dvwps\/wp-json\/wp\/v2\/posts\/10699\/revisions\/20914"}],"wp:attachment":[{"href":"https:\/\/diariodevurgos.com\/dvwps\/wp-json\/wp\/v2\/media?parent=10699"}],"wp:term":[{"taxonomy":"category","embeddable":true,"href":"https:\/\/diariodevurgos.com\/dvwps\/wp-json\/wp\/v2\/categories?post=10699"},{"taxonomy":"post_tag","embeddable":true,"href":"https:\/\/diariodevurgos.com\/dvwps\/wp-json\/wp\/v2\/tags?post=10699"}],"curies":[{"name":"wp","href":"https:\/\/api.w.org\/{rel}","templated":true}]}}