{"id":10797,"date":"2013-08-04T15:00:56","date_gmt":"2013-08-04T14:00:56","guid":{"rendered":"http:\/\/diariodevurgos.com\/dvwps\/?p=10797"},"modified":"2013-08-03T21:17:29","modified_gmt":"2013-08-03T20:17:29","slug":"i-don%c2%b4tfac-2013","status":"publish","type":"post","link":"https:\/\/diariodevurgos.com\/dvwps\/i-don%c2%b4tfac-2013.php","title":{"rendered":"I (don\u00b4t)FAC 2013"},"content":{"rendered":"<p class=\"lead\"><a href=\"http:\/\/diariodevurgos.com\/dvwps\/wp-content\/uploads\/2013\/08\/IDONTFAC.jpg\"><img loading=\"lazy\" class=\"aligncenter size-full wp-image-10798\" title=\"IDONTFAC\" src=\"http:\/\/diariodevurgos.com\/dvwps\/wp-content\/uploads\/2013\/08\/IDONTFAC.jpg\" alt=\"IDONTFAC\" width=\"781\" height=\"398\" srcset=\"https:\/\/diariodevurgos.com\/dvwps\/wp-content\/uploads\/2013\/08\/IDONTFAC.jpg 781w, https:\/\/diariodevurgos.com\/dvwps\/wp-content\/uploads\/2013\/08\/IDONTFAC-300x152.jpg 300w\" sizes=\"(max-width: 781px) 100vw, 781px\" \/><\/a><a href=\"http:\/\/idontfac.wordpress.com\/\">I[don&#8217;t]FAC <\/a>es <strong>el antifestival que celebrar\u00e1 en Agosto de 2013 en Covarrubias<\/strong> (Burgos), en perpendicular \u2013m\u00e1s que en paralelo- al IFAC2013. Ante este festival de arte y construcci\u00f3n en el medio rural, la dial\u00e9ctica a grito pelado del I[don&#8217;t]FAC explorar\u00e1 colectivamente los reversos tenebrosos tanto del medio rural, como del arte y la construcci\u00f3n. Enfrentarnos a este monstruo de dos cabezas nos conducir\u00e1 a otras lacras gemelas que tambi\u00e9n padecemos a diario: el dinero y el trabajo, la propiedad y la autoridad.<\/p>\n","protected":false},"excerpt":{"rendered":"<p>I[don&#8217;t]FAC es el antifestival que celebrar\u00e1 en Agosto de 2013 en Covarrubias (Burgos), en perpendicular \u2013m\u00e1s que en paralelo- al IFAC2013. Ante este festival de arte y construcci\u00f3n en el medio rural, la dial\u00e9ctica a grito pelado del I[don&#8217;t]FAC explorar\u00e1 colectivamente los reversos tenebrosos tanto del medio rural, como del arte y la construcci\u00f3n. Enfrentarnos&#8230;  <a href=\"https:\/\/diariodevurgos.com\/dvwps\/i-don%c2%b4tfac-2013.php\" class=\"more-link\" title=\"Read I (don\u00b4t)FAC 2013\">Read more &raquo;<\/a><\/p>\n","protected":false},"author":8,"featured_media":0,"comment_status":"open","ping_status":"closed","sticky":false,"template":"","format":"standard","meta":[],"categories":[62],"tags":[],"_links":{"self":[{"href":"https:\/\/diariodevurgos.com\/dvwps\/wp-json\/wp\/v2\/posts\/10797"}],"collection":[{"href":"https:\/\/diariodevurgos.com\/dvwps\/wp-json\/wp\/v2\/posts"}],"about":[{"href":"https:\/\/diariodevurgos.com\/dvwps\/wp-json\/wp\/v2\/types\/post"}],"author":[{"embeddable":true,"href":"https:\/\/diariodevurgos.com\/dvwps\/wp-json\/wp\/v2\/users\/8"}],"replies":[{"embeddable":true,"href":"https:\/\/diariodevurgos.com\/dvwps\/wp-json\/wp\/v2\/comments?post=10797"}],"version-history":[{"count":5,"href":"https:\/\/diariodevurgos.com\/dvwps\/wp-json\/wp\/v2\/posts\/10797\/revisions"}],"predecessor-version":[{"id":10803,"href":"https:\/\/diariodevurgos.com\/dvwps\/wp-json\/wp\/v2\/posts\/10797\/revisions\/10803"}],"wp:attachment":[{"href":"https:\/\/diariodevurgos.com\/dvwps\/wp-json\/wp\/v2\/media?parent=10797"}],"wp:term":[{"taxonomy":"category","embeddable":true,"href":"https:\/\/diariodevurgos.com\/dvwps\/wp-json\/wp\/v2\/categories?post=10797"},{"taxonomy":"post_tag","embeddable":true,"href":"https:\/\/diariodevurgos.com\/dvwps\/wp-json\/wp\/v2\/tags?post=10797"}],"curies":[{"name":"wp","href":"https:\/\/api.w.org\/{rel}","templated":true}]}}