{"id":10804,"date":"2013-08-05T17:27:32","date_gmt":"2013-08-05T16:27:32","guid":{"rendered":"http:\/\/diariodevurgos.com\/dvwps\/?p=10804"},"modified":"2013-09-01T21:45:34","modified_gmt":"2013-09-01T20:45:34","slug":"la-legion-condor-y-la-gestapo-en-la-capital-de-la-cruzada-la-sombra-del-iii-reich-sobre-burgos-ii","status":"publish","type":"post","link":"https:\/\/diariodevurgos.com\/dvwps\/la-legion-condor-y-la-gestapo-en-la-capital-de-la-cruzada-la-sombra-del-iii-reich-sobre-burgos-ii.php","title":{"rendered":"La Legi\u00f3n Condor y la Gestapo en la Capital de la Cruzada. La sombra del III Reich sobre Burgos II"},"content":{"rendered":"<p class=\"lead\">La sombra de la Alemania nazi no dej\u00f3 de proyectarse sobre las calles de Burgos durante todo el transcurso de la Guerra Civil Espa\u00f1ola.\u00a0 En la <em>Capital de la Cruzad<\/em>a no era raro toparse con imponentes desfiles de las tropas del III Reich cuya espectacular disposici\u00f3n sorprend\u00ed\u00ada a propios y extra\u00f1os. Entre sus edificios se lleg\u00f3 a cobijar una oficina de la<a title=\"GESTAPO\" href=\"http:\/\/es.wikipedia.org\/wiki\/Gestapo\"> GESTAPO,<\/a> la temible polic\u00ed\u00ada secreta de Hitler, que cont\u00f3 en Burgos con su principal centro neur\u00e1lgico durante gran parte del conflicto b\u00e9lico.<\/p>\n<p style=\"text-align: center;\"><img loading=\"lazy\" class=\"aligncenter size-full wp-image-10805\" title=\"Legion Condor(Espolon) - copia\" src=\"http:\/\/diariodevurgos.com\/dvwps\/wp-content\/uploads\/2013\/08\/Legion-CondorEspolon-copia.jpg\" alt=\"Legion Condor(Espolon) - copia\" width=\"453\" height=\"286\" srcset=\"https:\/\/diariodevurgos.com\/dvwps\/wp-content\/uploads\/2013\/08\/Legion-CondorEspolon-copia.jpg 1320w, https:\/\/diariodevurgos.com\/dvwps\/wp-content\/uploads\/2013\/08\/Legion-CondorEspolon-copia-300x190.jpg 300w, https:\/\/diariodevurgos.com\/dvwps\/wp-content\/uploads\/2013\/08\/Legion-CondorEspolon-copia-1024x649.jpg 1024w\" sizes=\"(max-width: 453px) 100vw, 453px\" \/><span style=\"text-align: left;\"> <\/span><\/p>\n<p><span style=\"text-align: left;\">\u00bfQu\u00e9 huellas en nuestra actual ciudad revelan el paso por sus calles de las tropas de la <\/span><em>Luftwaffe?<\/em><span style=\"text-align: left;\"> \u00bf Cu\u00e1l era la misi\u00f3n que los agentes de la GESTAPO desempe\u00f1aban en Burgos?. Interrogantes que trata de resolver nuestro colaborador habitual <\/span><strong>Modesto Agust\u00ed\u00ad<\/strong><span style=\"text-align: left;\"> en la segunda parte del ciclo tem\u00e1tico <\/span><a style=\"text-align: left;\" title=\"La Sombra del III Reich sobre Burgos. Primera Parte\" href=\"http:\/\/diariodevurgos.com\/dvwps\/la-sombra-del-iii-reich-en-burgos.php\">La Sombra del III Reich sobre Burgos<\/a><\/p>\n<p style=\"text-align: left;\"><!--more--><\/p>\n<p>La sombra del III Reich se proyect\u00f3 alargadamente sobre la ciudad de Burgos en aquel periodo en el que nuestra ciudad fue conocida como la <em>Capital de la Cruzada,<\/em> santuario de esa parte de Espa\u00f1a que se afanaba en borrar del mapa a la otra. En el <a title=\"La Sombra del III Reich sobre Burgos. Primera Parte\" href=\"http:\/\/diariodevurgos.com\/dvwps\/la-sombra-del-iii-reich-en-burgos.php\">anterior art\u00ed\u00adculo<\/a> trat\u00e9 de exponer c\u00f3mo la inestimable ayuda de la Alemania nazi fue decisiva para que la victoria se decantase finamente hacia el bando franquista durante la Guerra Civil. La Legi\u00f3n Condor, fuerza de intervenci\u00f3n mayoritariamente a\u00e9rea que depend\u00ed\u00ada de la<em> Luftwaffe<\/em>, fue la principal aportaci\u00f3n que Hitler realiz\u00f3 en el conflicto b\u00e9lico espa\u00f1ol, una guerra que se convertir\u00e1 en preludio y\u00a0 laboratorio de pruebas de la locura megal\u00f3mana que los seguidores de la esv\u00e1stica no tardar\u00e1n en desatar.<\/p>\n<p>Burgos, por su estrat\u00e9gica situaci\u00f3n geogr\u00e1fica y por su especial idiosincrasia pol\u00ed\u00adtica, fue uno de los escenarios donde la presencia de la Leg\u00f3n Condor no pas\u00f3 desapercibida. Desde algunos de sus edificios m\u00e1s significativos se planearon operaciones tan destructivas como la del <a title=\"Bombardeo de Gernika\" href=\"http:\/\/thejailynews.blogspot.com.es\/2011\/04\/gernika-san-pedro-y-los-thalmanns.html\">bombardeo de Guernica<\/a>, cuyas repercusiones internacionales hicieron que el aparato de propaganda franquista tuviera que apresurarse en desmentir la autor\u00ed\u00ada.<\/p>\n<p style=\"text-align: center;\"><img loading=\"lazy\" class=\"aligncenter size-full wp-image-10806\" title=\"Legi\u00f3n Condor Burgos\" src=\"http:\/\/diariodevurgos.com\/dvwps\/wp-content\/uploads\/2013\/08\/Legi\u00f3n-Condor-Burgos.jpg\" alt=\"Legi\u00f3n Condor Burgos\" width=\"374\" height=\"499\" srcset=\"https:\/\/diariodevurgos.com\/dvwps\/wp-content\/uploads\/2013\/08\/Legi\u00f3n-Condor-Burgos.jpg 480w, https:\/\/diariodevurgos.com\/dvwps\/wp-content\/uploads\/2013\/08\/Legi\u00f3n-Condor-Burgos-225x300.jpg 225w\" sizes=\"(max-width: 374px) 100vw, 374px\" \/><\/p>\n<p style=\"text-align: center;\"><em>Soldados alemanes de la Legi\u00f3n Condor se fotograf\u00ed\u00adan en el Espol\u00f3n<\/em><\/p>\n<p><em> <\/em><span style=\"text-align: left;\">Tras las victoriosas campa\u00f1as de la aviaci\u00f3n alemana, las autoridades locales se desviv\u00ed\u00adan en homenajes y condecoraciones hacia unos oficiales que a\u00f1os m\u00e1s tarde se ver\u00ed\u00adan obligados a sentarse en el banquillo de los acusados en el llamado <\/span><a style=\"text-align: left;\" title=\"Proceso de Nuremberg\" href=\"http:\/\/es.wikipedia.org\/wiki\/Juicios_de_N%C3%BAremberg\">proceso de Nuremberg,<\/a><span style=\"text-align: left;\"> y a cuyas tropas no era raro\u00a0 verlas desfilar por Burgos. Pero, muy pocos sospechar\u00ed\u00adan que uno de los vestigios que rememoraban aquel intenso, y con el tiempo tambi\u00e9n inc\u00f3modo, romance entre la jerarqu\u00ed\u00ada militar del III Reich y la <\/span><em>Capital de la Cruzada <\/em><span style=\"text-align: left;\">fue visible en nuestra ciudad hasta bien entrado el actual r\u00e9gimen. Un monumento en homenaje a los soldados alemanes de la Legi\u00f3n Condor muertos en acto de servicio situado casi en el centro de Burgos daba buena cuenta de ello.<\/span><\/p>\n<p><strong><br \/>\nEl monumento en Burgos a los soldados de la Legi\u00f3n Condor<\/strong><\/p>\n<p>Est\u00e1 claro que nunca hay que perder la capacidad de sorprenderse, sobre todo si de lo que se trata es de indagar aspectos tan escabrosos del pasado de una ciudad como Burgos.\u00a0 Cuando le coment\u00e9 a <strong>Nacho Garc\u00ed\u00ada, <\/strong>gestor del blog <em><a title=\"The Jaily News\" href=\"http:\/\/thejailynews.blogspot.com.es\/html\">The Jaily News<\/a><\/em>, bit\u00e1cora donde se recoge abundante informaci\u00f3n sobre los prisioneros internacionales que fueron internados en el <strong>campo de concentraci\u00f3n de San Pedro Carde\u00f1a,<\/strong> mi intenci\u00f3n de publicar un art\u00ed\u00adculo sobre la presencia del III Reich en Burgos, me realiz\u00f3 una sorprenderte revelaci\u00f3n: en Burgos existi\u00f3 un monumento a los soldados alemanes de la Legi\u00f3n Condor que se mantuvo en pie hasta nada m\u00e1s y nada menos que 1985.<\/p>\n<p style=\"text-align: center;\"><img loading=\"lazy\" class=\"aligncenter size-full wp-image-10807\" title=\"Paseo Empecinado 1985.Pag.6 - copia\" src=\"http:\/\/diariodevurgos.com\/dvwps\/wp-content\/uploads\/2013\/08\/Paseo-Empecinado-1985.Pag.6-copia.jpg\" alt=\"Paseo Empecinado 1985.Pag.6 - copia\" width=\"425\" height=\"425\" srcset=\"https:\/\/diariodevurgos.com\/dvwps\/wp-content\/uploads\/2013\/08\/Paseo-Empecinado-1985.Pag.6-copia.jpg 384w, https:\/\/diariodevurgos.com\/dvwps\/wp-content\/uploads\/2013\/08\/Paseo-Empecinado-1985.Pag.6-copia-150x150.jpg 150w, https:\/\/diariodevurgos.com\/dvwps\/wp-content\/uploads\/2013\/08\/Paseo-Empecinado-1985.Pag.6-copia-300x300.jpg 300w\" sizes=\"(max-width: 425px) 100vw, 425px\" \/><\/p>\n<p style=\"text-align: center;\"><em>Monumento a los soldados alemanes de la Legi\u00f3n Condor en el paseo del Empecinado de Burgos<\/em><\/p>\n<p style=\"text-align: center;\"><img loading=\"lazy\" class=\"aligncenter size-full wp-image-10808\" title=\"Mapa 1967\" src=\"http:\/\/diariodevurgos.com\/dvwps\/wp-content\/uploads\/2013\/08\/Mapa-1967.jpg\" alt=\"Mapa 1967\" width=\"426\" height=\"318\" \/><\/p>\n<p style=\"text-align: center;\"><em>Mapa donde figurar\u00ed\u00ada la ubicaci\u00f3n del monumento del III Reich en Burgos<\/em><\/p>\n<p><em> <\/em><span style=\"text-align: left;\">Aunque no coincidamos plenamente en los an\u00e1lisis pol\u00ed\u00adticos, hay que reconocer que Nacho tiene olfato para la investigaci\u00f3n hist\u00f3rica y sabe moverse como pez en el agua entre archivos y hemerotecas, su blog as\u00ed\u00ad lo atestigua.\u00a0 Al parecer, <\/span><strong>el monumento nazi se encontraba en el actual paseo del Empecinado<\/strong><span style=\"text-align: left;\"> y estaba formado por cinco bloques de piedra. En el centro se situaba el de mayor tama\u00f1o y mostraba la Cruz de Hierro junto al nombre de los soldados alemanes muertos en acto de servicio. El resto de bloques se emplazaban sim\u00e9tricamente a derecha e izquierda. Seg\u00fan investigaciones del propio autor de <\/span><em>The Jaily News<\/em><span style=\"text-align: left;\">, podr\u00ed\u00ada tratarse de un monumento conmemorativo dispuesto para los miembros de la Legi\u00f3n Condor fallecidos en un accidente a\u00e9reo en Pineda de la Sierra durante la navidad de 1938 mientras se desplazaban al frente catal\u00e1n. Algo ocurri\u00f3 en el<\/span><strong> Junker 52, modelo caracter\u00ed\u00adstico que la aviaci\u00f3n alemana utilizaba como transporte y ocasionalmente como bombardero<\/strong><span style=\"text-align: left;\">. Quiz\u00e1s problemas meteorol\u00f3gicos, quiz\u00e1s dificultades t\u00e9cnicas, sea como fuere, lo cierto es que el monoplano, cuyo dise\u00f1o era uno de los favoritos de Adolf Hitler, fue a estrellarse estrepitosamente con sus cargas de espoleta para artiller\u00ed\u00ada y toda su tripulaci\u00f3n en esta conocida localidad de la Sierra de la Demanda.<\/span><\/p>\n<p style=\"text-align: center;\"><img loading=\"lazy\" class=\"aligncenter size-full wp-image-10809\" title=\"Legi\u00f3n Condor, Junker JU-52\" src=\"http:\/\/diariodevurgos.com\/dvwps\/wp-content\/uploads\/2013\/08\/Legi\u00f3n-Condor-Junker-JU-52.jpg\" alt=\"Legi\u00f3n Condor, Junker JU-52\" width=\"369\" height=\"294\" srcset=\"https:\/\/diariodevurgos.com\/dvwps\/wp-content\/uploads\/2013\/08\/Legi\u00f3n-Condor-Junker-JU-52.jpg 320w, https:\/\/diariodevurgos.com\/dvwps\/wp-content\/uploads\/2013\/08\/Legi\u00f3n-Condor-Junker-JU-52-300x239.jpg 300w\" sizes=\"(max-width: 369px) 100vw, 369px\" \/><\/p>\n<p style=\"text-align: center;\"><em>Junker JU-52, avi\u00f3n de trasnporte y bombardero ocasional de la Legi\u00f3n Condor<\/em><\/p>\n<p><em> <\/em><span style=\"text-align: left;\">En el monumento que en su memoria se ubic\u00f3 en Burgos, figuraban los nombres de los soldados alemanes que el III Reich hab\u00ed\u00ada enviado en ayuda de la &#8220;cruzada nacional del general Franco&#8221;\u009d:<\/span><strong>Stover Gustav<\/strong><span style=\"text-align: left;\">(Sargento radotelegrafista), <\/span><strong>Conrad Richard<\/strong><span style=\"text-align: left;\">(Cabo 1\u00ba), <\/span><strong>Hentschel Bernhard<\/strong><span style=\"text-align: left;\">(Artificiero), <\/span><strong>Laux Kurt<\/strong><span style=\"text-align: left;\">(Interprete) y <\/span><strong>Hermann Schmitz<\/strong><span style=\"text-align: left;\">(Artificiero mayor).\u00a0 Aunque de no muy buena calidad, el propio Nacho Garc\u00ed\u00ada nos aporta una fotograf\u00ed\u00ada de este peculiar monumento y un plano descriptivo de su ubicaci\u00f3n.No es el \u00fanico monumento de este tipo que existi\u00f3 en la denominada zona nacional y que conmemoraba a los soldados alemanes muertos durante el transcurso de nuestra guerra civil. Todos ellos de un dise\u00f1o bastante similar y con piedra traida desde Alemania y, aun cuando pueda parecer inveros\u00ed\u00admil, todav\u00ed\u00ada alguno de ellos en pie en nuestros d\u00ed\u00adas.<\/span><\/p>\n<p style=\"text-align: left;\">En este sentido, aunque en relaci\u00f3n con la Italia fascista , a\u00fan puede verse en el Puerto del Escudo que separa las provincias de Burgos y Cantabria el monumento a los soldados italianos del denominado \u00a0<em><a title=\"Corpo di Trupe Volontarie\" href=\"http:\/\/es.wikipedia.org\/wiki\/Corpo_Truppe_Volontarie\">Corpo di Truppe Volontarie<\/a> , <\/em>enviados por Mussolini en ayuda de Franco<em>. <\/em>Un extra\u00f1a construcci\u00f3n en disposici\u00f3n piramidal que habla de la ayuda del <em>fascio <\/em>a los militares sublevados el 18 de julio de 1936.<\/p>\n<p style=\"text-align: center;\">\n<p style=\"text-align: center;\"><em><img loading=\"lazy\" class=\"aligncenter size-full wp-image-10821\" title=\"Monumento Puesto del Escudo\" src=\"http:\/\/diariodevurgos.com\/dvwps\/wp-content\/uploads\/2013\/08\/Monumento-Puesto-del-Escudo.jpg\" alt=\"Monumento Puesto del Escudo\" width=\"403\" height=\"302\" srcset=\"https:\/\/diariodevurgos.com\/dvwps\/wp-content\/uploads\/2013\/08\/Monumento-Puesto-del-Escudo.jpg 1600w, https:\/\/diariodevurgos.com\/dvwps\/wp-content\/uploads\/2013\/08\/Monumento-Puesto-del-Escudo-300x225.jpg 300w, https:\/\/diariodevurgos.com\/dvwps\/wp-content\/uploads\/2013\/08\/Monumento-Puesto-del-Escudo-1024x768.jpg 1024w\" sizes=\"(max-width: 403px) 100vw, 403px\" \/><\/em><\/p>\n<p style=\"text-align: center;\"><em>Monumento en el Puerto del Escudo a los soldados\u00a0fascistas\u00a0italianos<\/em><\/p>\n<p style=\"text-align: left;\"><em><br \/>\n<\/em><\/p>\n<p><strong> <\/strong><\/p>\n<p style=\"text-align: left;\">\n<p style=\"text-align: left;\"><strong>Los tent\u00e1culos de la Gestapo en Burgos<\/strong><\/p>\n<p>Cuando en noviembre de 1936 se procedi\u00f3 a la formaci\u00f3n de la Legi\u00f3n Condor, junto a las fuerzas militares enviadas a Espa\u00f1a por el III Reich, los alemanes crearon un Servicio de Informaci\u00f3n propio para esta unidad. Los informes que este servicio se afanaba en recoger eran entregados puntualmente al Cuartel General de Franco, primero de forma directa, y despu\u00e9s a trav\u00e9s del<strong> Servicio de Informaci\u00f3n y Polic\u00ed\u00ada Militar (SIPM)<\/strong>, cuya sede central se hallaba en Burgos. As\u00ed\u00ad lo se\u00f1ala <strong>Javier Rodriguez,<\/strong> <strong>profesor de la Universidad de Le\u00f3n<\/strong> y coautor del libro <em>War Zone<\/em>, obra fundamental donde se detalla la estrecha relaci\u00f3n entre los Servicios de Informaci\u00f3n espa\u00f1oles y el Servicio de Inteligencia alem\u00e1n durante la Guerra Civil primero y la II Guerra Mundial despu\u00e9s.<\/p>\n<p>Junto a estos servicios de inteligencia, la Gestapo, la temible polic\u00ed\u00ada secreta de la Alemania nazi, despleg\u00f3 tambi\u00e9n sus tent\u00e1culos en Burgos. Durante el desarrollo de la Guerra Civil la<em> Geheime Staatspolizei<\/em> cont\u00f3 en nuestra ciudad con uno de sus centros de operaciones m\u00e1s importantes.<\/p>\n<p>Tras el ascenso al poder de Hitler en 1933, la Gestapo fue concebida como una macro organizaci\u00f3n policial con infinitos tent\u00e1culos.\u00a0 Su principal tarea consist\u00ed\u00ada en investigar y reprimir todas las expresiones de disidencia que pudieran resultar peligrosas para el Estado nazi. En Burgos, su cometido m\u00e1s destacado se centr\u00f3 en el interrogatorio de los prisioneros internacionales que se hallaban internados en el <strong>campo de concentraci\u00f3n de San Pedro Carde\u00f1a<\/strong>, a escasos 10 kil\u00f3metros del n\u00facleo urbano de la ciudad.<\/p>\n<p style=\"text-align: center;\"><img loading=\"lazy\" class=\"aligncenter size-full wp-image-10810\" title=\"800px-Carde\u00f1a_fachada_principal_03322\" src=\"http:\/\/diariodevurgos.com\/dvwps\/wp-content\/uploads\/2013\/08\/800px-Carde\u00f1a_fachada_principal_03322.jpg\" alt=\"800px-Carde\u00f1a_fachada_principal_03322\" width=\"566\" height=\"178\" srcset=\"https:\/\/diariodevurgos.com\/dvwps\/wp-content\/uploads\/2013\/08\/800px-Carde\u00f1a_fachada_principal_03322.jpg 800w, https:\/\/diariodevurgos.com\/dvwps\/wp-content\/uploads\/2013\/08\/800px-Carde\u00f1a_fachada_principal_03322-300x94.jpg 300w\" sizes=\"(max-width: 566px) 100vw, 566px\" \/><em> <\/em><\/p>\n<p style=\"text-align: center;\"><em>Fachada principal del Monasterio de San Pedro Carde\u00f1a<\/em><\/p>\n<p><em> <\/em><span style=\"text-align: left;\">A partir del 4 de abril de 1938, el Cuartel del General\u00ed\u00adsimo design\u00f3 al monasterio de San Pedro Carde\u00f1a &#8220;lugar donde deber\u00e1n concentrarse todos los prisioneros de nacionalidad extranjera en nuestro poder\u00a0 (&#8230;)&#8221;\u009d. De esta manera Franco ced\u00ed\u00ada a las presiones de los gobiernos alem\u00e1n e italiano que le exig\u00ed\u00adan que cesase la ejecuci\u00f3n indiscriminada de voluntarios de las Brigadas Internacionales. Una petici\u00f3n que no respond\u00ed\u00ada a razones humanitarias, ni mucho menos,\u00a0 sino que buscaba la posibilidad de intercambiar los prisioneros de nacionalidad alemana o italiana internados en San Pedro, por otros tantos prisioneros con los mismos lugares de origen en poder de las fuerzas republicanas.<\/span><\/p>\n<p>A trav\u00e9s de un telegrama de car\u00e1cter reservado el 17 de octubre el Cuartel General notificaba al general jefe del Ej\u00e9rcito del Norte la necesidad de agrupar en el campo de concentraci\u00f3n de San Pedro Carde\u00f1a a los prisioneros de lengua alemana para que &#8220;puedan r\u00e1pidamente ser interrogados con fines de investigar sobre sus posibles actividades comunistas en su pa\u00ed\u00ads de origen&#8221;\u009d.<\/p>\n<p>Los sabuesos de la Gestapo <a title=\"La GESTAPO en San Pedro\" href=\"http:\/\/thejailynews.blogspot.com.es\/2009\/08\/la-gestapo-en-san-pedro.html\">no tardaron en desplegarse por el monasterio <\/a>convertido en campo de concentraci\u00f3n casi desde el inicio de la Guerra Civil. Su actitud y formas de desenvolverse contrastaban enormemente con la de los carceleros franquistas cuyo desconocimiento de cultura y leguas extranjeras era absoluto.\u00a0 La eficacia de la Gestapo ya hab\u00ed\u00ada podido ser probada en <a title=\"Campo de concentraci\u00f3n de Dachau\" href=\"http:\/\/es.wikipedia.org\/wiki\/Campo_de_concentraci%C3%B3n_de_Dachau\">Dachau<\/a>, campo de concenraci\u00f3n donde cientos de disidentes al r\u00e9gimen nazi hab\u00ed\u00adan sido ya internados, probando el ordenado y eficaz modelo de administraci\u00f3n del sufrimiento que poco despu\u00e9s ser\u00e1 aplicado en <a href=\"http:\/\/es.wikipedia.org\/wiki\/Auschwitz\">Auschwitz <\/a>o <a title=\"Campo de concentraci\u00f3n de Mathausen\" href=\"https:\/\/es.wikipedia.org\/wiki\/Campo_de_concentraci%C3%B3n_de_Mauthausen-Gusen\">Mauthausen<\/a>. En Dachau, no lejos de Munich, los agentes de la <em>polic\u00ed\u00ada secreta del Estado<\/em> se foguearon en las refinadas t\u00e9cnicas de interrogatorio que los har\u00ed\u00adan tristemente c\u00e9lebres.<\/p>\n<p>Cualquier prisionero alem\u00e1n, austriaco o polaco, o simplemente sospechoso de serlo, corr\u00ed\u00ada un grave riesgo en San Pedro Carde\u00f1a. La Gestapo ansiaba sobre cualquier otra cosa conocer las actividades pol\u00ed\u00adticas que hab\u00ed\u00adan previamente desarrollado en sus respectivos pa\u00ed\u00adses de origen antes de enrollarse en las Brigadas Internacionales.\u00a0 Vestidos de civil, y aprovechando las estancias del propio monasterio, los agentes dieron comienzo los interrogatorios agrupando a los prisioneros de forma alfab\u00e9tica seg\u00fan su nacionalidad. Si para cualquier otra nacionalidad,\u00a0 empleaban una hora, los prisioneros de hablan alemana deb\u00ed\u00adan soportar sesiones que se prolongaban durante m\u00e1s de media jornada. Cualquiera que tratase de ocultar su verdadera nacionalidad podr\u00ed\u00ada ser f\u00e1cilmente descubierto pues los agentes de la polic\u00ed\u00ada secreta alemana manejaban perfectamente el ingl\u00e9s y otros idiomas. No hubo violencia f\u00ed\u00adsica, pero al mostrar las im\u00e1genes de la devastaci\u00f3n de Guernica, que siguiendo la versi\u00f3n oficial franquista los agentes alemanes atribu\u00ed\u00adan a los propios republicanos, se desataron intensas discusiones entre los prisioneros y la Gestapo.<\/p>\n<p>El militante comunista de origen alem\u00e1n <strong>Arthur Karlsson<\/strong> logr\u00f3 enga\u00f1ar a los agentes del III Reich haci\u00e9ndose pasar por sueco.\u00a0 Peor suerte tuvo <strong>Hermann Strei<\/strong>t, brigadista de origen germano que no pas\u00f3 desapercibido. Tampoco la fortuna sonri\u00f3 al anarquista alem\u00e1n <a href=\"http:\/\/thejailynews.blogspot.com.es\/2009\/09\/heinrich-friedetzkysuperviviente-de-los.html\">Heinrich Friedetzky<\/a> al que no sirvi\u00f3 de mucho hablar perfectamente checo ya que fue deportado junto con otros tantos alemanes de los Sudetes, minor\u00ed\u00ada alemana de Checoslovaqu\u00ed\u00ada, al campo de concentraci\u00f3n de\u00a0\u00a0 Sachsenhausen primero, para despu\u00e9s dar con sus huesos en el de Ravensbruck, experiencias a las que sin embargo sobrevivi\u00f3.\u00a0 Tras muchas idas y venidas Friedetzky muri\u00f3 en Alicante en 1998 a sus setenta a\u00f1os acogido por militantes de CNT.<\/p>\n<p>Durante su presencia en el campo de Concentraci\u00f3n de San Pedro Carde\u00f1a, la Gestapo identific\u00f3 de forma concienzuda a todos los prisioneros internacionales internados. En la zona norte del monasterio fueron agrupados y obligados a desnudarse. Frente a ellos, sentado detr\u00e1s de una mesa donde reposaba el calibre que se iba a utilizar para &#8220;tomarles las medidas&#8221;\u009d, se situaba el agente que tomaba nota de todas las indicaciones como la altura, la anchura o las dimensiones del cr\u00e1neo. Tras la toma de huellas y las correspondientes fotos de frente y perfil,\u00a0 los prisioneros ya estaban cient\u00ed\u00adficamente clasificados.<\/p>\n<p>Tras el fin de la guerra civil, el campo de concentraci\u00f3n de San Pedro Carde\u00f1a estuvo abierto hasta principios de 1940, por sus dependencias llegaron a pasar hasta 10.000 prisioneros, en torno a un millar de ellos brigadistas internacionales. A su cierre el destino de su moradores fue muy dispar.\u00a0 A los que no pudieron ser canjeados por prisioneros alemanes o italianos les esperaba el <a title=\"Campo de concentraci\u00f3n de Miranda de Ebro\" href=\"http:\/\/es.wikipedia.org\/wiki\/Campo_de_concentraci%C3%B3n_de_Miranda_de_Ebro\">campo de concentraci\u00f3n de Miranda de Ebro<\/a>, centro de internamiento que durante el transcurso de la II Guerra Mundial fue dirigido por <strong>Paul Winzer<\/strong>, jefe del Partido Nacionalsocialista alem\u00e1n en Espa\u00f1a. A otros tantos les esperaba la Gestapo en la Francia ya ocupada por el III Reich, desde donde ser\u00ed\u00adan trasladados a campos de concentraci\u00f3n alemanes como le ocurri\u00f3 al brigadista de origen irland\u00e9s <strong><a title=\"Brigadistas irlandeses en San Pedro Carde\u00f1a\" href=\"http:\/\/thejailynews.blogspot.com.es\/2013\/05\/brigadistas-irlandeses-en-el-cc-de-san.html\">Frank Ryan<\/a><\/strong>.\u00a0 Otros tantos, medio centenar en total, les hab\u00ed\u00ada sido ya reservado el fusilamiento, a\u00fan cuando\u00a0 en las estad\u00ed\u00adsticas oficiales, figurase el suicidio como causa de la muerte.<\/p>\n<p><strong>Capital de la Cruzada: centro neur\u00e1lgico de la Gestapo en Espa\u00f1a<\/strong><\/p>\n<p>Una vez concluidas las sesiones de interrogatorios, los agentes alemanes regresaban en coche a Burgos, donde la Gestapo dispon\u00ed\u00ada en ese momento de su sede nacional en la zona controlada por el ej\u00e9rcito franquista. \u00bfD\u00f3nde se encontraba la oficina de la temible polic\u00ed\u00ada secreta alemana en nuestra ciudad?Su ubicaci\u00f3n habr\u00ed\u00ada que buscarla entre los diferentes edificios que en la <em>Capital de la Cruzada<\/em> eran ocupados por la Legi\u00f3n Condor. No hay consenso, sin embargo, entre los historiadores que han abordado el estudio de este periodo a la hora de fijar la ubicaci\u00f3n exacta. Para <strong>Luis Castro,<\/strong> historiador vinculado desde hace d\u00e9cadas a la recuperaci\u00f3n de la Memoria Hist\u00f3rica y autor del libro<em> <a title=\"Luis Castro\" href=\"http:\/\/ondaexpansiva.net\/?p=1289\">Capital de la Cruzada<\/a><\/em>, <strong>la oficina de la Gestapo en Burgos se encontrar\u00ed\u00ada en el Convento de las Salesas<\/strong>, construcci\u00f3n de estilo neog\u00f3tico realizada a finales del siglo XIX situada en el numero 4 de la calles Barrantes. En la \u00e9poca sus dependencias estaban destinadas a sala de consejos, siendo compartidas adem\u00e1s por las Oficinas del Cuartel General del General\u00ed\u00adsimo y el Estado Mayor de la Legi\u00f3n Condor.<\/p>\n<p style=\"text-align: center;\"><img loading=\"lazy\" class=\"aligncenter size-full wp-image-10811\" title=\"2013-07-16 20.15.02\" src=\"http:\/\/diariodevurgos.com\/dvwps\/wp-content\/uploads\/2013\/08\/2013-07-16-20.15.02.jpg\" alt=\"2013-07-16 20.15.02\" width=\"380\" height=\"503\" \/><\/p>\n<p style=\"text-align: center;\"><em>Covento de las Salesas en la calles Barrantes, una de las posibles localizaciones de la GESTAPO en Burgos<\/em><\/p>\n<p><em> <\/em><span style=\"text-align: left;\">Por su parte, el ya citado <\/span><strong>Nacho Garc\u00ed\u00ada<\/strong><span style=\"text-align: left;\">, que desde hace a\u00f1os investiga este periodo tan sombr\u00ed\u00ado de la historia de Burgos y cuyo trabajo puede consultase en el mencionado\u00a0 blog <\/span><em><a title=\"Entrevista a Nacho Garc\u00ed\u00ada en Radio Onda Expansiva\" href=\"http:\/\/ondaexpansiva.net\/?p=881\">The Jaily News<\/a>,<\/em><strong> la sede de la Gestapo en Burgos se hallar\u00ed\u00ada en el Convento de las Esclavas del Sagrado Coraz\u00f3n de Jes\u00fas<\/strong><span style=\"text-align: left;\">, situado en el n\u00famero 1 de la actual avenida de Palencia, que en la \u00e9poca era ocupado por la Legi\u00f3n Condor y la Secci\u00f3n Femenina de la Falange, no lejos del propio Convento de la Merced, donde Falange Espa\u00f1ola ten\u00ed\u00ada ubicado su cuartel general.<\/span><\/p>\n<p style=\"text-align: center;\"><img loading=\"lazy\" class=\"aligncenter size-full wp-image-10812\" title=\"2013-07-16 20.08.18\" src=\"http:\/\/diariodevurgos.com\/dvwps\/wp-content\/uploads\/2013\/08\/2013-07-16-20.08.18.jpg\" alt=\"2013-07-16 20.08.18\" width=\"468\" height=\"351\" srcset=\"https:\/\/diariodevurgos.com\/dvwps\/wp-content\/uploads\/2013\/08\/2013-07-16-20.08.18.jpg 2048w, https:\/\/diariodevurgos.com\/dvwps\/wp-content\/uploads\/2013\/08\/2013-07-16-20.08.18-300x225.jpg 300w, https:\/\/diariodevurgos.com\/dvwps\/wp-content\/uploads\/2013\/08\/2013-07-16-20.08.18-1024x768.jpg 1024w\" sizes=\"(max-width: 468px) 100vw, 468px\" \/><\/p>\n<p style=\"text-align: center;\"><em>Convento de las Esclavas del Sagrado Coraz\u00f3n de Jes\u00fas, otro de los edificios eclesi\u00e1sticos que podr\u00ed\u00adan haber albergado la sede de la GESTAPO en Burgos<\/em><\/p>\n<p><em> <\/em><span style=\"text-align: left;\">Por desgracia, en la actualidad no existen documentos oficiales que sirvan para esclarecer la ubicaci\u00f3n exacta de la sede de la siniestra polic\u00ed\u00ada pol\u00ed\u00adtica al servicio de los nazis en nuestra ciudad. Si los hubo, cosa bastante poco probable teniendo en cuenta las actividades en las que estaba inmersa, fueron concienzudamente destruidos al inicio del actual r\u00e9gimen, como tantos otros archivos de organismos como FET y las JONS, quien sabe si tratando de evitar que alguna revelaci\u00f3n inc\u00f3moda pudiese salpicar en el futuro.<\/span><\/p>\n<p><strong>El fin de la guerra en Burgos y los Gigantillos que bailaron ante el F\u00ed\u00bchrer<\/strong><\/p>\n<p>El 1 de abril de 1939 el parte de guerra emitido desde Radio Nacional que se hallaba instalada en el Teatro Principal anunciaba el fin de la guerra civil. Se abr\u00ed\u00ada sin embargo un oscuro periodo de dictadura que se prolongar\u00ed\u00ada durante cuarenta a\u00f1os.<\/p>\n<p>Tras el fin de la Guerra Civil, Burgos acusa la perdida de la capitalidad pol\u00ed\u00adtica de la Espa\u00f1a franquista y, aunque hasta el 18 de octubre de 1939 Franco no abandonar\u00e1 oficialmente la ciudad, desplaz\u00e1ndose a Madrid solo para los fastos del denominado <a title=\"Gran Desfile de la Victoria Franco\" href=\"http:\/\/www.youtube.com\/watch?v=-yHj1o2_rl8\">Gran Desfile de la Victoria <\/a>el 19 mayo, donde curiosamente tambi\u00e9n desfilar\u00e1 la Legi\u00f3n Condor y el <em><a title=\"Corpo di Truppe Volontarie\" href=\"http:\/\/es.wikipedia.org\/wiki\/Corpo_Truppe_Volontarie\">Corpo di Truppe Voluntarie<\/a> <\/em>italiano (cuyo Estado Mayor se encontraba en el n\u00famero 44 del Paseo del Espol\u00f3n), ve como los organismos oficiales y el personal adscrito a los mismos parte de Burgos.<\/p>\n<p style=\"text-align: left;\">El esplendor de la ciudad que durante el transcurso de la guerra se hab\u00ed\u00ada convertido en un autentico hervidero de gentes donde uniformes y sotanas de todas clases y condiciones se daban cita, y cuyas juergas nocturnas no ten\u00ed\u00adan nada que envidiar al del Par\u00ed\u00ads ocupado por los nazis, se marchitaba.\u00a0 Si durante el conflicto b\u00e9lico su poblaci\u00f3n hab\u00ed\u00ada crecido de forma alarmante ocasionando incluso aut\u00e9nticos problemas de hacinamiento, desde abril de 1939 la sangr\u00ed\u00ada de poblaci\u00f3n fue aumentando de forma exponencial.<\/p>\n<p>El nuevo estado, cuyo dise\u00f1o pol\u00ed\u00adtico mimetiza numerosos aspectos del fascismo y el nazismo, no esconde sus simpat\u00ed\u00adas hacia Italia y Alemania y\u00a0 no pierde ocasi\u00f3n en demostrarlo p\u00fablicamente. El 7 de julio de 1939, a escasos dos meses del inicio del conflicto mundial, la Comisi\u00f3n Municipal Permanente del consistorio burgal\u00e9s da su visto bueno para que <a title=\"Los Gigantillos en Alemania\" href=\"http:\/\/lacarregue.es\/PDF\/1939_GigantillosAlemania.pdf\">las figuras de los Gigantillos sean trasladadas hasta Alemania por Falange Espa\u00f1ola Tradicionalista y de las JONS<\/a><strong>. <\/strong>El viaje estar\u00e1 organizado por la asociaci\u00f3n <em>Kraft Durah freudey<\/em> &#8220;La Fuerza por la Alegr\u00ed\u00ada&#8221;\u009d,\u00a0 organizaci\u00f3n del Partido Nacionalsocialista alem\u00e1n que se encarga de organizar el ocio de los obreros.<\/p>\n<p>Los simp\u00e1ticos personajes burgaleses dise\u00f1ados por <strong>Fernando Hernando <em>&#8220;El Carde\u00f1ita&#8221;\u009d<\/em><\/strong> a finales del siglo XIX, viajar\u00e1n en carretera hasta Oporto y desde all\u00ed\u00ad a Alemania. En un momento en el que numerosos pa\u00ed\u00adses europeos se debaten entre la paz y la guerra ante las imposiciones de Hitler,\u00a0 los tradicionales gigantillos de Burgos desfilan por las calles de Hamburgo el 26 de agosto de 1939 ante la atenta mirada del mariscal <strong>Herman Goering, lugarteniente del F\u00ed\u00bchrer y comandante de la aviaci\u00f3n alemana<\/strong>.<\/p>\n<p style=\"text-align: center;\"><img loading=\"lazy\" class=\"aligncenter size-full wp-image-10900\" title=\"1939_GigantillosAlemania\" src=\"http:\/\/diariodevurgos.com\/dvwps\/wp-content\/uploads\/2013\/08\/1939_GigantillosAlemania.jpg\" alt=\"1939_GigantillosAlemania\" width=\"481\" height=\"338\" \/><em><br \/>\n<\/em><\/p>\n<p style=\"text-align: center;\"><em>Los Gigantillos en la Alemania del III Reich a pocos di\u00e1s de que estall\u00e9 la II Guerra Mundial. Fuente <a title=\"Los Gigantillos en Alemania\" href=\"http:\/\/lacarregue.es\/PDF\/1939_GigantillosAlemania.pdf\">La Carregue<\/a><\/em><\/p>\n<p style=\"text-align: left;\">El viaje fue autorizado por el Ayuntamiento de Burgos a petici\u00f3n de Falange, poniendo como condici\u00f3n que su transporte y cuidado corriera a cargo de personal municipal y el coste del viaje recayese en los organizadores del festival. Una curiosa an\u00e9cdota que es relatada en <em>La ciudad de Burgos durante el r\u00e9gimen de Franco <\/em>del escritor <strong>Fernando Ortega Barriuso<\/strong>, obra fundamental para conocer la intrahistoria de nuestra ciudad durante la dictadura franquista.<\/p>\n<p style=\"text-align: left;\">\n<p style=\"text-align: center;\"><img loading=\"lazy\" class=\"aligncenter size-full wp-image-10813\" title=\"Los Gigantillos\" src=\"http:\/\/diariodevurgos.com\/dvwps\/wp-content\/uploads\/2013\/08\/Los-Gigantillos.jpg\" alt=\"Los Gigantillos\" width=\"447\" height=\"289\" srcset=\"https:\/\/diariodevurgos.com\/dvwps\/wp-content\/uploads\/2013\/08\/Los-Gigantillos.jpg 550w, https:\/\/diariodevurgos.com\/dvwps\/wp-content\/uploads\/2013\/08\/Los-Gigantillos-300x194.jpg 300w\" sizes=\"(max-width: 447px) 100vw, 447px\" \/><\/p>\n<p style=\"text-align: center;\"><em>Los Gigantillos, los populares personajes de Burgos creados a finales del siglo XIX<\/em><\/p>\n<p><em> <\/em><span style=\"text-align: left;\">Las noticias de la invasi\u00f3n alemana sobre Polonia se dejar\u00e1n escuchar tambi\u00e9n en Burgos la ma\u00f1ana del primero de septiembre de 1939. Comenzaba la II Guerra Mundial en la que la Espa\u00f1a franquista declaraba inicialmente su <\/span><em>neutralidad<\/em><span style=\"text-align: left;\"> mediante un decreto del propio Caudillo, para poco tiempo despu\u00e9s pasar a la ambigua situaci\u00f3n de <\/span><em>no beligerancia.<\/em><span style=\"text-align: left;\"> Sin embargo, las simpat\u00ed\u00adas del r\u00e9gimen de Franco hacia las potencias del Eje, a las que deb\u00ed\u00ada en gran medida su victoria en la Guerra Civil, nunca se mantuvo oculta, al menos hasta que el conflicto mundial les fue favorable.<\/span><\/p>\n<p style=\"text-align: center;\"><img loading=\"lazy\" class=\"aligncenter size-full wp-image-10814\" title=\"hendaye\" src=\"http:\/\/diariodevurgos.com\/dvwps\/wp-content\/uploads\/2013\/08\/hendaye.jpg\" alt=\"hendaye\" width=\"403\" height=\"293\" \/><\/p>\n<p style=\"text-align: center;\"><em>Entrevista de Franco con Hitler en Hendaya<\/em><\/p>\n<p><em> <\/em><span style=\"text-align: left;\">Aquella relaci\u00f3n de amistad se plasmar\u00e1 en la entrevista que Franco y Hitler mantendr\u00e1n en Hendaya en octubre de 1940. Antes de aquel hist\u00f3rico encuentro, <\/span><strong>Heinrich Himmler, jefe de las temibles S.S, pasar\u00e1 por Burgos durante su viaje oficial en suelo ib\u00e9rico<\/strong><span style=\"text-align: left;\"> La guerra que comenzaba a librarse en Europa tendr\u00e1 en el espionaje otro de sus decisivos campos de batalla y en este sentido la Espa\u00f1a franquista ser\u00e1 un excepcional campo de operaciones.<\/span><\/p>\n<p><strong>Modesto Agust\u00ed\u00ad<\/strong><\/p>\n<p style=\"text-align: left;\"><em><strong>Referencias bibliogr\u00e1ficas y documentales:<\/strong><\/em><br \/>\nCASTRO, L. <em>Capital de la Cruzada. Burgos durante la Guerra Civil<\/em>. Editorial Cr\u00ed\u00adtica, 2006.<br \/>\nRODRIGUEZ, J., GRANDIO, E.\u00a0 <em>War Zone. La Segunda Guerra Mundial en el noroeste de la Pen\u00ed\u00adnsula Ib\u00e9rica.<\/em> Eneida, 2012.<br \/>\nORTEGA BARRIUSO, F. <em>La ciudad de Burgos durante el r\u00e9gimen de Franco,<\/em> IMC Burgos, 2005.<br \/>\nBlog <a title=\"The Jaily News\" href=\"http:\/\/thejailynews.blogspot.com.es\/\"><em>The Jaily News<\/em><\/a> sobre el campo de concentraci\u00f3n de San Pedro Carde\u00f1a gestionado por Ignacio Garc\u00ed\u00ada.<\/p>\n","protected":false},"excerpt":{"rendered":"<p>La sombra de la Alemania nazi no dej\u00f3 de proyectarse sobre las calles de Burgos durante todo el transcurso de la Guerra Civil Espa\u00f1ola.\u00a0 En la Capital de la Cruzada no era raro toparse con imponentes desfiles de las tropas del III Reich cuya espectacular disposici\u00f3n sorprend\u00ed\u00ada a propios y extra\u00f1os. Entre sus edificios se&#8230;  <a href=\"https:\/\/diariodevurgos.com\/dvwps\/la-legion-condor-y-la-gestapo-en-la-capital-de-la-cruzada-la-sombra-del-iii-reich-sobre-burgos-ii.php\" class=\"more-link\" title=\"Read La Legi\u00f3n Condor y la Gestapo en la Capital de la Cruzada. La sombra del III Reich sobre Burgos II\">Read more &raquo;<\/a><\/p>\n","protected":false},"author":2,"featured_media":0,"comment_status":"open","ping_status":"closed","sticky":false,"template":"","format":"standard","meta":[],"categories":[2,6,24,72],"tags":[],"_links":{"self":[{"href":"https:\/\/diariodevurgos.com\/dvwps\/wp-json\/wp\/v2\/posts\/10804"}],"collection":[{"href":"https:\/\/diariodevurgos.com\/dvwps\/wp-json\/wp\/v2\/posts"}],"about":[{"href":"https:\/\/diariodevurgos.com\/dvwps\/wp-json\/wp\/v2\/types\/post"}],"author":[{"embeddable":true,"href":"https:\/\/diariodevurgos.com\/dvwps\/wp-json\/wp\/v2\/users\/2"}],"replies":[{"embeddable":true,"href":"https:\/\/diariodevurgos.com\/dvwps\/wp-json\/wp\/v2\/comments?post=10804"}],"version-history":[{"count":16,"href":"https:\/\/diariodevurgos.com\/dvwps\/wp-json\/wp\/v2\/posts\/10804\/revisions"}],"predecessor-version":[{"id":10816,"href":"https:\/\/diariodevurgos.com\/dvwps\/wp-json\/wp\/v2\/posts\/10804\/revisions\/10816"}],"wp:attachment":[{"href":"https:\/\/diariodevurgos.com\/dvwps\/wp-json\/wp\/v2\/media?parent=10804"}],"wp:term":[{"taxonomy":"category","embeddable":true,"href":"https:\/\/diariodevurgos.com\/dvwps\/wp-json\/wp\/v2\/categories?post=10804"},{"taxonomy":"post_tag","embeddable":true,"href":"https:\/\/diariodevurgos.com\/dvwps\/wp-json\/wp\/v2\/tags?post=10804"}],"curies":[{"name":"wp","href":"https:\/\/api.w.org\/{rel}","templated":true}]}}