{"id":10837,"date":"2013-08-14T15:13:42","date_gmt":"2013-08-14T14:13:42","guid":{"rendered":"http:\/\/diariodevurgos.com\/dvwps\/?p=10837"},"modified":"2013-08-15T12:47:01","modified_gmt":"2013-08-15T11:47:01","slug":"archivada-en-la-audiencia-nacional-la-causa-contra-los-jovenes-antifascistas-de-la-asociacion-23-de-abril","status":"publish","type":"post","link":"https:\/\/diariodevurgos.com\/dvwps\/archivada-en-la-audiencia-nacional-la-causa-contra-los-jovenes-antifascistas-de-la-asociacion-23-de-abril.php","title":{"rendered":"Archivada en la Audiencia Nacional la causa contra los j\u00f3venes antifascistas de la Asociaci\u00f3n 23 de Abril"},"content":{"rendered":"<p class=\"lead\">Tras m\u00e1s de tres a\u00f1os de procedimiento, el tribunal de la Audiencia Nacional ha archivado la causa contra la <strong>Asociaci\u00f3n 23 de Abril <\/strong>que se enfrentaba a importantes acusaciones como <em>asociaci\u00f3n il\u00ed\u00adcita <\/em>y<em> terrorismo<\/em>. Los cargos presentados contras los <strong>7 j\u00f3venes antifascistas detenidos en Burgos el 15 de abril de 2010,<\/strong> pocos d\u00ed\u00adas antes de l<a title=\"Cumbre de Minsitros Burgos\" href=\"http:\/\/diariodevurgos.com\/dvwps\/se-buscan-disidentes-para-el-papel-de-terrorista-manual-policial-para-cumbres-y-anti-cumbres.php\">a celebraci\u00f3n de la cumbre de ministros y secretarios de Estado de Seguridad Social de la Uni\u00f3n Europea que iba a celebrarse en nuestra ciudad<\/a>, han sido sobrese\u00ed\u00addos por insuficiencia de pruebas. Se pone fin a un largo calvario judicial en el que queda de manifiesto la inconsistencia del montaje elaborado por la Brigada Provincial de Informaci\u00f3n de Burgos.<\/p>\n<p style=\"text-align: center;\"><img loading=\"lazy\" class=\"aligncenter size-full wp-image-10838\" title=\"Operaci\u00f3n represiva\" src=\"http:\/\/diariodevurgos.com\/dvwps\/wp-content\/uploads\/2013\/08\/Operaci\u00f3n-represiva.jpg\" alt=\"Operaci\u00f3n represiva\" width=\"288\" height=\"192\" srcset=\"https:\/\/diariodevurgos.com\/dvwps\/wp-content\/uploads\/2013\/08\/Operaci\u00f3n-represiva.jpg 370w, https:\/\/diariodevurgos.com\/dvwps\/wp-content\/uploads\/2013\/08\/Operaci\u00f3n-represiva-300x200.jpg 300w\" sizes=\"(max-width: 288px) 100vw, 288px\" \/><\/p>\n<p><!--more--><\/p>\n<p>El jueves 15 de abril de 2010 se llev\u00f3 a cabo una<a title=\"Detenciones de antifascitas en Burgos\" href=\"http:\/\/www.elcorreodeburgos.com\/noticias\/2010-04-16\/la-policia-detiene-a-ocho-extremistas-de-izquierda-y-se-incauta-de-material-para\"> operaci\u00f3n\u00a0 represiva sin precedentes en la ciudad de Burgos<\/a>. A escasos d\u00ed\u00adas que se celebrase en nuestra ciudad la cumbre de ministros y secretarios de Estado de Seguridad Social de la UE, el local situado en el n\u00famero 29 de la calle Sagrada Familia, que hasta esa fecha era frecuentado por j\u00f3venes antifascistas y castellanistas, era asaltado por varias dotaciones policiales en un importante despliegue de medios que no pasa desapercibido. Numerosos agentes, algunos de ellos encapuchados y\u00a0 mostrando armas de gran calibre, acordonan la zona durante varias horas y proceden al registro del local.<\/p>\n<p>Tras la operaci\u00f3n policial, en la que se procede al precinto por orden judicial del mencionado espacio, siete j\u00f3venes antifascistas ser\u00e1n detenidos y tras ser puestos a disposici\u00f3n judicial se enfrentan a importantes acusaciones como <em>tenencia il\u00ed\u00adcita de armas y explosivos y asociaci\u00f3n il\u00ed\u00adcita<\/em>.\u00a0 Se da la circunstancia que cinco de los arrestados ten\u00ed\u00adan cargos legales en la <strong>Asociaci\u00f3n Cultural 23 de Abril,<\/strong> sobre la cual, y no sobre Resaca Castellana como indicaban algunos <em>media<\/em> locales, la\u00a0 <a title=\"Solidaridad con los antifascitas encuasados por la Audiencia Nacional\" href=\"http:\/\/diariodevurgos.com\/dvwps\/solidaridad-con-los-antifascistas-encausados-por-la-audiencia-nacional.php\">Audiencia Nacional<\/a> inicia el proceso de ilegalizaci\u00f3n, \u00a0en el que se llegaban solicitabar penas que ascend\u00ed\u00adan en total a casi 40 a\u00f1os de prisi\u00f3n, y que ahora ha quedado archivado.<\/p>\n<p>Desde un primer momento amigos y familiares de los detenidos expresan que la operaci\u00f3n policial se trata de un montaje orquestado probablemente desde la <strong>Brigada Provincial de Informaci\u00f3n de Burgos<\/strong> y la<strong> Subdelegaci\u00f3n del Gobierno<\/strong>. A trav\u00e9s de <a title=\"Comunicado antirrepresivo\" href=\"http:\/\/diariodevurgos.com\/dvwps\/comunicado-antirepresivo.php\">un comunicado<\/a>, argumentan que el principal elemento de la acusaci\u00f3n, un artefacto explosivo compuesto por una bombona de camping gas y varios petardos adosados, y cuya capacidad explosiva era bastante escasa, habr\u00ed\u00ada podido ser depositado por los propios agentes que realizan el registro ya que permanecieron solos en el local durante m\u00e1s de veinte minutos sin la presencia de la autoridad judicial pertinente ni el abogado de los afectados.<\/p>\n<p>La operaci\u00f3n policial, que se vio respaldada por un intenso <a title=\"Detenidos en DB\" href=\"http:\/\/www.diariodeburgos.es\/noticia.cfm\/Vivir\/20100416\/detienen\/2\/miembros\/resaca\/requisan\/palos\/pinchos\/material\/incendiario\/036B4EF4-FAEF-49C0-40F6020358D82199\">revuelo medi\u00e1tico<\/a>, pone de manifiesto el proceso de criminalizaci\u00f3n de las ideas que desde tiempo atr\u00e1s se est\u00e1 desarrollando en Burgos, no solo contra los j\u00f3venes antifascistas que fueron detenidos aquel 15 de abril, sino contra todo aquel que manifieste una opini\u00f3n discordante con el orden establecido.<\/p>\n<p>Despu\u00e9s de m\u00e1s tres a\u00f1os de aquellos hechos, la Audiencia Nacional ha procedido a archivar la causa por falta de pruebas poniendo de manifiesto la inconsistencia de un montaje policial orquestado maquiav\u00e9licamente para cumplir varios objetivos, a saber.\u00a0 Servir como medida preventiva para causar miedo de cara a <a title=\"La Cumbre que no fue\" href=\"http:\/\/diariodevurgos.com\/dvwps\/la-cumbre-que-no-fue.php\">la cumbre de ministros de la UE programada en Burgos<\/a> en los d\u00ed\u00adas sucesivos, y poner fuera de juego a un conjunto de j\u00f3venes con opiniones pol\u00ed\u00adticas disidentes aproxim\u00e1ndonos a un paradigma represivo en que el que poder acusar de terrorismo a todo aquel que piense diferente.<\/p>\n","protected":false},"excerpt":{"rendered":"<p>Tras m\u00e1s de tres a\u00f1os de procedimiento, el tribunal de la Audiencia Nacional ha archivado la causa contra la Asociaci\u00f3n 23 de Abril que se enfrentaba a importantes acusaciones como asociaci\u00f3n il\u00ed\u00adcita y terrorismo. Los cargos presentados contras los 7 j\u00f3venes antifascistas detenidos en Burgos el 15 de abril de 2010, pocos d\u00ed\u00adas antes de&#8230;  <a href=\"https:\/\/diariodevurgos.com\/dvwps\/archivada-en-la-audiencia-nacional-la-causa-contra-los-jovenes-antifascistas-de-la-asociacion-23-de-abril.php\" class=\"more-link\" title=\"Read Archivada en la Audiencia Nacional la causa contra los j\u00f3venes antifascistas de la Asociaci\u00f3n 23 de Abril\">Read more &raquo;<\/a><\/p>\n","protected":false},"author":2,"featured_media":0,"comment_status":"open","ping_status":"closed","sticky":false,"template":"","format":"standard","meta":[],"categories":[31,2,64,17],"tags":[],"_links":{"self":[{"href":"https:\/\/diariodevurgos.com\/dvwps\/wp-json\/wp\/v2\/posts\/10837"}],"collection":[{"href":"https:\/\/diariodevurgos.com\/dvwps\/wp-json\/wp\/v2\/posts"}],"about":[{"href":"https:\/\/diariodevurgos.com\/dvwps\/wp-json\/wp\/v2\/types\/post"}],"author":[{"embeddable":true,"href":"https:\/\/diariodevurgos.com\/dvwps\/wp-json\/wp\/v2\/users\/2"}],"replies":[{"embeddable":true,"href":"https:\/\/diariodevurgos.com\/dvwps\/wp-json\/wp\/v2\/comments?post=10837"}],"version-history":[{"count":4,"href":"https:\/\/diariodevurgos.com\/dvwps\/wp-json\/wp\/v2\/posts\/10837\/revisions"}],"predecessor-version":[{"id":10841,"href":"https:\/\/diariodevurgos.com\/dvwps\/wp-json\/wp\/v2\/posts\/10837\/revisions\/10841"}],"wp:attachment":[{"href":"https:\/\/diariodevurgos.com\/dvwps\/wp-json\/wp\/v2\/media?parent=10837"}],"wp:term":[{"taxonomy":"category","embeddable":true,"href":"https:\/\/diariodevurgos.com\/dvwps\/wp-json\/wp\/v2\/categories?post=10837"},{"taxonomy":"post_tag","embeddable":true,"href":"https:\/\/diariodevurgos.com\/dvwps\/wp-json\/wp\/v2\/tags?post=10837"}],"curies":[{"name":"wp","href":"https:\/\/api.w.org\/{rel}","templated":true}]}}