{"id":10850,"date":"2013-08-22T17:40:14","date_gmt":"2013-08-22T16:40:14","guid":{"rendered":"http:\/\/diariodevurgos.com\/dvwps\/?p=10850"},"modified":"2013-08-21T18:27:40","modified_gmt":"2013-08-21T17:27:40","slug":"a-un-ano-de-la-muerte-de-libardo-en-julisbol-carcel-de-menores-de-zaragoza","status":"publish","type":"post","link":"https:\/\/diariodevurgos.com\/dvwps\/a-un-ano-de-la-muerte-de-libardo-en-julisbol-carcel-de-menores-de-zaragoza.php","title":{"rendered":"A un a\u00f1o de la muerte de Libardo en Julisbol &#8211; C\u00e1rcel de menores de Zaragoza"},"content":{"rendered":"<p class=\"lead\"><a href=\"http:\/\/diariodevurgos.com\/dvwps\/wp-content\/uploads\/2013\/08\/libardo.jpg\"><img loading=\"lazy\" class=\"alignleft size-large wp-image-10851\" title=\"libardo\" src=\"http:\/\/diariodevurgos.com\/dvwps\/wp-content\/uploads\/2013\/08\/libardo-724x1024.jpg\" alt=\"libardo\" width=\"260\" height=\"368\" srcset=\"https:\/\/diariodevurgos.com\/dvwps\/wp-content\/uploads\/2013\/08\/libardo-724x1024.jpg 724w, https:\/\/diariodevurgos.com\/dvwps\/wp-content\/uploads\/2013\/08\/libardo-212x300.jpg 212w, https:\/\/diariodevurgos.com\/dvwps\/wp-content\/uploads\/2013\/08\/libardo.jpg 1728w\" sizes=\"(max-width: 260px) 100vw, 260px\" \/><\/a>El pr\u00f3ximo 31 de agosto se cumplir\u00e1 un a\u00f1o de la muerte de Libardo en su celda de la c\u00e1rcel de ni\u00f1os &#8220;CEIMJ Juslibol&#8221;\u009d de Zaragoza. Un a\u00f1o vac\u00ed\u00ado de justicia. Un a\u00f1o de verg\u00ed\u00bcenza, dolor y desprecio. Durante los 14 d\u00ed\u00adas que pas\u00f3 encerrado, Libardo fue tratado con psicof\u00e1rmacos sin historial cl\u00ed\u00adnico previo, sin diagn\u00f3stico conocido y sin recibir visita psiqui\u00e1trica, entre otros disparates que ese centro lleva cometiendo desde hace a\u00f1os y que ya fueran denunciados ante los responsables pol\u00ed\u00adticos del gobierno y las Cortes de Arag\u00f3n en 2008. A pesar de la monta\u00f1a de razones que justifican la necesidad de resolver este caso en todos sus t\u00e9rminos, todos y cada uno de los agentes competentes han hecho lo posible por ocultarlo, eludiendo para ello las tareas que por ley les son encomendadas. Todos menos la Audiencia Provincial de Zaragoza, que ha admitido el recurso y ordenado al Juzgado n\u00ba8 de Zaragoza que cumpla con su deber, alegando que &#8220;existen indicios de una omisi\u00f3n negligente de importancia para impedir el resultado avisado, temido y finalmente acaecido&#8221;\u009d. Ese &#8220;resultado&#8221; no es otro que la muerte de Libardo, OTRA muerte de un ni\u00f1o bajo secuestro institucional. Ya son 3 los ni\u00f1os muertos solo en 2013.<br \/>\nUn a\u00f1o despu\u00e9s, todo vuelve al principio. Por eso mantenemos nuestra reclamaci\u00f3n, que es legal y leg\u00ed\u00adtima, en memoria de Libardo y de todos los ni\u00f1os que han muerto bajo custodia de la llamada &#8220;administraci\u00f3n publica&#8221;, en solidaridad con su familia y con sus familias, en el ejercicio de nuestros derechos y por el reconocimiento de todos los derechos que a Libardo le fueron arrebatados (que son TODOS).<br \/>\nLas c\u00e1rceles no sirven, ni las de adultos ni las de ni\u00f1os, s\u00f3lo son f\u00e1bricas de dolor, tormento y miseria. Queremos justicia.<\/p>\n","protected":false},"excerpt":{"rendered":"<p>El pr\u00f3ximo 31 de agosto se cumplir\u00e1 un a\u00f1o de la muerte de Libardo en su celda de la c\u00e1rcel de ni\u00f1os &#8220;CEIMJ Juslibol&#8221;\u009d de Zaragoza. Un a\u00f1o vac\u00ed\u00ado de justicia. Un a\u00f1o de verg\u00ed\u00bcenza, dolor y desprecio. Durante los 14 d\u00ed\u00adas que pas\u00f3 encerrado, Libardo fue tratado con psicof\u00e1rmacos sin historial cl\u00ed\u00adnico previo, sin&#8230;  <a href=\"https:\/\/diariodevurgos.com\/dvwps\/a-un-ano-de-la-muerte-de-libardo-en-julisbol-carcel-de-menores-de-zaragoza.php\" class=\"more-link\" title=\"Read A un a\u00f1o de la muerte de Libardo en Julisbol &#8211; C\u00e1rcel de menores de Zaragoza\">Read more &raquo;<\/a><\/p>\n","protected":false},"author":8,"featured_media":0,"comment_status":"open","ping_status":"closed","sticky":false,"template":"","format":"standard","meta":[],"categories":[22,46,57],"tags":[],"_links":{"self":[{"href":"https:\/\/diariodevurgos.com\/dvwps\/wp-json\/wp\/v2\/posts\/10850"}],"collection":[{"href":"https:\/\/diariodevurgos.com\/dvwps\/wp-json\/wp\/v2\/posts"}],"about":[{"href":"https:\/\/diariodevurgos.com\/dvwps\/wp-json\/wp\/v2\/types\/post"}],"author":[{"embeddable":true,"href":"https:\/\/diariodevurgos.com\/dvwps\/wp-json\/wp\/v2\/users\/8"}],"replies":[{"embeddable":true,"href":"https:\/\/diariodevurgos.com\/dvwps\/wp-json\/wp\/v2\/comments?post=10850"}],"version-history":[{"count":2,"href":"https:\/\/diariodevurgos.com\/dvwps\/wp-json\/wp\/v2\/posts\/10850\/revisions"}],"predecessor-version":[{"id":10853,"href":"https:\/\/diariodevurgos.com\/dvwps\/wp-json\/wp\/v2\/posts\/10850\/revisions\/10853"}],"wp:attachment":[{"href":"https:\/\/diariodevurgos.com\/dvwps\/wp-json\/wp\/v2\/media?parent=10850"}],"wp:term":[{"taxonomy":"category","embeddable":true,"href":"https:\/\/diariodevurgos.com\/dvwps\/wp-json\/wp\/v2\/categories?post=10850"},{"taxonomy":"post_tag","embeddable":true,"href":"https:\/\/diariodevurgos.com\/dvwps\/wp-json\/wp\/v2\/tags?post=10850"}],"curies":[{"name":"wp","href":"https:\/\/api.w.org\/{rel}","templated":true}]}}