{"id":10905,"date":"2013-09-03T14:04:43","date_gmt":"2013-09-03T13:04:43","guid":{"rendered":"http:\/\/diariodevurgos.com\/dvwps\/?p=10905"},"modified":"2013-09-03T00:09:40","modified_gmt":"2013-09-02T23:09:40","slug":"una-llamada-de-antonio-jose-de-saneyuki-maekawa","status":"publish","type":"post","link":"https:\/\/diariodevurgos.com\/dvwps\/una-llamada-de-antonio-jose-de-saneyuki-maekawa.php","title":{"rendered":"Una llamada de Antonio Jos\u00e9 de Saneyuki Maekawa"},"content":{"rendered":"<p class=\"lead\"><img loading=\"lazy\" class=\"alignright size-thumbnail wp-image-10907\" title=\"Saneyuki-Maekawa\" src=\"http:\/\/diariodevurgos.com\/dvwps\/wp-content\/uploads\/2013\/09\/Saneyuki-Maekawa-150x150.jpg\" alt=\"Saneyuki-Maekawa\" width=\"150\" height=\"150\" \/><\/p>\n<p>El viajero y m\u00fasico japon\u00e9s <strong>Saneyuki Maekawa <\/strong>lleva dos largos a\u00f1os estudiando la figura del m\u00fasico burgal\u00e9s <a title=\"Antonio Jos\u00e9 Palacios\" href=\"http:\/\/es.wikipedia.org\/wiki\/Antonio_Jos%C3%A9\">Antonio Jos\u00e9,<\/a> una de las tantas de las v\u00ed\u00adctimas de la represi\u00f3n en la provincia de Burgos que dio con sus huesos en la fosa com\u00fan de Estepar. <strong>Espacio Tangente<\/strong> organiza para <strong>el jueves 5 de septiembre <\/strong>a partir de las<strong> 20.30 horas<\/strong> una charla-proyecci\u00f3n\u00a0 sobre el\u00a0 trabajo que est\u00e1 realizando est\u00e9 investigador nip\u00f3n en la que se incluye la proyecci\u00f3n audiovisual\u00a0 de la guitarrista Mar\u00ed\u00ada Villanueva Alonso <strong>&#8220;Sonata para guitarra. Una mirada hacia los a\u00f1os 30&#8221;<\/strong>. <!--more--><\/p>\n<p>Un viajero, m\u00fasico y escritor japones Saneyuki Maekawa lleva dos a\u00f1os investigando sobre Antonio Jos\u00e9, enamorado por las obras del maestro, especialmente &#8220;Colecci\u00f3n de cantos populares burgaleses(1932)&#8221; y &#8220;Sonata para guitarra(1933)&#8221;. As\u00ed\u00ad conoci\u00f3 muchos pueblos de la provincia de Burgos y sus paisanos. Adem\u00e1s, estableci\u00f3 amistades con otros estudiosos y m\u00fasicos, como la guitarrista gallega Mar\u00ed\u00ada Villanueva Alonso quien acaba de realizar una obra audiovisual en homenaje a la Sonata.<br \/>\nEn esta charla, va a hablar sobre su viaje, su trabajo y sus descubrimientos, adem\u00e1s de proyectar dicha obra de Mar\u00ed\u00ada Villanueva, para declarar de nuevo c\u00f3mo sigue llamando Antonio Jos\u00e9 a la generaci\u00f3n que vive y la que vendr\u00e1. Todo en castellano salvo la m\u00fasica.<br \/>\nUn peque\u00f1o homenaje en Espacio Tangente a la figura de Antonio Jos\u00e9, v\u00ed\u00adctima del genocidio franquista, asesinado y desaparecido en el Monte de Estepar.<\/p>\n<p style=\"text-align: center;\"><img loading=\"lazy\" class=\"aligncenter size-full wp-image-10906\" title=\"cartel_charla_SANEYUKI\" src=\"http:\/\/diariodevurgos.com\/dvwps\/wp-content\/uploads\/2013\/09\/cartel_charla_SANEYUKI.jpg\" alt=\"cartel_charla_SANEYUKI\" width=\"302\" height=\"850\" \/><\/p>\n","protected":false},"excerpt":{"rendered":"<p>El viajero y m\u00fasico japon\u00e9s Saneyuki Maekawa lleva dos largos a\u00f1os estudiando la figura del m\u00fasico burgal\u00e9s Antonio Jos\u00e9, una de las tantas de las v\u00ed\u00adctimas de la represi\u00f3n en la provincia de Burgos que dio con sus huesos en la fosa com\u00fan de Estepar. Espacio Tangente organiza para el jueves 5 de septiembre a&#8230;  <a href=\"https:\/\/diariodevurgos.com\/dvwps\/una-llamada-de-antonio-jose-de-saneyuki-maekawa.php\" class=\"more-link\" title=\"Read Una llamada de Antonio Jos\u00e9 de Saneyuki Maekawa\">Read more &raquo;<\/a><\/p>\n","protected":false},"author":2,"featured_media":0,"comment_status":"open","ping_status":"closed","sticky":false,"template":"","format":"standard","meta":[],"categories":[2,57,6,71,16],"tags":[],"_links":{"self":[{"href":"https:\/\/diariodevurgos.com\/dvwps\/wp-json\/wp\/v2\/posts\/10905"}],"collection":[{"href":"https:\/\/diariodevurgos.com\/dvwps\/wp-json\/wp\/v2\/posts"}],"about":[{"href":"https:\/\/diariodevurgos.com\/dvwps\/wp-json\/wp\/v2\/types\/post"}],"author":[{"embeddable":true,"href":"https:\/\/diariodevurgos.com\/dvwps\/wp-json\/wp\/v2\/users\/2"}],"replies":[{"embeddable":true,"href":"https:\/\/diariodevurgos.com\/dvwps\/wp-json\/wp\/v2\/comments?post=10905"}],"version-history":[{"count":6,"href":"https:\/\/diariodevurgos.com\/dvwps\/wp-json\/wp\/v2\/posts\/10905\/revisions"}],"predecessor-version":[{"id":10913,"href":"https:\/\/diariodevurgos.com\/dvwps\/wp-json\/wp\/v2\/posts\/10905\/revisions\/10913"}],"wp:attachment":[{"href":"https:\/\/diariodevurgos.com\/dvwps\/wp-json\/wp\/v2\/media?parent=10905"}],"wp:term":[{"taxonomy":"category","embeddable":true,"href":"https:\/\/diariodevurgos.com\/dvwps\/wp-json\/wp\/v2\/categories?post=10905"},{"taxonomy":"post_tag","embeddable":true,"href":"https:\/\/diariodevurgos.com\/dvwps\/wp-json\/wp\/v2\/tags?post=10905"}],"curies":[{"name":"wp","href":"https:\/\/api.w.org\/{rel}","templated":true}]}}