{"id":10952,"date":"2013-09-20T00:30:59","date_gmt":"2013-09-19T23:30:59","guid":{"rendered":"http:\/\/diariodevurgos.com\/dvwps\/?p=10952"},"modified":"2013-09-19T22:54:17","modified_gmt":"2013-09-19T21:54:17","slug":"nicolas-neira-una-figura-esencial-del-movimiento-libertario-burgales-de-los-anos-treinta","status":"publish","type":"post","link":"https:\/\/diariodevurgos.com\/dvwps\/nicolas-neira-una-figura-esencial-del-movimiento-libertario-burgales-de-los-anos-treinta.php","title":{"rendered":"Nicol\u00e1s Neira, una figura esencial del movimiento libertario burgal\u00e9s de los a\u00f1os treinta"},"content":{"rendered":"<p class=\"lead\">Nicol\u00e1s Neira Fern\u00e1ndez es uno de los militantes fundamentales del movimiento libertario burgal\u00e9s de los a\u00f1os treinta que, como tantos otros, encontr\u00f3 la muerte a manos de la terrible represi\u00f3n que se desat\u00f3 en la provincia de Burgos al inicio de la Guerra Civil. Su trayectoria vital ha servido como argumento en varios programas de <strong>Radio Onda Expansiva <\/strong><a title=\"Rastreando la memoria de Nicolas Neira\" href=\"http:\/\/ondaexpansiva.net\/?p=422\">(1)<\/a> y <a title=\"Ratreando al movimiento libertario burgal\u00e9s durante la II Rep\u00fablica\" href=\"http:\/\/ondaexpansiva.net\/?p=1268\">(2)<\/a>.<\/p>\n<p style=\"text-align: center;\"><img loading=\"lazy\" class=\"aligncenter size-full wp-image-10953\" title=\"Nicol\u00e1s Neira\" src=\"http:\/\/diariodevurgos.com\/dvwps\/wp-content\/uploads\/2013\/09\/Nicol\u00e1s-Neira.jpg\" alt=\"Nicol\u00e1s Neira\" width=\"214\" height=\"266\" \/><\/p>\n<p>El<strong> equipo de investigaci\u00f3n hist\u00f3rica de la CNT de Burgos<\/strong> ha rastreado en los archivos locales y documentos personales de la familia para completar los aspectos m\u00e1s desconocidos de su polifac\u00e9tica biograf\u00ed\u00ada, como las circunstancias que rodearon su muerte en el penal de Burgos o su intento de oponerse a los militares sublevados en julio de 1936. Una rese\u00f1a biogr\u00e1fica que\u00a0 ha sido recientemente publicada en la web <a title=\"Memor\u00ed\u00ada Hist\u00f3rica CNT\" href=\"http:\/\/memoriahistorica.cnt.es\/nicolas-neira-fernandez-burgos-25-de-mayo-de-1911-penal-de-burgos-9-de-septiembre-de-1936\/\">Memoria Hist\u00f3rica CNT <\/a>y que ahora compartimos con tod@s los lectores de <strong>DV<\/strong>.<!--more--><\/p>\n<p>Figura destacada del anarcosindicalismo burgal\u00e9s en los a\u00f1os republicanos. Ferroviario de profesi\u00f3n, ten\u00ed\u00ada adem\u00e1s una capacidad polifac\u00e9tica para desarrollar diferentes artes y actividades, tales como forja, dibujo, fotograf\u00ed\u00ada, llegando incluso a sacarse el permiso para pilotar avionetas.<\/p>\n<p>Estuvo encarcelado en diversas ocasiones por cuestiones relacionadas con su actividad en el seno de la CNT. Una de las estancias en prisi\u00f3n de la que se tiene constancia hay que situarla en diciembre de 1933, coincidiendo con el estado de Alarma decretado en todo el pa\u00ed\u00ads tras el intento insurreccional anarcosindicalista en respuesta al ascenso al poder de las derechas. Aunque el peso principal de la insurrecci\u00f3n se centr\u00f3 en ampl\u00ed\u00adas zonas de Arag\u00f3n, La Rioja o Barcelona, la represi\u00f3n gubernamental sin embargo lleg\u00f3 tambi\u00e9n a la provincia de Burgos, donde al igual que Nicol\u00e1s, fueron encarceladas varias decenas de personas de la propia capital burgalesa y de municipios de la provincia como Miranda de Ebro, Pampliega, Castrojeriz, Aranda de Duero o Castrillo de la Vega.<\/p>\n<p style=\"text-align: center;\"><img loading=\"lazy\" class=\"size-full wp-image-10955  aligncenter\" title=\"nicolas-neira-4\" src=\"http:\/\/diariodevurgos.com\/dvwps\/wp-content\/uploads\/2013\/09\/nicolas-neira-4.jpg\" alt=\"nicolas-neira-4\" width=\"434\" height=\"316\" srcset=\"https:\/\/diariodevurgos.com\/dvwps\/wp-content\/uploads\/2013\/09\/nicolas-neira-4.jpg 434w, https:\/\/diariodevurgos.com\/dvwps\/wp-content\/uploads\/2013\/09\/nicolas-neira-4-300x218.jpg 300w\" sizes=\"(max-width: 434px) 100vw, 434px\" \/><em><\/em><\/p>\n<p style=\"text-align: center;\"><em>A la izquierda de la imagen, Nicolas Neira, en una fotograf\u00ed\u00ada cedida por la familia<\/em><\/p>\n<p>Para el d\u00ed\u00ada 19 de diciembre ya hab\u00ed\u00adan sido puestos en libertad 65 detenidos, siendo probable que Nicol\u00e1s estuviese entre los liberados. Posteriormente, con la declaraci\u00f3n del estado de guerra en octubre de 1934 a ra\u00ed\u00adz de la Revoluci\u00f3n de Asturias y de los acontecimientos de Catalu\u00f1a, Nicol\u00e1s vuelve a ser encarcelado y acusado, junto con los vitorianos Daniel Orille Orive y Ces\u00e1reo Sarralde y los mirandeses Jos\u00e9 Varona Clemente y Vicente G\u00e1lvez, de conspiraci\u00f3n para cometer el delito de rebeli\u00f3n militar.<\/p>\n<p>El 1 de febrero de 1935 se celebra el Consejo de Guerra contra los cinco acusados, en el que el fiscal jur\u00ed\u00addico militar, adem\u00e1s de solicitar para cada uno de ellos la pena de 16 a\u00f1os de reclusi\u00f3n temporal, reclama tambi\u00e9n la disoluci\u00f3n del Sindicato \u00ed\u0161nico de la CNT de Miranda de Ebro, el Comit\u00e9 Comarcal de Sindicatos de la CNT de Vitoria y las Juventudes Libertarias de Burgos. La sentencia finalmente es absolutoria para todos ellos. Pocos d\u00ed\u00adas despu\u00e9s, ya libre, Nicol\u00e1s es nombrado vocal del Ateneo Popular de Burgos, centro que ten\u00ed\u00ada como finalidad acercar la instrucci\u00f3n al pueblo y en la que se desarrollaban numerosas conferencias literarias y art\u00ed\u00adsticas, se organizaban excursiones y contaba con una importante y voluminosa biblioteca.<\/p>\n<p>Ya en 1936, a finales de junio, solicita al ayuntamiento de Burgos en calidad de presidente del Sindicato \u00ed\u0161nico de la CNT de la localidad, la cesi\u00f3n del Teatro Principal para la realizaci\u00f3n de un mitin, el cual es celebrado el domingo 12 de julio. En el mismo intervienen, adem\u00e1s de los compa\u00f1eros de la Regional Centro Luis Caballero y Tom\u00e1s Cano Ruiz, el propio Nicol\u00e1s Neira. Apenas una semana despu\u00e9s, con el inicio del levantamiento militar, Nicol\u00e1s se va a encontrar entre los obreros que acuden al cuartel de la Guardia Civil de &#8220;El Morco&#8221;\u009d, tratando de conseguir armas con las que enfrentarse a los sublevados, debiendo finalmente abandonar su prop\u00f3sito sin \u00e9xito. Ante esa situaci\u00f3n, la resistencia en la capital burgalesa se hace pr\u00e1cticamente imposible.<\/p>\n<p>Comienza la &#8220;caza de brujas&#8221;\u009d por parte del ej\u00e9rcito y dem\u00e1s fuerzas sublevadas. Los militantes obreros deben ocultarse para evitar su captura. El 28 de julio es detenido el hermano de Nicol\u00e1s, Pablo Neira Fern\u00e1ndez, de 23 a\u00f1os. Tambi\u00e9n hab\u00ed\u00adan sido detenidos su suegro y su cu\u00f1ado, ingresando todos ellos en el penal de la ciudad.<\/p>\n<p style=\"text-align: center;\"><img loading=\"lazy\" class=\"size-full wp-image-10956    aligncenter\" title=\"nicolas-neira-3\" src=\"http:\/\/diariodevurgos.com\/dvwps\/wp-content\/uploads\/2013\/09\/nicolas-neira-3.jpg\" alt=\"nicolas-neira-3\" width=\"270\" height=\"385\" srcset=\"https:\/\/diariodevurgos.com\/dvwps\/wp-content\/uploads\/2013\/09\/nicolas-neira-3.jpg 270w, https:\/\/diariodevurgos.com\/dvwps\/wp-content\/uploads\/2013\/09\/nicolas-neira-3-210x300.jpg 210w\" sizes=\"(max-width: 270px) 100vw, 270px\" \/><em><\/em><\/p>\n<p style=\"text-align: center;\"><em>Nicol\u00e1s Neira en una fotograf\u00ed\u00ada en color cedida por la familia<\/em><\/p>\n<p>Dos d\u00ed\u00adas m\u00e1s tarde Nicol\u00e1s decide entregarse, enterado de la detenci\u00f3n de su hermano, con la esperanza de que de esta forma liberar\u00ed\u00adan a Pablo, cosa que as\u00ed\u00ad sucedi\u00f3. Tras m\u00e1s de un mes de cautiverio, el 9 de septiembre, Nicol\u00e1s muere en prisi\u00f3n, oficialmente por una angina de pecho, aunque es m\u00e1s que probable que le asesinaran como a tantos otros, no perdon\u00e1ndole su destacada militancia sindical y libertaria.<\/p>\n<p>Valeriana, su amada compa\u00f1era, supo trasladar convenientemente el recuerdo y la figura de Nicol\u00e1s a la hija de ambos, Raquel Neira. Gracias a Raquel, a su inestimable testimonio y a las fotograf\u00ed\u00adas y cartas que conserva de su padre, escritas desde la c\u00e1rcel en las diferentes ocasiones en las que estuvo preso, podemos hoy conocer con mayor profundidad la personalidad del indomable luchador libertario burgal\u00e9s.<\/p>\n<p style=\"text-align: center;\"><img loading=\"lazy\" class=\"aligncenter size-full wp-image-10954\" title=\"Extracto-carta-Nicol\u00e1s\" src=\"http:\/\/diariodevurgos.com\/dvwps\/wp-content\/uploads\/2013\/09\/Extracto-carta-Nicol\u00e1s.jpg\" alt=\"Extracto-carta-Nicol\u00e1s\" width=\"631\" height=\"172\" srcset=\"https:\/\/diariodevurgos.com\/dvwps\/wp-content\/uploads\/2013\/09\/Extracto-carta-Nicol\u00e1s.jpg 2191w, https:\/\/diariodevurgos.com\/dvwps\/wp-content\/uploads\/2013\/09\/Extracto-carta-Nicol\u00e1s-299x81.jpg 299w, https:\/\/diariodevurgos.com\/dvwps\/wp-content\/uploads\/2013\/09\/Extracto-carta-Nicol\u00e1s-1024x279.jpg 1024w\" sizes=\"(max-width: 631px) 100vw, 631px\" \/><\/p>\n<p style=\"text-align: center;\"><em>Fragmento de una carta de Nicol\u00e1s Neira desde el penal de Burgos<\/em><\/p>\n","protected":false},"excerpt":{"rendered":"<p>Nicol\u00e1s Neira Fern\u00e1ndez es uno de los militantes fundamentales del movimiento libertario burgal\u00e9s de los a\u00f1os treinta que, como tantos otros, encontr\u00f3 la muerte a manos de la terrible represi\u00f3n que se desat\u00f3 en la provincia de Burgos al inicio de la Guerra Civil. Su trayectoria vital ha servido como argumento en varios programas de&#8230;  <a href=\"https:\/\/diariodevurgos.com\/dvwps\/nicolas-neira-una-figura-esencial-del-movimiento-libertario-burgales-de-los-anos-treinta.php\" class=\"more-link\" title=\"Read Nicol\u00e1s Neira, una figura esencial del movimiento libertario burgal\u00e9s de los a\u00f1os treinta\">Read more &raquo;<\/a><\/p>\n","protected":false},"author":2,"featured_media":0,"comment_status":"open","ping_status":"closed","sticky":false,"template":"","format":"standard","meta":[],"categories":[2,6,23],"tags":[],"_links":{"self":[{"href":"https:\/\/diariodevurgos.com\/dvwps\/wp-json\/wp\/v2\/posts\/10952"}],"collection":[{"href":"https:\/\/diariodevurgos.com\/dvwps\/wp-json\/wp\/v2\/posts"}],"about":[{"href":"https:\/\/diariodevurgos.com\/dvwps\/wp-json\/wp\/v2\/types\/post"}],"author":[{"embeddable":true,"href":"https:\/\/diariodevurgos.com\/dvwps\/wp-json\/wp\/v2\/users\/2"}],"replies":[{"embeddable":true,"href":"https:\/\/diariodevurgos.com\/dvwps\/wp-json\/wp\/v2\/comments?post=10952"}],"version-history":[{"count":7,"href":"https:\/\/diariodevurgos.com\/dvwps\/wp-json\/wp\/v2\/posts\/10952\/revisions"}],"predecessor-version":[{"id":10962,"href":"https:\/\/diariodevurgos.com\/dvwps\/wp-json\/wp\/v2\/posts\/10952\/revisions\/10962"}],"wp:attachment":[{"href":"https:\/\/diariodevurgos.com\/dvwps\/wp-json\/wp\/v2\/media?parent=10952"}],"wp:term":[{"taxonomy":"category","embeddable":true,"href":"https:\/\/diariodevurgos.com\/dvwps\/wp-json\/wp\/v2\/categories?post=10952"},{"taxonomy":"post_tag","embeddable":true,"href":"https:\/\/diariodevurgos.com\/dvwps\/wp-json\/wp\/v2\/tags?post=10952"}],"curies":[{"name":"wp","href":"https:\/\/api.w.org\/{rel}","templated":true}]}}