{"id":1100,"date":"2007-12-30T00:16:59","date_gmt":"2007-12-29T23:16:59","guid":{"rendered":"http:\/\/diariodevurgos.com\/dvwps\/manifestacion-solidaria-con-david.php"},"modified":"2007-12-30T17:32:18","modified_gmt":"2007-12-30T16:32:18","slug":"manifestacion-solidaria-con-david","status":"publish","type":"post","link":"https:\/\/diariodevurgos.com\/dvwps\/manifestacion-solidaria-con-david.php","title":{"rendered":"Manifestaci\u00f3n solidaria con David"},"content":{"rendered":"<p class=\"lead\">A las ocho de la tarde de hoy Sabado casi un centenar de personas se ha concentrado en la Plaza del Cid para protestar contra el encarcelamientode David  en el centro de exterminio de Zambrana (Valladolid) desde el 24 de Mayo, acusado de agredir a un reconocido dirigente de la organizaci\u00f3n neo-nazi Democracia Nacional.<\/p>\n<p><!--more--><\/p>\n<p>Los concentradxs han desplegado una pancarta empezando una manifestaci\u00f3n por la calle Santander.<\/p>\n<p>Desde el comienzo la polic\u00ed\u00ada anti-disturbios, enviada especialmente por los de arriba desde Valladolid, ha intentado rodear toda la manifestaci\u00f3n , solo consiguiendo hacerlo por detras y parte de los lados.<\/p>\n<p>La manifestaci\u00f3n ha recorrido las principales calles c\u00e9ntricas de la ciudad durante una hora ante la mirada de las cientos de personas que abarrotaban las calles iluminadas y decoradas para el consumismo borreguil de la Navidad. Durante esta se han repartido panfletos explicativos de la situaci\u00f3n de David y se han gritado consignas por su excarcelacion y contra el sistema que nos oprime como:&#8221;David, libertad&#8221;, &#8220;Libertad, Libertad, a los presxs por luchar&#8221;, &#8220;Zambrana centro de tortura&#8221;, &#8220;Abajo los muros de la Prisiones&#8221;, &#8220;Dispersi\u00f3n es asesinato&#8221;, &#8220;Aqu\u00ed\u00ad se tortura como en la dictadura&#8221;, &#8220;La polic\u00ed\u00ada tortura y asesina&#8221;, &#8220;Antifascistas presxs, los nazis en la calle&#8221;,&#8230;<\/p>\n<p>Al finalizar la manifestaci\u00f3n al llegar al mismo punto de donde ha comenzado, la polic\u00ed\u00ada ha seguido a los manifestantes que se dispersaban por la Plaza Mayor, identificando a cuatro personas en la calle La Paloma sin proceder a su detenci\u00f3n. La tensi\u00f3n con la Polic\u00ed\u00ada ha sido alta durante todo el recorrido.<\/p>\n<p>La protesta a conseguido llevar a los oidos de muchos Burgaleses la situaci\u00f3n de David y la existencia de una juventud rebelde que no va a parar de luchar hasta ver a nuestro compa\u00f1ero en la calle, a una juventud que va a seguir luchando contra este sistema de las cosas.<\/p>\n<p>Esperemos que este sea el inicio de una campa\u00f1a constante hasta el excarcelamiento de David, que sea la punta del iceberg de un disidencia a lo establecido en esta ciudad gris.<\/p>\n<p>El texto el panfleto explicativo que se ha repartido es el siguiente:<\/p>\n<p style=\"font-weight: bold; font-style: italic\">&#8220;NO MAS ANTIFASCISTAS PRES.O.S.<\/p>\n<p style=\"font-style: italic\">Con el motivo de la llegada de un nuevo a\u00f1o y de estas fechas tan entra\u00f1ables para estar rodeado de familiares y amigos, tenemos que recordad a<span style=\"text-decoration: underline\" \/> lxs compa\u00f1er@s antifascistas presxs <span style=\"text-decoration: underline\" \/>,<span style=\"text-decoration: underline\" \/>lxs cuales no pueden estar con sus allegados por encontrarse secuestrados por el Estado espa\u00f1ol.<br \/>\nPor ello, queremos informaros de la situaci\u00f3n de nuestro compa\u00f1ero David, un joven antifascista burgal\u00e9s que ahora se encuentra preso en el Centro Penitenciario Zambrana, cumpliendo una pena de un a\u00f1o en r\u00e9gimen cerrado tras ser juzgado por la supuesta agresi\u00f3n a un reconocido dirigente de la organizaci\u00f3n neonazi Democracia Nacional.<br \/>\nIndudablemente, la gravedad de la condena esta marcada por las condiciones pol\u00ed\u00adtico-reaccionarias de la &#8220;justicia&#8221;\u009d que impera en nuestros d\u00ed\u00adas. No podemos olvidar que a pesar de los esfuerzos de la junta de Castilla y Le\u00f3n y otros organismos e instituciones regionales por enmascarar la realidad del Zambrana nos encontramos ante una c\u00e1rcel de menores, donde se violan con total impunidad los derechos de muchos chavales que al igual que David sufren regimenes de aislamiento, humillaciones y dem\u00e1s vejaciones a manos de los supuestos educadores, que no son mas que unos putos carceleros mercenarios del sistema; bajo la hip\u00f3crita l\u00f3gica pedag\u00f3gica del castigo, se busca la dominaci\u00f3n y destrucci\u00f3n del individuo o como ellos llaman: &#8220;reinserci\u00f3n social&#8221;\u009d, que no es mas que la sumisi\u00f3n y asimilaci\u00f3n de los valores capitalistas que desde luego no estamos dispuestos a tragar. La c\u00e1rcel es el \u00faltimo escal\u00f3n de la cadena represiva&#8230;<br \/>\nMientras, el Estado espa\u00f1ol con sus Fuerzas y Cuerpos de Seguridad, jueces y fiscales detiene, tortura y encarcela a j\u00f3venes antifascistas, da impunidad a grupos y organizaciones neonazis que cometen cientos de agresiones e incluso asesinatos como el del compa\u00f1ero Carlos ocurrido el mes pasado en Madrid, cuyo hecho no olvidamos.<\/p>\n<p style=\"font-weight: bold; font-style: italic\">ABAJO LOS MUROS DE LA PRISIONES<\/p>\n<p style=\"font-weight: bold; font-style: italic\">PRESOS ANTIFASCISTAS A LA CALLE<\/p>\n<p style=\"font-weight: bold; font-style: italic\">DAVID A LA CALLE YA &#8220;<\/p>\n","protected":false},"excerpt":{"rendered":"<p>A las ocho de la tarde de hoy Sabado casi un centenar de personas se ha concentrado en la Plaza del Cid para protestar contra el encarcelamientode David en el centro de exterminio de Zambrana (Valladolid) desde el 24 de Mayo, acusado de agredir a un reconocido dirigente de la organizaci\u00f3n neo-nazi Democracia Nacional.<\/p>\n","protected":false},"author":13,"featured_media":0,"comment_status":"open","ping_status":"closed","sticky":false,"template":"","format":"standard","meta":[],"categories":[2,22,17],"tags":[],"_links":{"self":[{"href":"https:\/\/diariodevurgos.com\/dvwps\/wp-json\/wp\/v2\/posts\/1100"}],"collection":[{"href":"https:\/\/diariodevurgos.com\/dvwps\/wp-json\/wp\/v2\/posts"}],"about":[{"href":"https:\/\/diariodevurgos.com\/dvwps\/wp-json\/wp\/v2\/types\/post"}],"author":[{"embeddable":true,"href":"https:\/\/diariodevurgos.com\/dvwps\/wp-json\/wp\/v2\/users\/13"}],"replies":[{"embeddable":true,"href":"https:\/\/diariodevurgos.com\/dvwps\/wp-json\/wp\/v2\/comments?post=1100"}],"version-history":[{"count":0,"href":"https:\/\/diariodevurgos.com\/dvwps\/wp-json\/wp\/v2\/posts\/1100\/revisions"}],"wp:attachment":[{"href":"https:\/\/diariodevurgos.com\/dvwps\/wp-json\/wp\/v2\/media?parent=1100"}],"wp:term":[{"taxonomy":"category","embeddable":true,"href":"https:\/\/diariodevurgos.com\/dvwps\/wp-json\/wp\/v2\/categories?post=1100"},{"taxonomy":"post_tag","embeddable":true,"href":"https:\/\/diariodevurgos.com\/dvwps\/wp-json\/wp\/v2\/tags?post=1100"}],"curies":[{"name":"wp","href":"https:\/\/api.w.org\/{rel}","templated":true}]}}