{"id":11013,"date":"2013-09-27T18:25:06","date_gmt":"2013-09-27T17:25:06","guid":{"rendered":"http:\/\/diariodevurgos.com\/dvwps\/?p=11013"},"modified":"2013-09-27T18:25:06","modified_gmt":"2013-09-27T17:25:06","slug":"jornada-internacional-por-la-despenalizacion-del-aborto","status":"publish","type":"post","link":"https:\/\/diariodevurgos.com\/dvwps\/jornada-internacional-por-la-despenalizacion-del-aborto.php","title":{"rendered":"Jornada internacional por la despenalizaci\u00f3n del aborto"},"content":{"rendered":"<p class=\"lead\">El 28 de septiembre se celebra el d\u00ed\u00ada internacional por la despenalizaci\u00f3n del aborto y son varias las actividades que la <strong>Plataforma por el Derecho al aborto de Burgos<\/strong> ha programado sum\u00e1ndose de esta manera a las m\u00faltiples iniciativas que se llevar\u00e1n a cabo en el Estado espa\u00f1ol. Se ha convocado una <strong>concentraci\u00f3n <\/strong>que dar\u00e1 comienzo a partir de las <strong>13.30<\/strong> en la <strong>Plaza del Cid<\/strong> y a partir de las <strong>19.30<\/strong> en el<strong> Espacio Tangente <\/strong>se proyectar\u00e1 el documental <em>&#8220;El salvador desde el instante de la concepci\u00f3n&#8221;\u009d<\/em> de Mar\u00ed\u00ada Cilleros que contar\u00e1 con la presentaci\u00f3n de Miriam Izquierdo.<\/p>\n<p style=\"text-align: center;\"><img loading=\"lazy\" class=\"aligncenter size-full wp-image-11014\" title=\"securedownload (3)\" src=\"http:\/\/diariodevurgos.com\/dvwps\/wp-content\/uploads\/2013\/09\/securedownload-3.jpeg\" alt=\"securedownload (3)\" width=\"269\" height=\"400\" srcset=\"https:\/\/diariodevurgos.com\/dvwps\/wp-content\/uploads\/2013\/09\/securedownload-3.jpeg 269w, https:\/\/diariodevurgos.com\/dvwps\/wp-content\/uploads\/2013\/09\/securedownload-3-201x300.jpg 201w\" sizes=\"(max-width: 269px) 100vw, 269px\" \/><\/p>\n","protected":false},"excerpt":{"rendered":"<p>El 28 de septiembre se celebra el d\u00ed\u00ada internacional por la despenalizaci\u00f3n del aborto y son varias las actividades que la Plataforma por el Derecho al aborto de Burgos ha programado sum\u00e1ndose de esta manera a las m\u00faltiples iniciativas que se llevar\u00e1n a cabo en el Estado espa\u00f1ol. Se ha convocado una concentraci\u00f3n que dar\u00e1&#8230;  <a href=\"https:\/\/diariodevurgos.com\/dvwps\/jornada-internacional-por-la-despenalizacion-del-aborto.php\" class=\"more-link\" title=\"Read Jornada internacional por la despenalizaci\u00f3n del aborto\">Read more &raquo;<\/a><\/p>\n","protected":false},"author":2,"featured_media":0,"comment_status":"open","ping_status":"closed","sticky":false,"template":"","format":"standard","meta":[],"categories":[2,57,66],"tags":[],"_links":{"self":[{"href":"https:\/\/diariodevurgos.com\/dvwps\/wp-json\/wp\/v2\/posts\/11013"}],"collection":[{"href":"https:\/\/diariodevurgos.com\/dvwps\/wp-json\/wp\/v2\/posts"}],"about":[{"href":"https:\/\/diariodevurgos.com\/dvwps\/wp-json\/wp\/v2\/types\/post"}],"author":[{"embeddable":true,"href":"https:\/\/diariodevurgos.com\/dvwps\/wp-json\/wp\/v2\/users\/2"}],"replies":[{"embeddable":true,"href":"https:\/\/diariodevurgos.com\/dvwps\/wp-json\/wp\/v2\/comments?post=11013"}],"version-history":[{"count":1,"href":"https:\/\/diariodevurgos.com\/dvwps\/wp-json\/wp\/v2\/posts\/11013\/revisions"}],"predecessor-version":[{"id":11015,"href":"https:\/\/diariodevurgos.com\/dvwps\/wp-json\/wp\/v2\/posts\/11013\/revisions\/11015"}],"wp:attachment":[{"href":"https:\/\/diariodevurgos.com\/dvwps\/wp-json\/wp\/v2\/media?parent=11013"}],"wp:term":[{"taxonomy":"category","embeddable":true,"href":"https:\/\/diariodevurgos.com\/dvwps\/wp-json\/wp\/v2\/categories?post=11013"},{"taxonomy":"post_tag","embeddable":true,"href":"https:\/\/diariodevurgos.com\/dvwps\/wp-json\/wp\/v2\/tags?post=11013"}],"curies":[{"name":"wp","href":"https:\/\/api.w.org\/{rel}","templated":true}]}}