{"id":1102,"date":"2007-12-30T14:11:31","date_gmt":"2007-12-30T13:11:31","guid":{"rendered":"http:\/\/diariodevurgos.com\/dvwps\/solidaridad-burgalesa.php"},"modified":"2007-12-30T22:26:17","modified_gmt":"2007-12-30T21:26:17","slug":"solidaridad-burgalesa","status":"publish","type":"post","link":"https:\/\/diariodevurgos.com\/dvwps\/solidaridad-burgalesa.php","title":{"rendered":"Solidaridad burgalesa"},"content":{"rendered":"<p align=\"center\" class=\"lead\"><img id=\"image1101\" alt=\"Cadena perpetua\" src=\"http:\/\/diariodevurgos.com\/dvwps\/wp-content\/uploads\/2007\/12\/cadenaperpetuapeque.jpg\" \/><\/p>\n<p>Alguien pens\u00f3 alguna vez que pintar en las paredes era un acto reivindicativo&#8230;<\/p>\n<p><!--more-->y an\u00f3nimo que val\u00ed\u00ada para protestar contra los reg\u00ed\u00admenes, pero las autoridades en la \u00e9poca franquista lo persegu\u00ed\u00adan, de ah\u00ed\u00ad salio aquel grito &#8220;paredes mudas, como en dictadura&#8221;\u009d. La democracia evoluciono y les ense\u00f1o a aquellos que gobernaban con franco y gobiernan tambi\u00e9n ahora, que ten\u00ed\u00adan que inventarse una escusa para volver mudas las paredes y esa fue el civismo.<\/p>\n<p>Ser civilizado obliga a luchar contra la cadena perpetua, hoy muchos dem\u00f3cratas pasaran por ese muro y girar\u00e1n la cabeza.<\/p>\n","protected":false},"excerpt":{"rendered":"<p>Alguien pens\u00f3 alguna vez que pintar en las paredes era un acto reivindicativo&#8230;<\/p>\n","protected":false},"author":1,"featured_media":0,"comment_status":"open","ping_status":"closed","sticky":false,"template":"","format":"standard","meta":[],"categories":[3,2],"tags":[],"_links":{"self":[{"href":"https:\/\/diariodevurgos.com\/dvwps\/wp-json\/wp\/v2\/posts\/1102"}],"collection":[{"href":"https:\/\/diariodevurgos.com\/dvwps\/wp-json\/wp\/v2\/posts"}],"about":[{"href":"https:\/\/diariodevurgos.com\/dvwps\/wp-json\/wp\/v2\/types\/post"}],"author":[{"embeddable":true,"href":"https:\/\/diariodevurgos.com\/dvwps\/wp-json\/wp\/v2\/users\/1"}],"replies":[{"embeddable":true,"href":"https:\/\/diariodevurgos.com\/dvwps\/wp-json\/wp\/v2\/comments?post=1102"}],"version-history":[{"count":0,"href":"https:\/\/diariodevurgos.com\/dvwps\/wp-json\/wp\/v2\/posts\/1102\/revisions"}],"wp:attachment":[{"href":"https:\/\/diariodevurgos.com\/dvwps\/wp-json\/wp\/v2\/media?parent=1102"}],"wp:term":[{"taxonomy":"category","embeddable":true,"href":"https:\/\/diariodevurgos.com\/dvwps\/wp-json\/wp\/v2\/categories?post=1102"},{"taxonomy":"post_tag","embeddable":true,"href":"https:\/\/diariodevurgos.com\/dvwps\/wp-json\/wp\/v2\/tags?post=1102"}],"curies":[{"name":"wp","href":"https:\/\/api.w.org\/{rel}","templated":true}]}}