{"id":11082,"date":"2013-10-24T08:10:47","date_gmt":"2013-10-24T07:10:47","guid":{"rendered":"http:\/\/diariodevurgos.com\/dvwps\/?p=11082"},"modified":"2013-10-24T12:57:22","modified_gmt":"2013-10-24T11:57:22","slug":"huelga-general-en-educacion","status":"publish","type":"post","link":"https:\/\/diariodevurgos.com\/dvwps\/huelga-general-en-educacion.php","title":{"rendered":"Huelga General en Educaci\u00f3n"},"content":{"rendered":"<p class=\"lead\">Hoy, 24 de octubre de 2013, est\u00e1 convocada a nivel estatal una <strong>jornada de Huelga General en todos los sectores de la educaci\u00f3n<\/strong> que tambi\u00e9n tiene su eco en Burgos con diferentes convocatorias. La huelga se encuadra en un contexto en el que se pretende convertir la educaci\u00f3n en un privilegio de unos pocos dificultando a los sectores econ\u00f3micamente menos favorecidos de la poblaci\u00f3n el acceso a la misma.<\/p>\n<p style=\"text-align: center;\"><img loading=\"lazy\" class=\"aligncenter size-full wp-image-11083\" title=\"huelga-300x213\" src=\"http:\/\/diariodevurgos.com\/dvwps\/wp-content\/uploads\/2013\/10\/huelga-300x213.jpg\" alt=\"huelga-300x213\" width=\"300\" height=\"213\" \/><\/p>\n<p>Frente a este tipo de ataques es necesario responder con la movilizaci\u00f3n y el rechazo a las medidas gubernamentales que pretenden volver a modelos educativos separados por castas. Desde <strong>DV<\/strong> nos animamos a secundar la convocatoria a estudiantes, profesores y dem\u00e1s colectivos del \u00e1mbito educativo para decir <strong>NO <\/strong>a este intento de regresi\u00f3n en algo tan b\u00e1sico como la educaci\u00f3n.<\/p>\n<p>Manifestaci\u00f3n en Burgos 19:30 Plaza del Cid.<\/p>\n","protected":false},"excerpt":{"rendered":"<p>Hoy, 24 de octubre de 2013, est\u00e1 convocada a nivel estatal una jornada de Huelga General en todos los sectores de la educaci\u00f3n que tambi\u00e9n tiene su eco en Burgos con diferentes convocatorias. La huelga se encuadra en un contexto en el que se pretende convertir la educaci\u00f3n en un privilegio de unos pocos dificultando&#8230;  <a href=\"https:\/\/diariodevurgos.com\/dvwps\/huelga-general-en-educacion.php\" class=\"more-link\" title=\"Read Huelga General en Educaci\u00f3n\">Read more &raquo;<\/a><\/p>\n","protected":false},"author":2,"featured_media":0,"comment_status":"open","ping_status":"closed","sticky":false,"template":"","format":"standard","meta":[],"categories":[2,57,58,60,49],"tags":[],"_links":{"self":[{"href":"https:\/\/diariodevurgos.com\/dvwps\/wp-json\/wp\/v2\/posts\/11082"}],"collection":[{"href":"https:\/\/diariodevurgos.com\/dvwps\/wp-json\/wp\/v2\/posts"}],"about":[{"href":"https:\/\/diariodevurgos.com\/dvwps\/wp-json\/wp\/v2\/types\/post"}],"author":[{"embeddable":true,"href":"https:\/\/diariodevurgos.com\/dvwps\/wp-json\/wp\/v2\/users\/2"}],"replies":[{"embeddable":true,"href":"https:\/\/diariodevurgos.com\/dvwps\/wp-json\/wp\/v2\/comments?post=11082"}],"version-history":[{"count":3,"href":"https:\/\/diariodevurgos.com\/dvwps\/wp-json\/wp\/v2\/posts\/11082\/revisions"}],"predecessor-version":[{"id":11085,"href":"https:\/\/diariodevurgos.com\/dvwps\/wp-json\/wp\/v2\/posts\/11082\/revisions\/11085"}],"wp:attachment":[{"href":"https:\/\/diariodevurgos.com\/dvwps\/wp-json\/wp\/v2\/media?parent=11082"}],"wp:term":[{"taxonomy":"category","embeddable":true,"href":"https:\/\/diariodevurgos.com\/dvwps\/wp-json\/wp\/v2\/categories?post=11082"},{"taxonomy":"post_tag","embeddable":true,"href":"https:\/\/diariodevurgos.com\/dvwps\/wp-json\/wp\/v2\/tags?post=11082"}],"curies":[{"name":"wp","href":"https:\/\/api.w.org\/{rel}","templated":true}]}}