{"id":11203,"date":"2013-11-21T00:51:00","date_gmt":"2013-11-20T23:51:00","guid":{"rendered":"http:\/\/diariodevurgos.com\/dvwps\/?p=11203"},"modified":"2013-11-20T22:54:46","modified_gmt":"2013-11-20T21:54:46","slug":"concierto-en-solidaridad-con-la-caja-obrera-antirepresiva-en-el-csa-la-cueva-de-palencia","status":"publish","type":"post","link":"https:\/\/diariodevurgos.com\/dvwps\/concierto-en-solidaridad-con-la-caja-obrera-antirepresiva-en-el-csa-la-cueva-de-palencia.php","title":{"rendered":"Concierto en solidaridad con la Caja Obrera Antirepresiva en el CSA La Cueva de Palencia"},"content":{"rendered":"<p class=\"lead\">El pr\u00f3ximo <strong>23 de noviembre s<\/strong>e ha programado un concierto en el <a title=\"CSA La Cueva\" href=\"http:\/\/navelacueva.blogspot.com.es\/\">CSA La Cueva de Palencia<\/a> en solidaridad con la Caja Obrera Antirepresiva de Valladolid para afrontar los gastos derivados de las luchas obreras y sociales, de la represi\u00f3n y del apoyo a compa\u00f1eros represaliados (como el compa\u00f1ero del 1\u00ba de mayo reprimido en Valladolid), a las luchas anticarcelarias y sociales y el apoyo a los y las secuestradxs por el Estado.<\/p>\n<p style=\"text-align: center;\"><img loading=\"lazy\" class=\"aligncenter size-full wp-image-11204\" title=\"criaturabn\" src=\"http:\/\/diariodevurgos.com\/dvwps\/wp-content\/uploads\/2013\/11\/criaturabn.jpg\" alt=\"criaturabn\" width=\"364\" height=\"481\" srcset=\"https:\/\/diariodevurgos.com\/dvwps\/wp-content\/uploads\/2013\/11\/criaturabn.jpg 1211w, https:\/\/diariodevurgos.com\/dvwps\/wp-content\/uploads\/2013\/11\/criaturabn-227x300.jpg 227w, https:\/\/diariodevurgos.com\/dvwps\/wp-content\/uploads\/2013\/11\/criaturabn-775x1024.jpg 775w\" sizes=\"(max-width: 364px) 100vw, 364px\" \/><\/p>\n","protected":false},"excerpt":{"rendered":"<p>El pr\u00f3ximo 23 de noviembre se ha programado un concierto en el CSA La Cueva de Palencia en solidaridad con la Caja Obrera Antirepresiva de Valladolid para afrontar los gastos derivados de las luchas obreras y sociales, de la represi\u00f3n y del apoyo a compa\u00f1eros represaliados (como el compa\u00f1ero del 1\u00ba de mayo reprimido en&#8230;  <a href=\"https:\/\/diariodevurgos.com\/dvwps\/concierto-en-solidaridad-con-la-caja-obrera-antirepresiva-en-el-csa-la-cueva-de-palencia.php\" class=\"more-link\" title=\"Read Concierto en solidaridad con la Caja Obrera Antirepresiva en el CSA La Cueva de Palencia\">Read more &raquo;<\/a><\/p>\n","protected":false},"author":2,"featured_media":0,"comment_status":"open","ping_status":"closed","sticky":false,"template":"","format":"standard","meta":[],"categories":[57,16],"tags":[],"_links":{"self":[{"href":"https:\/\/diariodevurgos.com\/dvwps\/wp-json\/wp\/v2\/posts\/11203"}],"collection":[{"href":"https:\/\/diariodevurgos.com\/dvwps\/wp-json\/wp\/v2\/posts"}],"about":[{"href":"https:\/\/diariodevurgos.com\/dvwps\/wp-json\/wp\/v2\/types\/post"}],"author":[{"embeddable":true,"href":"https:\/\/diariodevurgos.com\/dvwps\/wp-json\/wp\/v2\/users\/2"}],"replies":[{"embeddable":true,"href":"https:\/\/diariodevurgos.com\/dvwps\/wp-json\/wp\/v2\/comments?post=11203"}],"version-history":[{"count":2,"href":"https:\/\/diariodevurgos.com\/dvwps\/wp-json\/wp\/v2\/posts\/11203\/revisions"}],"predecessor-version":[{"id":11206,"href":"https:\/\/diariodevurgos.com\/dvwps\/wp-json\/wp\/v2\/posts\/11203\/revisions\/11206"}],"wp:attachment":[{"href":"https:\/\/diariodevurgos.com\/dvwps\/wp-json\/wp\/v2\/media?parent=11203"}],"wp:term":[{"taxonomy":"category","embeddable":true,"href":"https:\/\/diariodevurgos.com\/dvwps\/wp-json\/wp\/v2\/categories?post=11203"},{"taxonomy":"post_tag","embeddable":true,"href":"https:\/\/diariodevurgos.com\/dvwps\/wp-json\/wp\/v2\/tags?post=11203"}],"curies":[{"name":"wp","href":"https:\/\/api.w.org\/{rel}","templated":true}]}}