{"id":1121,"date":"2008-01-10T19:32:44","date_gmt":"2008-01-10T18:32:44","guid":{"rendered":"http:\/\/diariodevurgos.com\/dvwps\/ondaexpansiva-un-programa-de-radio-hecho-desde-burgos.php"},"modified":"2008-01-11T08:38:03","modified_gmt":"2008-01-11T07:38:03","slug":"ondaexpansiva-un-programa-de-radio-hecho-desde-burgos","status":"publish","type":"post","link":"https:\/\/diariodevurgos.com\/dvwps\/ondaexpansiva-un-programa-de-radio-hecho-desde-burgos.php","title":{"rendered":"OndaExpansiva: Un programa de radio hecho desde Burgos"},"content":{"rendered":"<p class=\"lead\">Comienza su andura <strong>Ondaexpansiva,<\/strong> un programa de radio <img align=\"right\" alt=\"Micro\" title=\"Micro\" id=\"image1120\" src=\"http:\/\/diariodevurgos.com\/dvwps\/wp-content\/uploads\/2008\/01\/old_fashion_radio_microphone_hg_wht.miniatura.gif\" \/>hecho desde la ciudad de Burgos con el que, atrav\u00e9s de entrevistas y diversas grabaciones, sus autores se proponen <em>subvertir conciencias. <\/em>Un programa para fomentar el pensamiento critico que representa una iniciatiava de radio a trav\u00e9s de la red hasta ahora inedita en la ciudad de Burgos.<!--more--><\/p>\n<p><strong>OndaExpansiva<\/strong> es un programa de radio hecho desde la ciudad de Burgos.<\/p>\n<p>Tras este peculiar nombre se esconde el primer paso hacia la creaci\u00f3n de una Radio Libre en la ciudad de Burgos. Un programa que emite a trav\u00e9s de Internet y representa, por lo tanto, la avanzadilla de un proyecto m\u00e1s amplio que, desde planteamientos libertarios pretende incidir en la realidad m\u00e1s cercana.<\/p>\n<p>Quienes damos vida a este programa pensamos que la radio es una forma interesante de comunicar planteamientos e ideas que consideramos interesantes. Mediante entrevistas, grabaciones ambientales de charlas y diferentes iniciativas iremos peri\u00f3dicamente realizando programas en los que abordaremos diferentes temas, ya sea referentes a una perspectiva general como aquellos otros m\u00e1s pr\u00f3ximos a nuestra realidad m\u00e1s cercana.<\/p>\n<p>La radio puede ser una herramienta \u00fatil para fomentar el pensamiento cr\u00ed\u00adtico, con <strong>OndaExpansiva<\/strong> pretendemos generar el an\u00e1lisis y la reflexi\u00f3n hacia aquellos aspectos de nuestra cotidianidad que nos son mostrados como inamovibles por los media of\u00ed\u00adciales.<\/p>\n<p><strong>OndaExpansiva<\/strong> pretende ser un instrumento de difusi\u00f3n, in\u00e9dito para la ciudad de Burgos, con el que tratar de dar visibilidad aquellas experiencias trasformadoras, adem\u00e1s de cobertura informativa a aquellos conflictos latentes.<\/p>\n<p>Un servidor com\u00fan para dos colectivos diferentes, con proyectos aut\u00f3nomos y completamente independientes, pero con un proyecto con com\u00fan: convertirse en un referente informativo cr\u00ed\u00adtico y anti-capitalista,un medio de comunicaci\u00f3n horizontal y libre, <a href=\"mailto:l@s\">l@s<\/a> <a href=\"mailto:un@s\">un@s<\/a> mediante la palabra escrita, los <a href=\"mailto:otr@s\">otr@s<\/a> mediante el empelo de la radio.<\/p>\n<p>Ondaexpansiva emite a trav\u00e9s del servidor del portal informativo burgal\u00e9s <a title=\"Diario de Vurgos(Burgos)\" href=\"http:\/\/diariodevurgos.com\/dvwps\/acerca-de\/\">DV<\/a>, a partir del cual nuestros programas pueden escucharse mediante la reproducci\u00f3n de un archivo <em>mp3<\/em> a modo de <a title=\"Podcast\" href=\"http:\/\/es.wikipedia.org\/wiki\/Podcast\">podcast<\/a> . Alojamos tambi\u00e9n nuestros programas en <a title=\"Radio Adoqu\u00ed\u00adn\" href=\"http:\/\/www.alasbarricadas.org\/radio\/\">Radio Adoqu\u00ed\u00adn<\/a>, un proyecto de radio a trav\u00e9s de la red donde podr\u00e1s encontrar programas similares al nuestro.<\/p>\n<p>En su primer primer programa, <strong>OndaExpansiva <\/strong>aborda  el conflicto contra el parking de la avenida <a title=\"Noalparking\" href=\"http:\/\/www.klinamen.org\/noalparking\/\">Eladio Perlado<\/a> realizando una entrevista a uno de los encausados por los hechos del 18 de agosto de 2005.<\/p>\n<p><a title=\"Radio OndaExpansiva\" href=\"http:\/\/diariodevurgos.com\/radioexpansiva\/\">Radio OndaExpansiva<\/a><\/p>\n","protected":false},"excerpt":{"rendered":"<p>Comienza su andura Ondaexpansiva, un programa de radio hecho desde la ciudad de Burgos con el que, atrav\u00e9s de entrevistas y diversas grabaciones, sus autores se proponen subvertir conciencias. Un programa para fomentar el pensamiento critico que representa una iniciatiava de radio a trav\u00e9s de la red hasta ahora inedita en la ciudad de Burgos.<\/p>\n","protected":false},"author":9,"featured_media":0,"comment_status":"open","ping_status":"closed","sticky":false,"template":"","format":"standard","meta":[],"categories":[2,23],"tags":[],"_links":{"self":[{"href":"https:\/\/diariodevurgos.com\/dvwps\/wp-json\/wp\/v2\/posts\/1121"}],"collection":[{"href":"https:\/\/diariodevurgos.com\/dvwps\/wp-json\/wp\/v2\/posts"}],"about":[{"href":"https:\/\/diariodevurgos.com\/dvwps\/wp-json\/wp\/v2\/types\/post"}],"author":[{"embeddable":true,"href":"https:\/\/diariodevurgos.com\/dvwps\/wp-json\/wp\/v2\/users\/9"}],"replies":[{"embeddable":true,"href":"https:\/\/diariodevurgos.com\/dvwps\/wp-json\/wp\/v2\/comments?post=1121"}],"version-history":[{"count":0,"href":"https:\/\/diariodevurgos.com\/dvwps\/wp-json\/wp\/v2\/posts\/1121\/revisions"}],"wp:attachment":[{"href":"https:\/\/diariodevurgos.com\/dvwps\/wp-json\/wp\/v2\/media?parent=1121"}],"wp:term":[{"taxonomy":"category","embeddable":true,"href":"https:\/\/diariodevurgos.com\/dvwps\/wp-json\/wp\/v2\/categories?post=1121"},{"taxonomy":"post_tag","embeddable":true,"href":"https:\/\/diariodevurgos.com\/dvwps\/wp-json\/wp\/v2\/tags?post=1121"}],"curies":[{"name":"wp","href":"https:\/\/api.w.org\/{rel}","templated":true}]}}