{"id":11331,"date":"2013-12-21T15:54:53","date_gmt":"2013-12-21T14:54:53","guid":{"rendered":"http:\/\/diariodevurgos.com\/dvwps\/?p=11331"},"modified":"2013-12-21T15:54:53","modified_gmt":"2013-12-21T14:54:53","slug":"gran-siembra-mundial-de-libros","status":"publish","type":"post","link":"https:\/\/diariodevurgos.com\/dvwps\/gran-siembra-mundial-de-libros.php","title":{"rendered":"Gran Siembra Mundial de Libros"},"content":{"rendered":"<p class=\"lead\"><a href=\"http:\/\/diariodevurgos.com\/dvwps\/wp-content\/uploads\/2013\/12\/siembra-de-libros.jpg\"><img loading=\"lazy\" class=\"alignleft size-medium wp-image-11332\" title=\"siembra de libros\" src=\"http:\/\/diariodevurgos.com\/dvwps\/wp-content\/uploads\/2013\/12\/siembra-de-libros-300x225.jpg\" alt=\"siembra de libros\" width=\"300\" height=\"225\" srcset=\"https:\/\/diariodevurgos.com\/dvwps\/wp-content\/uploads\/2013\/12\/siembra-de-libros-300x225.jpg 300w, https:\/\/diariodevurgos.com\/dvwps\/wp-content\/uploads\/2013\/12\/siembra-de-libros.jpg 960w\" sizes=\"(max-width: 300px) 100vw, 300px\" \/><\/a>Hoy 21 de diciembre,comienza el invierno\u00a0 , y como en cada cambio de estaci\u00f3n la gran siembra mundial de libros, un movimiento creado por <a href=\"https:\/\/www.facebook.com\/pages\/El-Club-de-los-Libros-Perdidos\/162382747156833\">El Club de los Libros Perdidos<\/a> consistente en dejar un libro en un espacio p\u00fablico, no importa s\u00ed\u00ad es\u00a0 un mercado, hospital, bar, transporte p\u00fablico, cine, museo&#8230; lo importante es compartir el gusto por la lectura, el conocimiento ,la pasi\u00f3n, la aventura &#8230;cambiado el significado de los pronombres mio por nuestro.<\/p>\n<p>Lo \u00fanico que debes hacer es dejar el libro en un espacio p\u00fablico con una leyenda que indique\u00a0 que forma parte de El Club de los Libros Perdidos y que es de quien lo encuentre pero que al finalizar su lectura deber\u00e1 ser liberado, para que pueda ser disfrutado por otras personas nuevamente.<\/p>\n<p>Indica adem\u00e1s la fecha y el lugar en d\u00f3nde fue sembrado, as\u00ed\u00ad en cada liberaci\u00f3n ser\u00e1 posible saber por d\u00f3nde ha viajado.<\/p>\n<p>Esta inciativa surge cada cambio estacional en todas las partes del mundo.Siembra ,libera ,comparte<\/p>\n","protected":false},"excerpt":{"rendered":"<p>Hoy 21 de diciembre,comienza el invierno\u00a0 , y como en cada cambio de estaci\u00f3n la gran siembra mundial de libros, un movimiento creado por El Club de los Libros Perdidos consistente en dejar un libro en un espacio p\u00fablico, no importa s\u00ed\u00ad es\u00a0 un mercado, hospital, bar, transporte p\u00fablico, cine, museo&#8230; lo importante es compartir&#8230;  <a href=\"https:\/\/diariodevurgos.com\/dvwps\/gran-siembra-mundial-de-libros.php\" class=\"more-link\" title=\"Read Gran Siembra Mundial de Libros\">Read more &raquo;<\/a><\/p>\n","protected":false},"author":8,"featured_media":0,"comment_status":"open","ping_status":"closed","sticky":false,"template":"","format":"standard","meta":[],"categories":[57,24],"tags":[],"_links":{"self":[{"href":"https:\/\/diariodevurgos.com\/dvwps\/wp-json\/wp\/v2\/posts\/11331"}],"collection":[{"href":"https:\/\/diariodevurgos.com\/dvwps\/wp-json\/wp\/v2\/posts"}],"about":[{"href":"https:\/\/diariodevurgos.com\/dvwps\/wp-json\/wp\/v2\/types\/post"}],"author":[{"embeddable":true,"href":"https:\/\/diariodevurgos.com\/dvwps\/wp-json\/wp\/v2\/users\/8"}],"replies":[{"embeddable":true,"href":"https:\/\/diariodevurgos.com\/dvwps\/wp-json\/wp\/v2\/comments?post=11331"}],"version-history":[{"count":2,"href":"https:\/\/diariodevurgos.com\/dvwps\/wp-json\/wp\/v2\/posts\/11331\/revisions"}],"predecessor-version":[{"id":11334,"href":"https:\/\/diariodevurgos.com\/dvwps\/wp-json\/wp\/v2\/posts\/11331\/revisions\/11334"}],"wp:attachment":[{"href":"https:\/\/diariodevurgos.com\/dvwps\/wp-json\/wp\/v2\/media?parent=11331"}],"wp:term":[{"taxonomy":"category","embeddable":true,"href":"https:\/\/diariodevurgos.com\/dvwps\/wp-json\/wp\/v2\/categories?post=11331"},{"taxonomy":"post_tag","embeddable":true,"href":"https:\/\/diariodevurgos.com\/dvwps\/wp-json\/wp\/v2\/tags?post=11331"}],"curies":[{"name":"wp","href":"https:\/\/api.w.org\/{rel}","templated":true}]}}