{"id":11479,"date":"2014-01-12T18:43:24","date_gmt":"2014-01-12T17:43:24","guid":{"rendered":"http:\/\/diariodevurgos.com\/dvwps\/?p=11479"},"modified":"2014-01-13T12:15:56","modified_gmt":"2014-01-13T11:15:56","slug":"gamonal-parara-este-bulevar-acciones-de-protesta-programadas-para-el-lunes-2","status":"publish","type":"post","link":"https:\/\/diariodevurgos.com\/dvwps\/gamonal-parara-este-bulevar-acciones-de-protesta-programadas-para-el-lunes-2.php","title":{"rendered":"Gamonal parar\u00e1 este bulevar: acciones de protesta programadas para el lunes"},"content":{"rendered":"<p class=\"lead\">Durante la ma\u00f1ana de hoy domingo 12 de enero ha tenido lugar una <strong>asamblea vecinal <\/strong>en plena calle Vitoria, lugar que comienza ya a ser conocido popularmente como <em>Zona Cero<\/em> y que durante dos jornadas consecutivas se ha convertido en <a title=\"Disturbios en Gamonal\" href=\"https:\/\/www.youtube.com\/watch?v=s2teC7T0CJk\">el epicentro de la lucha contra la construcci\u00f3n del bulevar<\/a>. El proceso asambleario que ha dado comienzo en Gamonal no se detiene y se han convocado nuevas acciones de protesta con un objetivo marcado: <strong>parar las obras del bulevar y oponerse a la especulaci\u00f3n urban\u00ed\u00adstica.<\/strong><\/p>\n<p style=\"text-align: center;\"><strong><img loading=\"lazy\" class=\"aligncenter size-full wp-image-11480\" title=\"a-asamblea4- 12.00 12-01-2014\" src=\"http:\/\/diariodevurgos.com\/dvwps\/wp-content\/uploads\/2014\/01\/a-asamblea4-12.00-12-01-20141.jpg\" alt=\"a-asamblea4- 12.00 12-01-2014\" width=\"336\" height=\"252\" srcset=\"https:\/\/diariodevurgos.com\/dvwps\/wp-content\/uploads\/2014\/01\/a-asamblea4-12.00-12-01-20141.jpg 600w, https:\/\/diariodevurgos.com\/dvwps\/wp-content\/uploads\/2014\/01\/a-asamblea4-12.00-12-01-20141-300x225.jpg 300w\" sizes=\"(max-width: 336px) 100vw, 336px\" \/><br \/>\n<\/strong><\/p>\n<p>Esta misma tarde tiene previsto desarrollarse una manifestaci\u00f3n en solidaridad con los 23 detenidos de la noche del s\u00e1bado. Aquellos que el exilio econ\u00f3mico haya dispersado lejos de Burgos \u00a0pod\u00e9is seguir<a title=\"Manifestaci\u00f3n en solidaridad con los detenidos del s\u00e1bado en la lucha contra el bulevar en Gamonal\" href=\"http:\/\/bambuser.com\/v\/4263528\"> la manifestaci\u00f3n en directo a trav\u00e9s de este enlace<\/a>.\u00a0Para ma\u00f1ana<strong> lunes 13 de enero <\/strong><strong>l<\/strong>os vecinos de Gamonal <strong>convocan una sentada a<\/strong> partir de las <strong>06.30<\/strong> <strong>horas <\/strong>con la intenci\u00f3n de <strong>detener el avance de las m\u00e1quinas<\/strong>.<\/p>\n","protected":false},"excerpt":{"rendered":"<p>Durante la ma\u00f1ana de hoy domingo 12 de enero ha tenido lugar una asamblea vecinal en plena calle Vitoria, lugar que comienza ya a ser conocido popularmente como Zona Cero y que durante dos jornadas consecutivas se ha convertido en el epicentro de la lucha contra la construcci\u00f3n del bulevar. El proceso asambleario que ha&#8230;  <a href=\"https:\/\/diariodevurgos.com\/dvwps\/gamonal-parara-este-bulevar-acciones-de-protesta-programadas-para-el-lunes-2.php\" class=\"more-link\" title=\"Read Gamonal parar\u00e1 este bulevar: acciones de protesta programadas para el lunes\">Read more &raquo;<\/a><\/p>\n","protected":false},"author":2,"featured_media":0,"comment_status":"open","ping_status":"closed","sticky":false,"template":"","format":"standard","meta":[],"categories":[74,2,57,12,27,49],"tags":[],"_links":{"self":[{"href":"https:\/\/diariodevurgos.com\/dvwps\/wp-json\/wp\/v2\/posts\/11479"}],"collection":[{"href":"https:\/\/diariodevurgos.com\/dvwps\/wp-json\/wp\/v2\/posts"}],"about":[{"href":"https:\/\/diariodevurgos.com\/dvwps\/wp-json\/wp\/v2\/types\/post"}],"author":[{"embeddable":true,"href":"https:\/\/diariodevurgos.com\/dvwps\/wp-json\/wp\/v2\/users\/2"}],"replies":[{"embeddable":true,"href":"https:\/\/diariodevurgos.com\/dvwps\/wp-json\/wp\/v2\/comments?post=11479"}],"version-history":[{"count":7,"href":"https:\/\/diariodevurgos.com\/dvwps\/wp-json\/wp\/v2\/posts\/11479\/revisions"}],"predecessor-version":[{"id":11482,"href":"https:\/\/diariodevurgos.com\/dvwps\/wp-json\/wp\/v2\/posts\/11479\/revisions\/11482"}],"wp:attachment":[{"href":"https:\/\/diariodevurgos.com\/dvwps\/wp-json\/wp\/v2\/media?parent=11479"}],"wp:term":[{"taxonomy":"category","embeddable":true,"href":"https:\/\/diariodevurgos.com\/dvwps\/wp-json\/wp\/v2\/categories?post=11479"},{"taxonomy":"post_tag","embeddable":true,"href":"https:\/\/diariodevurgos.com\/dvwps\/wp-json\/wp\/v2\/tags?post=11479"}],"curies":[{"name":"wp","href":"https:\/\/api.w.org\/{rel}","templated":true}]}}