{"id":11519,"date":"2014-01-13T13:24:41","date_gmt":"2014-01-13T12:24:41","guid":{"rendered":"http:\/\/diariodevurgos.com\/dvwps\/?p=11519"},"modified":"2014-01-14T17:56:02","modified_gmt":"2014-01-14T16:56:02","slug":"limpiando-la-calle","status":"publish","type":"post","link":"https:\/\/diariodevurgos.com\/dvwps\/limpiando-la-calle.php","title":{"rendered":"Protesta indefinida en Gamonal hasta detener las obras"},"content":{"rendered":"<p class=\"lead\">Vecinos en actitud combativa consiguen parar las obras desde la <strong>6:30 de la ma\u00f1ana<\/strong>, impidiendo que entren las maquinas de nuevo para seguir con esta gran obra especulativa de los constructores de la ciudad y sus compinches los pol\u00ed\u00adticos. Desafiando al fr\u00ed\u00ado entre c\u00e1nticos constantes los vecinos reunidos en asamblea hacen un llamamiento a permanecer indefinidamente en la zona de las obras hasta que se paren las mismas, se liberen a los detenidos y la polic\u00ed\u00ada salga del barrio.<\/p>\n<p style=\"text-align: center;\"><img loading=\"lazy\" class=\"aligncenter size-full wp-image-11534\" title=\"c-ma\u00f1ana5\" src=\"http:\/\/diariodevurgos.com\/dvwps\/wp-content\/uploads\/2014\/01\/c-ma\u00f1ana5.jpg\" alt=\"c-ma\u00f1ana5\" width=\"420\" height=\"315\" srcset=\"https:\/\/diariodevurgos.com\/dvwps\/wp-content\/uploads\/2014\/01\/c-ma\u00f1ana5.jpg 600w, https:\/\/diariodevurgos.com\/dvwps\/wp-content\/uploads\/2014\/01\/c-ma\u00f1ana5-300x225.jpg 300w\" sizes=\"(max-width: 420px) 100vw, 420px\" \/><\/p>\n<p style=\"text-align: center;\">\n<p style=\"text-align: left;\">J\u00f3venes estudiantes<strong> convocan asamblea a las 17:30 horas para proponer una huelga estudiantil<\/strong> indefinida por las reivindicaciones anteriores. Tambi\u00e9n a las 19:00 horas se anima a todos a acudir a la asamblea vecinal en la zona ocupada de las obras en la calle vitoria.<\/p>\n<p style=\"text-align: left;\">[youtube]http:\/\/www.youtube.com\/watch?v=NiLZBY0lLpo[\/youtube]<\/p>\n<p style=\"text-align: left;\">[youtube]http:\/\/www.youtube.com\/watch?v=gRcrArMFQOU[\/youtube]<\/p>\n<p>El entusiasmo se hace palpable en gamonal, los mayores y sus hijos hablan de revuelta e incluso de revoluci\u00f3n social, de la necesidad de extender el conflicto por todos los pueblos y ciudades, servir de chispa que encienda esta gran hoguera de rabia contenida, se va a luchar sin descanso hasta que liberen y absuelvan a todos los detenidos, se paren las obras y se vaya la polic\u00ed\u00ada del barrio.<\/p>\n<p style=\"text-align: center;\"><img loading=\"lazy\" class=\"aligncenter size-full wp-image-11531\" title=\"b-ma\u00f1ana1\" src=\"http:\/\/diariodevurgos.com\/dvwps\/wp-content\/uploads\/2014\/01\/b-ma\u00f1ana1.jpg\" alt=\"b-ma\u00f1ana1\" width=\"419\" height=\"165\" srcset=\"https:\/\/diariodevurgos.com\/dvwps\/wp-content\/uploads\/2014\/01\/b-ma\u00f1ana1.jpg 599w, https:\/\/diariodevurgos.com\/dvwps\/wp-content\/uploads\/2014\/01\/b-ma\u00f1ana1-300x118.jpg 300w\" sizes=\"(max-width: 419px) 100vw, 419px\" \/><\/p>\n<p>En la asamblea tambi\u00e9n se ha decidido facilitar el tr\u00e1nsito de los vecinos volviendo a dejar las aceras libres de vallas y haciendo visibles los diferentes anclajes del suelo para que no se produzcan accidentes para que todo el mundo puede acercarse a la zona cero de la resistencia. El pueblo ha decidido que con los vecinos no se juega y llevar a cabo todo lo necesario para impedir una obra que reportara beneficios millonarios a los de siempre y ruina a los de abajo. En eso consiste en los de abajo contra los de arriba.<\/p>\n<p style=\"text-align: center;\"><img loading=\"lazy\" class=\"aligncenter size-full wp-image-11532\" title=\"c-ma\u00f1ana2 todocontroladozonacerojuntospodemos\" src=\"http:\/\/diariodevurgos.com\/dvwps\/wp-content\/uploads\/2014\/01\/c-ma\u00f1ana2-todocontroladozonacerojuntospodemos.jpg\" alt=\"c-ma\u00f1ana2 todocontroladozonacerojuntospodemos\" width=\"419\" height=\"236\" srcset=\"https:\/\/diariodevurgos.com\/dvwps\/wp-content\/uploads\/2014\/01\/c-ma\u00f1ana2-todocontroladozonacerojuntospodemos.jpg 599w, https:\/\/diariodevurgos.com\/dvwps\/wp-content\/uploads\/2014\/01\/c-ma\u00f1ana2-todocontroladozonacerojuntospodemos-300x168.jpg 300w\" sizes=\"(max-width: 419px) 100vw, 419px\" \/><\/p>\n<p>El mundo nos est\u00e1 mirando, necesitamos un levantamiento generalizado contra el capital por cada rinc\u00f3n de este mundo, dicen que el que hace una revoluci\u00f3n a medias se cava su propia tumba, nosotros no vamos a volver a llenar las cunetas.<br \/>\n\u00a1Estamos hartos!<\/p>\n<p>Pueblo consciente de otros barrios, pueblos y ciudades:<strong>\u00a1Levantaros!\u00a1Asambleas, movilizaci\u00f3n, huelgas y acci\u00f3n directa contra el poder!<\/strong><\/p>\n<p>Ante la pasividad desde el Ayuntamiento en <strong>la asamblea vecinal de las 12:00<\/strong> se decide limpiar la calle para evitar tropiezos , accidentes y poder circular libremente.<\/p>\n<p align=\"center\"><img loading=\"lazy\" class=\"alignnone size-medium wp-image-11521\" title=\"b -ma\u00f1ana2\" src=\"http:\/\/diariodevurgos.com\/dvwps\/wp-content\/uploads\/2014\/01\/b-ma\u00f1ana2-300x168.jpg\" alt=\"b -ma\u00f1ana2\" width=\"300\" height=\"168\" srcset=\"https:\/\/diariodevurgos.com\/dvwps\/wp-content\/uploads\/2014\/01\/b-ma\u00f1ana2-300x168.jpg 300w, https:\/\/diariodevurgos.com\/dvwps\/wp-content\/uploads\/2014\/01\/b-ma\u00f1ana2.jpg 599w\" sizes=\"(max-width: 300px) 100vw, 300px\" \/><\/p>\n<p align=\"center\"><img loading=\"lazy\" class=\"alignnone size-medium wp-image-11520\" title=\"b-ma\u00f1ana3\" src=\"http:\/\/diariodevurgos.com\/dvwps\/wp-content\/uploads\/2014\/01\/b-ma\u00f1ana3-300x195.jpg\" alt=\"b-ma\u00f1ana3\" width=\"300\" height=\"195\" srcset=\"https:\/\/diariodevurgos.com\/dvwps\/wp-content\/uploads\/2014\/01\/b-ma\u00f1ana3-300x195.jpg 300w, https:\/\/diariodevurgos.com\/dvwps\/wp-content\/uploads\/2014\/01\/b-ma\u00f1ana3.jpg 600w\" sizes=\"(max-width: 300px) 100vw, 300px\" \/><\/p>\n<p style=\"text-align: left;\">\n<p style=\"text-align: left;\"><strong>Actualizado 19.00 horas:<\/strong> Los vecinos est\u00e1n tratando de contrarrestar con diversas acciones informativas \u00a0las verdades a medidas que est\u00e1n difundiendo muchos medios. Es interesante escuchar este audio donde <a title=\"Audio de RNE donde un vecino desmiente los destrozos en comercios\" href=\"http:\/\/www.rtve.es\/alacarta\/audios\/programa\/teresa-burgos-7857278-2014-01-13t08-22-13000\/2305135\/\">un habitante de Gamonal recrimina a un reportero de RNE que este informando de que se han da\u00f1ado comercios<\/a>.<\/p>\n<p style=\"text-align: center;\">\n<p style=\"text-align: left;\">En estos momentos vecinos contin\u00faan la concentraci\u00f3n en la calle Vitoria desarrollando una asamblea, un instrumento que ha terminado por convertirse en uno de los motores de la oposici\u00f3n al proyecto especulativo y que tiene c\u00f3mo objetivo conseguir la paralizaci\u00f3n definitiva de las obras del bulevar. <strong>La movilizaci\u00f3n vecinal ha conseguido detener \u00a0hoy lunes las m\u00e1quinas en un pulso colectivo que Gamonal est\u00e1 echando a los jerifaltes de la ciudad.<\/strong><\/p>\n<p style=\"text-align: center;\"><img loading=\"lazy\" class=\"aligncenter size-full wp-image-11538\" title=\"f-tarde2\" src=\"http:\/\/diariodevurgos.com\/dvwps\/wp-content\/uploads\/2014\/01\/f-tarde2.jpg\" alt=\"f-tarde2\" width=\"420\" height=\"315\" srcset=\"https:\/\/diariodevurgos.com\/dvwps\/wp-content\/uploads\/2014\/01\/f-tarde2.jpg 600w, https:\/\/diariodevurgos.com\/dvwps\/wp-content\/uploads\/2014\/01\/f-tarde2-300x225.jpg 300w\" sizes=\"(max-width: 420px) 100vw, 420px\" \/><\/p>\n<p style=\"text-align: center;\">\n<p style=\"text-align: left;\">En estos mismos momentos est\u00e1 \u00a0teniendo lugar\u00a0<a title=\"Nueva manifestaci\u00f3n contra el bulevar\" href=\"http:\/\/www.ustream.tv\/channel\/directo-desde-burgos-gamonal\">una nueva manifestaci\u00f3n <\/a>que vuelve a tomar como epicentro la lucha de un barrio unido contra la especulaci\u00f3n y la represi\u00f3n. Desde<strong> DV <\/strong>trataremos de seguir informando de este conflicto que ha logrado que Gamonal sea un ejemplo de lucha a seguir m\u00e1s all\u00e1 de sus fronteras.<\/p>\n<p style=\"text-align: left;\">[youtube]stMBu6LEBeY[\/youtube]<\/p>\n","protected":false},"excerpt":{"rendered":"<p>Vecinos en actitud combativa consiguen parar las obras desde la 6:30 de la ma\u00f1ana, impidiendo que entren las maquinas de nuevo para seguir con esta gran obra especulativa de los constructores de la ciudad y sus compinches los pol\u00ed\u00adticos. Desafiando al fr\u00ed\u00ado entre c\u00e1nticos constantes los vecinos reunidos en asamblea hacen un llamamiento a permanecer&#8230;  <a href=\"https:\/\/diariodevurgos.com\/dvwps\/limpiando-la-calle.php\" class=\"more-link\" title=\"Read Protesta indefinida en Gamonal hasta detener las obras\">Read more &raquo;<\/a><\/p>\n","protected":false},"author":1,"featured_media":0,"comment_status":"open","ping_status":"closed","sticky":false,"template":"","format":"standard","meta":[],"categories":[74,2,57,64,12,27,49],"tags":[],"_links":{"self":[{"href":"https:\/\/diariodevurgos.com\/dvwps\/wp-json\/wp\/v2\/posts\/11519"}],"collection":[{"href":"https:\/\/diariodevurgos.com\/dvwps\/wp-json\/wp\/v2\/posts"}],"about":[{"href":"https:\/\/diariodevurgos.com\/dvwps\/wp-json\/wp\/v2\/types\/post"}],"author":[{"embeddable":true,"href":"https:\/\/diariodevurgos.com\/dvwps\/wp-json\/wp\/v2\/users\/1"}],"replies":[{"embeddable":true,"href":"https:\/\/diariodevurgos.com\/dvwps\/wp-json\/wp\/v2\/comments?post=11519"}],"version-history":[{"count":21,"href":"https:\/\/diariodevurgos.com\/dvwps\/wp-json\/wp\/v2\/posts\/11519\/revisions"}],"predecessor-version":[{"id":11528,"href":"https:\/\/diariodevurgos.com\/dvwps\/wp-json\/wp\/v2\/posts\/11519\/revisions\/11528"}],"wp:attachment":[{"href":"https:\/\/diariodevurgos.com\/dvwps\/wp-json\/wp\/v2\/media?parent=11519"}],"wp:term":[{"taxonomy":"category","embeddable":true,"href":"https:\/\/diariodevurgos.com\/dvwps\/wp-json\/wp\/v2\/categories?post=11519"},{"taxonomy":"post_tag","embeddable":true,"href":"https:\/\/diariodevurgos.com\/dvwps\/wp-json\/wp\/v2\/tags?post=11519"}],"curies":[{"name":"wp","href":"https:\/\/api.w.org\/{rel}","templated":true}]}}