{"id":11618,"date":"2014-01-14T20:32:45","date_gmt":"2014-01-14T19:32:45","guid":{"rendered":"http:\/\/diariodevurgos.com\/dvwps\/?p=11618"},"modified":"2014-01-14T20:38:38","modified_gmt":"2014-01-14T19:38:38","slug":"comunicado-de-la-asamblea-vecinal-de-gamonal","status":"publish","type":"post","link":"https:\/\/diariodevurgos.com\/dvwps\/comunicado-de-la-asamblea-vecinal-de-gamonal.php","title":{"rendered":"Comunicado de la Asamblea Vecinal de Gamonal"},"content":{"rendered":"<p class=\"lead\">La vor\u00e1gine de acontecimientos se sucede en Gamonal en un conflicto vecinal avivado por la intransigencia de un consistorio que se haya maniatado por los intereses especulativos de las grandes empresas de la construcci\u00f3n. Publicamos a continuaci\u00f3n el comunicado que la <strong>Asamblea Vecinal contra el bulevar de la calle Vitoria<\/strong> ha consensuado esta misma ma\u00f1ana del <strong>martes 14 de enero.<\/strong><\/p>\n<p style=\"text-align: center;\"><strong><img loading=\"lazy\" class=\"aligncenter size-full wp-image-11622\" title=\"Abuelo luchador\" src=\"http:\/\/diariodevurgos.com\/dvwps\/wp-content\/uploads\/2014\/01\/Abuelo-luchador.jpg\" alt=\"Abuelo luchador\" width=\"396\" height=\"262\" srcset=\"https:\/\/diariodevurgos.com\/dvwps\/wp-content\/uploads\/2014\/01\/Abuelo-luchador.jpg 599w, https:\/\/diariodevurgos.com\/dvwps\/wp-content\/uploads\/2014\/01\/Abuelo-luchador-300x199.jpg 300w\" sizes=\"(max-width: 396px) 100vw, 396px\" \/><br \/>\n<\/strong><\/p>\n<p>El estado de excepci\u00f3n registrado ayer en el barrio,<a title=\"Cientos de antidisturbios para reprimir la protesta\" href=\"http:\/\/www.publico.es\/actualidad\/494945\/interior-eleva-a-130-los-antidisturbios-para-reprimir-la-protesta-de-gamonal\"> al que se han desplazado\u00a0 cientos de unidades antidisturbios enviadas por el Ministerio de Interior,<\/a> no ha logrado detener la movilizaci\u00f3n social que crece imparable y comienza ya dar sus frutos frente al totalitarismo\u00a0 institucional.<!--more--><\/p>\n<p>Lo acontecido durante estos cinco d\u00ed\u00adas de revueltas, no puede ser explicado con simplezas como las de la prensa o mentiras como las de instituciones y ayuntamiento, si no con realidades y verdades como pu\u00f1os.<\/p>\n<p>Lo que comenz\u00f3 como una protesta vecinal contra el proyecto de realizaci\u00f3n de un bulevar en la calle vitoria en Gamonal,\u00a0 obra impuesta desde una postura totalitaria y que durante meses los vecinos han rechazado en numerosas movilizaciones y manifestaciones, se ha convertido en una expresi\u00f3n del descontento generalizado.<\/p>\n<p>No vamos a detallar las lindezas de este proyecto, simplemente con una m\u00ed\u00adnima racionalidad, se evidencia un intento m\u00e1s,en estacomo en otras ciudades,\u00a0 de mantener la especulaci\u00f3n urban\u00ed\u00adstica y el fomento de la corrupci\u00f3n generalizada de la clase pol\u00ed\u00adtica, aumentando aun m\u00e1s\u00a0 los beneficios de las clases dominantes frente al pueblo.<\/p>\n<p>En este caso, frente a un barrio de vecinos, obrero, ahogado en facturas, impuestos, multas, hipotecas sin pagar, desahucios y con una cifra de parados que llega hasta 18.000 personas. Hasta ahora nada diferente a lo que est\u00e1 ocurriendo a nivel estatal, a ra\u00ed\u00adz de la famosa crisis, en la cual las diferencias sociales se han hecho abismales.<\/p>\n<p style=\"text-align: center;\"><img loading=\"lazy\" class=\"aligncenter size-full wp-image-11621\" title=\"g-tarde4\" src=\"http:\/\/diariodevurgos.com\/dvwps\/wp-content\/uploads\/2014\/01\/g-tarde4.jpg\" alt=\"g-tarde4\" width=\"421\" height=\"236\" srcset=\"https:\/\/diariodevurgos.com\/dvwps\/wp-content\/uploads\/2014\/01\/g-tarde4.jpg 598w, https:\/\/diariodevurgos.com\/dvwps\/wp-content\/uploads\/2014\/01\/g-tarde4-300x169.jpg 300w\" sizes=\"(max-width: 421px) 100vw, 421px\" \/><\/p>\n<p>Por ello lo acontecido durante estos d\u00ed\u00adas no solo es el rechazo de todo un pueblo a un proyecto de especulaci\u00f3n urban\u00ed\u00adstica,que costar\u00e1 al barrio\u00a0 trastornos de aparcamiento, tr\u00e1fico y 8 millones de euros, de los cuales ning\u00fan vecino ver\u00e1\u00a0 beneficio alguno, solo los a\u00f1os que condenaran a generaciones y generaciones a costear obras fara\u00f3nicas y engordar las saneadas cuentas de empresarios y pol\u00ed\u00adticos corruptos. El rechazo supone muchas m\u00e1s cosas, es la expresi\u00f3n de rabia colectiva, rabia en los j\u00f3venes que no ven futuro alguno en estas condiciones, de los mayores\u00a0 que con tristeza, se han dado cuenta de que todos los supuestos derechos que tanto sudor y sangre han costado conseguir, en menos de 6 a\u00f1os se han ido al garete, y sobre todo la prepotencia e intolerancia del poder que domina e impone, sin escuchar a nada ni a nadie. Ellos hacen las leyes, blindan la democracia para preservar sus privilegios, y\u00a0 la realidad es que si los incidentes del pasado viernes no hubieran ocurrido, jam\u00e1s nadie nos habr\u00ed\u00ada escuchado. La paz social la han roto ellos y no los j\u00f3venes violentos encapuchados como algunos quieren hacernos creer, en el barrio todos sabemos lo que pasa, estamos unidos, no tenemos miedo a dar la cara.<\/p>\n<p style=\"text-align: center;\"><img loading=\"lazy\" class=\"aligncenter size-full wp-image-11623\" title=\"m-noche13\" src=\"http:\/\/diariodevurgos.com\/dvwps\/wp-content\/uploads\/2014\/01\/m-noche13.jpg\" alt=\"m-noche13\" width=\"420\" height=\"420\" srcset=\"https:\/\/diariodevurgos.com\/dvwps\/wp-content\/uploads\/2014\/01\/m-noche13.jpg 600w, https:\/\/diariodevurgos.com\/dvwps\/wp-content\/uploads\/2014\/01\/m-noche13-150x150.jpg 150w, https:\/\/diariodevurgos.com\/dvwps\/wp-content\/uploads\/2014\/01\/m-noche13-300x300.jpg 300w\" sizes=\"(max-width: 420px) 100vw, 420px\" \/><\/p>\n<p>Violencia es, llenar la ciudad de polic\u00ed\u00adas, si se les puede llamar por este nombre y no por el de mercenarios, que est\u00e1n pegando a nuestros hijos y vecinos , deteniendo ya a 47 personas, provocando cortes de luz y tel\u00e9fono en algunas casas, redadas y cacheos indiscriminados.El s\u00e1bado lanzaron m\u00e1s de una treintena de pelotas de goma hiriendo seriamente a\u00a0 vecinos, de los cuales apenas nadie ha hecho menci\u00f3n, solo de los ataques recibidos por los cuerpos de seguridad cuando la violencia y la situaci\u00f3n es desproporcionada.<\/p>\n<p style=\"text-align: center;\"><img loading=\"lazy\" class=\"aligncenter size-full wp-image-11624\" title=\"d-tarde9 18.45h\" src=\"http:\/\/diariodevurgos.com\/dvwps\/wp-content\/uploads\/2014\/01\/d-tarde9-18.45h.jpg\" alt=\"d-tarde9 18.45h\" width=\"420\" height=\"315\" srcset=\"https:\/\/diariodevurgos.com\/dvwps\/wp-content\/uploads\/2014\/01\/d-tarde9-18.45h.jpg 600w, https:\/\/diariodevurgos.com\/dvwps\/wp-content\/uploads\/2014\/01\/d-tarde9-18.45h-300x225.jpg 300w\" sizes=\"(max-width: 420px) 100vw, 420px\" \/><\/p>\n<p>A su vez el aparato represivo del estado no ha dudado en aplicar condenas ejemplarizantes a todos aquellos que muestren cualquier tipo de disconformidad,\u00a0 el boceto de ley de seguridad ciudadana presentada por el gobierno recientemente da buena cuenta de las intenciones del estado,que se hace llamar a si mismo democr\u00e1tico, pero la verdad es que si esto es democracia, tampoco la queremos. En su nombre se justifican todo tipo de atrocidades, entre ellas los dos j\u00f3venes del barrio y no de la kaleborroka o de fuera como algunos contin\u00faan tratando de sostener, enviados ayer a prisi\u00f3n preventiva.<\/p>\n<p>La lucha debe continuar y las revueltas extenderse a otras ciudades del estado y porque no, del resto del mundo. El descontento de estos d\u00ed\u00adas no solo es por las obras del bulevar, aqu\u00ed\u00ad hay muchos m\u00e1s motivos, la lucha es por una vida digna, por nuestros derechos y preservar y dotar de significado a la palabra <strong>LIBERTAD<\/strong>.<\/p>\n","protected":false},"excerpt":{"rendered":"<p>La vor\u00e1gine de acontecimientos se sucede en Gamonal en un conflicto vecinal avivado por la intransigencia de un consistorio que se haya maniatado por los intereses especulativos de las grandes empresas de la construcci\u00f3n. Publicamos a continuaci\u00f3n el comunicado que la Asamblea Vecinal contra el bulevar de la calle Vitoria ha consensuado esta misma ma\u00f1ana&#8230;  <a href=\"https:\/\/diariodevurgos.com\/dvwps\/comunicado-de-la-asamblea-vecinal-de-gamonal.php\" class=\"more-link\" title=\"Read Comunicado de la Asamblea Vecinal de Gamonal\">Read more &raquo;<\/a><\/p>\n","protected":false},"author":2,"featured_media":0,"comment_status":"open","ping_status":"closed","sticky":false,"template":"","format":"standard","meta":[],"categories":[74,2,27,49,7],"tags":[],"_links":{"self":[{"href":"https:\/\/diariodevurgos.com\/dvwps\/wp-json\/wp\/v2\/posts\/11618"}],"collection":[{"href":"https:\/\/diariodevurgos.com\/dvwps\/wp-json\/wp\/v2\/posts"}],"about":[{"href":"https:\/\/diariodevurgos.com\/dvwps\/wp-json\/wp\/v2\/types\/post"}],"author":[{"embeddable":true,"href":"https:\/\/diariodevurgos.com\/dvwps\/wp-json\/wp\/v2\/users\/2"}],"replies":[{"embeddable":true,"href":"https:\/\/diariodevurgos.com\/dvwps\/wp-json\/wp\/v2\/comments?post=11618"}],"version-history":[{"count":6,"href":"https:\/\/diariodevurgos.com\/dvwps\/wp-json\/wp\/v2\/posts\/11618\/revisions"}],"predecessor-version":[{"id":11629,"href":"https:\/\/diariodevurgos.com\/dvwps\/wp-json\/wp\/v2\/posts\/11618\/revisions\/11629"}],"wp:attachment":[{"href":"https:\/\/diariodevurgos.com\/dvwps\/wp-json\/wp\/v2\/media?parent=11618"}],"wp:term":[{"taxonomy":"category","embeddable":true,"href":"https:\/\/diariodevurgos.com\/dvwps\/wp-json\/wp\/v2\/categories?post=11618"},{"taxonomy":"post_tag","embeddable":true,"href":"https:\/\/diariodevurgos.com\/dvwps\/wp-json\/wp\/v2\/tags?post=11618"}],"curies":[{"name":"wp","href":"https:\/\/api.w.org\/{rel}","templated":true}]}}