{"id":11645,"date":"2014-01-15T01:44:18","date_gmt":"2014-01-15T00:44:18","guid":{"rendered":"http:\/\/diariodevurgos.com\/dvwps\/?p=11645"},"modified":"2014-01-15T15:19:01","modified_gmt":"2014-01-15T14:19:01","slug":"gamonal-ni-un-paso-atras","status":"publish","type":"post","link":"https:\/\/diariodevurgos.com\/dvwps\/gamonal-ni-un-paso-atras.php","title":{"rendered":"Gamonal ni un paso atr\u00e1s"},"content":{"rendered":"<p class=\"lead\">Gamonal ha vencido el primero de los combates de un conflicto que durante cinco d\u00ed\u00adas consecutivos ha sido el foco de atenci\u00f3n de la actualidad informativa del momento. Pero la lucha contra el bulevar y la especulaci\u00f3n exist\u00ed\u00ada ya antes que el barrio fuese\u00a0 el centro de atenci\u00f3n de todos los medios y seguir\u00e1 existiendo cuando\u00a0 las c\u00e1maras dirijan la atenci\u00f3n hacia otros lugares. No est\u00e1 de m\u00e1s recordar que la paralizaci\u00f3n temporal de las obras puede ser s\u00f3lo la tregua temporal que se toman los poderes f\u00e1cticos de la ciudad para preparar una nueva embestida, quiz\u00e1s esta vez con otras armas m\u00e1s sibilinas tras el fracaso de las porras y las balas de goma.<\/p>\n<p style=\"text-align: center;\"><img loading=\"lazy\" class=\"aligncenter size-full wp-image-11646\" title=\"Convocatorias en solidaridad con Gamonal\" src=\"http:\/\/diariodevurgos.com\/dvwps\/wp-content\/uploads\/2014\/01\/Convocatorias-en-solidaridad-con-Gamonal.png\" alt=\"Convocatorias en solidaridad con Gamonal\" width=\"599\" height=\"260\" srcset=\"https:\/\/diariodevurgos.com\/dvwps\/wp-content\/uploads\/2014\/01\/Convocatorias-en-solidaridad-con-Gamonal.png 599w, https:\/\/diariodevurgos.com\/dvwps\/wp-content\/uploads\/2014\/01\/Convocatorias-en-solidaridad-con-Gamonal-300x130.png 300w\" sizes=\"(max-width: 599px) 100vw, 599px\" \/><\/p>\n<p>Las movilizaciones en solidaridad convocadas en numerosas ciudades son una buena forma de recordar que <strong>a\u00fan quedan tres vecinos encarcelados<\/strong>. A\u00fan es necesario mantener encendida la llama gestando un fen\u00f3meno que est\u00e1 lejos de ser novedoso y que forma parte del patrimonio colectivo de todos los explotados y humillados del mundo.<br \/>\n<em><strong><br \/>\nUnid@s hemos podido. \u00a1\u00a1Gamonal ni un paso atr\u00e1s!!<\/strong><\/em><\/p>\n","protected":false},"excerpt":{"rendered":"<p>Gamonal ha vencido el primero de los combates de un conflicto que durante cinco d\u00ed\u00adas consecutivos ha sido el foco de atenci\u00f3n de la actualidad informativa del momento. Pero la lucha contra el bulevar y la especulaci\u00f3n exist\u00ed\u00ada ya antes que el barrio fuese\u00a0 el centro de atenci\u00f3n de todos los medios y seguir\u00e1 existiendo&#8230;  <a href=\"https:\/\/diariodevurgos.com\/dvwps\/gamonal-ni-un-paso-atras.php\" class=\"more-link\" title=\"Read Gamonal ni un paso atr\u00e1s\">Read more &raquo;<\/a><\/p>\n","protected":false},"author":2,"featured_media":0,"comment_status":"open","ping_status":"closed","sticky":false,"template":"","format":"standard","meta":[],"categories":[74,57,27,49],"tags":[],"_links":{"self":[{"href":"https:\/\/diariodevurgos.com\/dvwps\/wp-json\/wp\/v2\/posts\/11645"}],"collection":[{"href":"https:\/\/diariodevurgos.com\/dvwps\/wp-json\/wp\/v2\/posts"}],"about":[{"href":"https:\/\/diariodevurgos.com\/dvwps\/wp-json\/wp\/v2\/types\/post"}],"author":[{"embeddable":true,"href":"https:\/\/diariodevurgos.com\/dvwps\/wp-json\/wp\/v2\/users\/2"}],"replies":[{"embeddable":true,"href":"https:\/\/diariodevurgos.com\/dvwps\/wp-json\/wp\/v2\/comments?post=11645"}],"version-history":[{"count":3,"href":"https:\/\/diariodevurgos.com\/dvwps\/wp-json\/wp\/v2\/posts\/11645\/revisions"}],"predecessor-version":[{"id":11648,"href":"https:\/\/diariodevurgos.com\/dvwps\/wp-json\/wp\/v2\/posts\/11645\/revisions\/11648"}],"wp:attachment":[{"href":"https:\/\/diariodevurgos.com\/dvwps\/wp-json\/wp\/v2\/media?parent=11645"}],"wp:term":[{"taxonomy":"category","embeddable":true,"href":"https:\/\/diariodevurgos.com\/dvwps\/wp-json\/wp\/v2\/categories?post=11645"},{"taxonomy":"post_tag","embeddable":true,"href":"https:\/\/diariodevurgos.com\/dvwps\/wp-json\/wp\/v2\/tags?post=11645"}],"curies":[{"name":"wp","href":"https:\/\/api.w.org\/{rel}","templated":true}]}}