{"id":11713,"date":"2014-01-16T04:12:22","date_gmt":"2014-01-16T03:12:22","guid":{"rendered":"http:\/\/diariodevurgos.com\/dvwps\/?p=11713"},"modified":"2014-01-16T04:13:47","modified_gmt":"2014-01-16T03:13:47","slug":"gamonal-no-se-rinde","status":"publish","type":"post","link":"https:\/\/diariodevurgos.com\/dvwps\/gamonal-no-se-rinde.php","title":{"rendered":"Gamonal no se rinde"},"content":{"rendered":"<p style=\"margin-bottom: 0cm\" class=\"lead\"><a href=\"http:\/\/diariodevurgos.com\/dvwps\/wp-content\/uploads\/2014\/01\/d-tarde33burgos.jpg\"><img loading=\"lazy\" class=\"alignleft size-medium wp-image-11714\" title=\"d-tarde33burgos\" src=\"http:\/\/diariodevurgos.com\/dvwps\/wp-content\/uploads\/2014\/01\/d-tarde33burgos-300x168.jpg\" alt=\"d-tarde33burgos\" width=\"280\" height=\"168\" \/><\/a>Una nueva manifestaci\u00f3n recorre las calles hasta la comisaria para exigir la libertad y absoluci\u00f3n de los detenidos. Cada d\u00ed\u00ada son m\u00e1s los manifestantes que se unen a las exigencias del barrio. Las promesas de paralizaci\u00f3n temporal de  las obras no agradan a nadie despu\u00e9s de que ayer se mostraran las intenciones del alcalde de convertir el barrio de gamonal en un estado militarizado y rodeado por los antidisturbios.<\/p>\n<p style=\"margin-bottom: 0cm\">La manifestaci\u00f3n no ha querido dejar de pasar por la sede del grupo promecal, para despu\u00e9s volver de nuevo al barrio. De nuevo se encontraba rodeado  por los antidisturbios. La manifestaci\u00f3n ha decidido disolverse en grupo como se anuncio al principio de la asamblea.<\/p>\n<p style=\"margin-bottom: 0cm\">Se sigue con los mismos horarios de programaci\u00f3n, 12 horas asamblea y a las 19 horas asamblea y posterior manifestaci\u00f3n.<\/p>\n<p style=\"margin-bottom: 0cm\"><a href=\"http:\/\/diariodevurgos.com\/dvwps\/wp-content\/uploads\/2014\/01\/d-tarde37burgos.jpg\"><img loading=\"lazy\" class=\"alignleft size-medium wp-image-11715\" title=\"d-tarde37burgos\" src=\"http:\/\/diariodevurgos.com\/dvwps\/wp-content\/uploads\/2014\/01\/d-tarde37burgos-300x264.jpg\" alt=\"d-tarde37burgos\" width=\"300\" height=\"264\" srcset=\"https:\/\/diariodevurgos.com\/dvwps\/wp-content\/uploads\/2014\/01\/d-tarde37burgos-300x264.jpg 300w, https:\/\/diariodevurgos.com\/dvwps\/wp-content\/uploads\/2014\/01\/d-tarde37burgos.jpg 599w\" sizes=\"(max-width: 300px) 100vw, 300px\" \/><\/a><\/p>\n<p style=\"margin-bottom: 0cm\">\n<p style=\"margin-bottom: 0cm\">\n","protected":false},"excerpt":{"rendered":"<p>Una nueva manifestaci\u00f3n recorre las calles hasta la comisaria para exigir la libertad y absoluci\u00f3n de los detenidos. Cada d\u00ed\u00ada son m\u00e1s los manifestantes que se unen a las exigencias del barrio. Las promesas de paralizaci\u00f3n temporal de las obras no agradan a nadie despu\u00e9s de que ayer se mostraran las intenciones del alcalde de&#8230;  <a href=\"https:\/\/diariodevurgos.com\/dvwps\/gamonal-no-se-rinde.php\" class=\"more-link\" title=\"Read Gamonal no se rinde\">Read more &raquo;<\/a><\/p>\n","protected":false},"author":8,"featured_media":0,"comment_status":"open","ping_status":"closed","sticky":false,"template":"","format":"standard","meta":[],"categories":[74,2,27,49],"tags":[],"_links":{"self":[{"href":"https:\/\/diariodevurgos.com\/dvwps\/wp-json\/wp\/v2\/posts\/11713"}],"collection":[{"href":"https:\/\/diariodevurgos.com\/dvwps\/wp-json\/wp\/v2\/posts"}],"about":[{"href":"https:\/\/diariodevurgos.com\/dvwps\/wp-json\/wp\/v2\/types\/post"}],"author":[{"embeddable":true,"href":"https:\/\/diariodevurgos.com\/dvwps\/wp-json\/wp\/v2\/users\/8"}],"replies":[{"embeddable":true,"href":"https:\/\/diariodevurgos.com\/dvwps\/wp-json\/wp\/v2\/comments?post=11713"}],"version-history":[{"count":4,"href":"https:\/\/diariodevurgos.com\/dvwps\/wp-json\/wp\/v2\/posts\/11713\/revisions"}],"predecessor-version":[{"id":11719,"href":"https:\/\/diariodevurgos.com\/dvwps\/wp-json\/wp\/v2\/posts\/11713\/revisions\/11719"}],"wp:attachment":[{"href":"https:\/\/diariodevurgos.com\/dvwps\/wp-json\/wp\/v2\/media?parent=11713"}],"wp:term":[{"taxonomy":"category","embeddable":true,"href":"https:\/\/diariodevurgos.com\/dvwps\/wp-json\/wp\/v2\/categories?post=11713"},{"taxonomy":"post_tag","embeddable":true,"href":"https:\/\/diariodevurgos.com\/dvwps\/wp-json\/wp\/v2\/tags?post=11713"}],"curies":[{"name":"wp","href":"https:\/\/api.w.org\/{rel}","templated":true}]}}