{"id":1172,"date":"2008-01-30T20:52:45","date_gmt":"2008-01-30T19:52:45","guid":{"rendered":"http:\/\/diariodevurgos.com\/dvwps\/fotos-y-pequena-cronica-de-la-marcha-al-zambrana.php"},"modified":"2008-01-30T21:00:23","modified_gmt":"2008-01-30T20:00:23","slug":"fotos-y-pequena-cronica-de-la-marcha-al-zambrana","status":"publish","type":"post","link":"https:\/\/diariodevurgos.com\/dvwps\/fotos-y-pequena-cronica-de-la-marcha-al-zambrana.php","title":{"rendered":"Fotos y peque\u00f1a cr\u00f3nica de la marcha al Zambrana"},"content":{"rendered":"<p align=\"left\" class=\"lead\">\u00a0<img loading=\"lazy\" id=\"image1144\" style=\"height: 86px\" height=\"86\" alt=\"cartelZambrana\" src=\"http:\/\/diariodevurgos.com\/dvwps\/wp-content\/uploads\/2008\/01\/car3el1.miniatura.jpg\" width=\"122\" align=\"right\" \/>M\u00e1s de un centenar de personas se dieron cita el domingo 20 de enero, en la plaza del\u00a0Carmen de Valladolid, para salir en manifestaci\u00f3n hasta la c\u00e1rcel de menores de Zambrana (en el barrio de las Delicias) y exigir la libertad de David Juez, el joven burgal\u00e9s antifascista que se encuentra preso en dicha c\u00e1rcel de menores.<\/p>\n<p><!--more--><\/p>\n<p><img loading=\"lazy\" id=\"image1171\" style=\"width: 461px; height: 358px\" height=\"358\" alt=\"dos.jpg\" src=\"http:\/\/diariodevurgos.com\/dvwps\/wp-content\/uploads\/2008\/01\/dos.jpg\" width=\"461\" \/>\u00a0<br \/>\nDurante la marcha se denunci\u00f3 que en Zambrana, as\u00ed\u00ad como en el resto de c\u00e1rceles de menores, se ejerce la tortura, y se pidi\u00f3 la libertad de David y de todos los j\u00f3venes encarcelados por motivos pol\u00ed\u00adticos.<\/p>\n<p>\u00a0<img loading=\"lazy\" id=\"image1170\" style=\"width: 457px; height: 300px\" height=\"300\" alt=\"marcha al zambrana 1\" src=\"http:\/\/diariodevurgos.com\/dvwps\/wp-content\/uploads\/2008\/01\/uno.jpg\" width=\"457\" \/><\/p>\n<p>extraido del\u00a0<a href=\"http:\/\/resacacastellana.blogspot.com\/2008\/01\/fotos-y-pequea-cronica-de-la-marcha-al.html\">blog<\/a> de Resaca Castellana\u00a0<\/p>\n","protected":false},"excerpt":{"rendered":"<p>\u00a0M\u00e1s de un centenar de personas se dieron cita el domingo 20 de enero, en la plaza del\u00a0Carmen de Valladolid, para salir en manifestaci\u00f3n hasta la c\u00e1rcel de menores de Zambrana (en el barrio de las Delicias) y exigir la libertad de David Juez, el joven burgal\u00e9s antifascista que se encuentra preso en dicha c\u00e1rcel&#8230;  <a href=\"https:\/\/diariodevurgos.com\/dvwps\/fotos-y-pequena-cronica-de-la-marcha-al-zambrana.php\" class=\"more-link\" title=\"Read Fotos y peque\u00f1a cr\u00f3nica de la marcha al Zambrana\">Read more &raquo;<\/a><\/p>\n","protected":false},"author":13,"featured_media":0,"comment_status":"open","ping_status":"closed","sticky":false,"template":"","format":"standard","meta":[],"categories":[2,22,17],"tags":[],"_links":{"self":[{"href":"https:\/\/diariodevurgos.com\/dvwps\/wp-json\/wp\/v2\/posts\/1172"}],"collection":[{"href":"https:\/\/diariodevurgos.com\/dvwps\/wp-json\/wp\/v2\/posts"}],"about":[{"href":"https:\/\/diariodevurgos.com\/dvwps\/wp-json\/wp\/v2\/types\/post"}],"author":[{"embeddable":true,"href":"https:\/\/diariodevurgos.com\/dvwps\/wp-json\/wp\/v2\/users\/13"}],"replies":[{"embeddable":true,"href":"https:\/\/diariodevurgos.com\/dvwps\/wp-json\/wp\/v2\/comments?post=1172"}],"version-history":[{"count":0,"href":"https:\/\/diariodevurgos.com\/dvwps\/wp-json\/wp\/v2\/posts\/1172\/revisions"}],"wp:attachment":[{"href":"https:\/\/diariodevurgos.com\/dvwps\/wp-json\/wp\/v2\/media?parent=1172"}],"wp:term":[{"taxonomy":"category","embeddable":true,"href":"https:\/\/diariodevurgos.com\/dvwps\/wp-json\/wp\/v2\/categories?post=1172"},{"taxonomy":"post_tag","embeddable":true,"href":"https:\/\/diariodevurgos.com\/dvwps\/wp-json\/wp\/v2\/tags?post=1172"}],"curies":[{"name":"wp","href":"https:\/\/api.w.org\/{rel}","templated":true}]}}