{"id":11720,"date":"2014-01-16T14:08:44","date_gmt":"2014-01-16T13:08:44","guid":{"rendered":"http:\/\/diariodevurgos.com\/dvwps\/?p=11720"},"modified":"2014-01-16T20:44:08","modified_gmt":"2014-01-16T19:44:08","slug":"la-lucha-va-tomando-forma","status":"publish","type":"post","link":"https:\/\/diariodevurgos.com\/dvwps\/la-lucha-va-tomando-forma.php","title":{"rendered":"La lucha va tomando forma"},"content":{"rendered":"<p style=\"text-align: center;\" class=\"lead\"><img loading=\"lazy\" class=\"aligncenter\" src=\"http:\/\/cdn.20minutos.es\/img2\/recortes\/2014\/01\/14\/154870-598-352.jpg\" alt=\"\" width=\"359\" height=\"211\" \/><\/p>\n<p>Hoy Jueves a partir de las 10.00 de la ma\u00f1ana han tenido lugar las primeras reuniones que se han diversificado en torno a varias comisiones de trabajo (informativa, organizativa y recreativa). Posteriormente a las 12.00 del mediod\u00ed\u00ada ha tenido lugar la Asamblea General en la que se ha hecho una puesta en com\u00fan de todo lo trabajado anteriormente.<\/p>\n<p>Destacamos:<\/p>\n<ul>\n<li>La <strong>manifestaci\u00f3n<\/strong> que tendr\u00e1 lugar hoy Jueves a partir de las <strong>19.00 horas<\/strong> partiendo desde la &#8220;zona cero&#8221; la cual pasar\u00e1 por la comisar\u00ed\u00ada de la polic\u00ed\u00ada nacional y terminar\u00e1 en el edificio de PROMECAL para disolverse. En ella a parte de reivindicar los tres puntos acordados continuamente (Paralizaci\u00f3n definitiva de las obras, desalojo de la polic\u00ed\u00ada del barrio y libertad sin cargos para las personas detenidas) se unen<strong> la petici\u00f3n de solidaridad para las personas detenidas ayer en Madrid.<\/strong><\/li>\n<li><strong>Concentraci\u00f3n ante el pleno del ayuntamiento ma\u00f1ana Viernes<\/strong> que tendr\u00e1 lugar <strong>a las 9.30 horas de la ma\u00f1ana<\/strong> en la que se exigir\u00e1n los tres puntos ya mencionados. Para ello se ha propuesto una quedada a las 8.30 horas en la misma &#8220;zona cero&#8221; para aquellas personas que salgan desde Gamonal y otra a las <strong>9.15 horas<\/strong> en la<strong> Plaza mayor. <\/strong>Posteriormente tendr\u00e1 lugar all\u00ed\u00ad la <strong>Asamblea General\u00a0 a las 12.00 horas <\/strong>precedida de las reuniones de las comisiones pertinentes. Por la tarde a las 1<strong>7:00 h<\/strong>. habr\u00e1 concierto de rap solidario en la zona de las obras y a las <strong>19:00h. asamblea-manifestaci\u00f3n<\/strong>.\u00a0<strong><br \/>\n<\/strong><\/li>\n<\/ul>\n<ul>\n<li>Este fin de semana tendr\u00e1n lugar una serie de conciertos en el caf\u00e9 &#8220;V\u00ed\u00ada Par\u00ed\u00ads&#8221; situado en la zona de las &#8220;Bernardillas&#8221; (Plaza Roma) con el fin de recaudar fondos de apoyo para las personas detenidas y sus familias .<\/li>\n<li>Se ha reafirmado la voluntad de mantener una <strong>lucha vecinal<\/strong> <strong>libre de injerencias pol\u00ed\u00adticas<\/strong> de ninguna clase, que focalice sus objetivos en una lucha <strong>en contra de la situaci\u00f3n de crisis y precariedad <\/strong>actual en el barrio y no s\u00f3lo la paralizaci\u00f3n del bulevar sin ning\u00fan \u00e1nimo de enviar representantes de la asamblea a negociar.<\/li>\n<\/ul>\n<p>De forma paralela hemos de mencionar que se ha creado una direcci\u00f3n de correo electr\u00f3nico <strong>solidaridadgamonal@outlook.es<\/strong> en la que se puede mandar todo el material audiovisual que pueda ser de gran ayuda para denunciar la brutal represi\u00f3n a la que est\u00e1 siendo sometida el barrio y defender la inocencia de todas aquellas personas encausadas. A su vez, pr\u00f3ximamente se habilitar\u00e1 un n\u00famero de cuenta para que quien as\u00ed\u00ad lo desee pueda dar apoyo econ\u00f3mico.<\/p>\n<p>Se <strong>ha creado tambi\u00e9n un blog en apoyo<\/strong> a los <a title=\"Encausados Gamonal\" href=\"http:\/\/encausadosgamonal.wordpress.com\/\">encausados de Gamonal<\/a> cuyo objetivo es recopilar informaci\u00f3n para ayudar en la defensa jur\u00ed\u00addica de los compa\u00f1eros detenidos.<\/p>\n","protected":false},"excerpt":{"rendered":"<p>Hoy Jueves a partir de las 10.00 de la ma\u00f1ana han tenido lugar las primeras reuniones que se han diversificado en torno a varias comisiones de trabajo (informativa, organizativa y recreativa). Posteriormente a las 12.00 del mediod\u00ed\u00ada ha tenido lugar la Asamblea General en la que se ha hecho una puesta en com\u00fan de todo&#8230;  <a href=\"https:\/\/diariodevurgos.com\/dvwps\/la-lucha-va-tomando-forma.php\" class=\"more-link\" title=\"Read La lucha va tomando forma\">Read more &raquo;<\/a><\/p>\n","protected":false},"author":9,"featured_media":0,"comment_status":"open","ping_status":"closed","sticky":false,"template":"","format":"standard","meta":[],"categories":[61,74,2,57,27,49],"tags":[],"_links":{"self":[{"href":"https:\/\/diariodevurgos.com\/dvwps\/wp-json\/wp\/v2\/posts\/11720"}],"collection":[{"href":"https:\/\/diariodevurgos.com\/dvwps\/wp-json\/wp\/v2\/posts"}],"about":[{"href":"https:\/\/diariodevurgos.com\/dvwps\/wp-json\/wp\/v2\/types\/post"}],"author":[{"embeddable":true,"href":"https:\/\/diariodevurgos.com\/dvwps\/wp-json\/wp\/v2\/users\/9"}],"replies":[{"embeddable":true,"href":"https:\/\/diariodevurgos.com\/dvwps\/wp-json\/wp\/v2\/comments?post=11720"}],"version-history":[{"count":9,"href":"https:\/\/diariodevurgos.com\/dvwps\/wp-json\/wp\/v2\/posts\/11720\/revisions"}],"predecessor-version":[{"id":11723,"href":"https:\/\/diariodevurgos.com\/dvwps\/wp-json\/wp\/v2\/posts\/11720\/revisions\/11723"}],"wp:attachment":[{"href":"https:\/\/diariodevurgos.com\/dvwps\/wp-json\/wp\/v2\/media?parent=11720"}],"wp:term":[{"taxonomy":"category","embeddable":true,"href":"https:\/\/diariodevurgos.com\/dvwps\/wp-json\/wp\/v2\/categories?post=11720"},{"taxonomy":"post_tag","embeddable":true,"href":"https:\/\/diariodevurgos.com\/dvwps\/wp-json\/wp\/v2\/tags?post=11720"}],"curies":[{"name":"wp","href":"https:\/\/api.w.org\/{rel}","templated":true}]}}