{"id":1175,"date":"2008-01-31T09:35:33","date_gmt":"2008-01-31T08:35:33","guid":{"rendered":"http:\/\/diariodevurgos.com\/dvwps\/mas-madera-para-la-hoguera-burgalesa.php"},"modified":"2008-01-31T10:06:28","modified_gmt":"2008-01-31T09:06:28","slug":"mas-madera-para-la-hoguera-burgalesa","status":"publish","type":"post","link":"https:\/\/diariodevurgos.com\/dvwps\/mas-madera-para-la-hoguera-burgalesa.php","title":{"rendered":"M\u00e1s madera para la hoguera burgalesa"},"content":{"rendered":"<p class=\"lead\">Es \u00e9poca de elecciones y los pol\u00ed\u00adticos tiran la casa por la ventana para recibir votos, la Comisi\u00f3n de Personal del Consejo  de Polic\u00ed\u00ada ha aprobado nuevas plazas en Burgos para 28 nuevos maderos, un subinspector y dos inspectores. Esto era algo que se ven\u00ed\u00adan demandando desde sindicatos policiales, partidos conservadores y sociedad casposa o dinerada de nuestra ciudad.<\/p>\n<p align=\"center\"><img id=\"image901\" alt=\"madera\" src=\"http:\/\/diariodevurgos.com\/dvwps\/wp-content\/uploads\/2007\/11\/madera.jpg\" \/><\/p>\n<p><!--more-->M\u00e1s polic\u00ed\u00ada \u00bfPor qu\u00e9? \u00bfPara qu\u00e9? Hace poco salpicaba la noticia de <a title=\"indices\" href=\"http:\/\/www.20minutos.es\/noticia\/329700\/0\/indice\/criminalidad\/cyl\/\">los bajos \u00ed\u00adndices de criminalidad existentes en Castilla y Le\u00f3n<\/a> y el gobierno regional a\u00f1ad\u00ed\u00ada que en Castilla y Le\u00f3n hay &#8220;buena seguridad ciudadana&#8221;\u009d pero por otro lado sindicatos de polic\u00ed\u00adas y gobierno local exig\u00ed\u00adan a la subdelegada del gobierno en Burgos m\u00e1s madera en esta hoguera llamada Burgos.<\/p>\n<p>Si como desde el gobierno de Castilla y Le\u00f3n se jactan y es verdad que hay poca criminalidad la \u00fanica funci\u00f3n que tiene la polic\u00ed\u00ada es pol\u00ed\u00adtica. Tener m\u00e1s \u00f3rganos represores significa tener m\u00e1s controlada a la poblaci\u00f3n para posibles protestas que ser\u00e1n digeridas por el aparato represor sin que los altercados lleguen a conocerse en toda Espa\u00f1a, como paso con el <a title=\"eladioPerlado\" href=\"http:\/\/www.klinamen.org\/noalparking\/\">conflicto de Eladio Perlado<\/a> donde un grupo de vecinos puso en jaque a todo el cuerpo policial burgal\u00e9s a los pocos d\u00ed\u00adas rodaban cabezas y desde los responsables policiales se exig\u00ed\u00ada una unidad antidisturbios para Burgos.<\/p>\n<p>Tener a m\u00e1s pistoleros por las calles es la visi\u00f3n de cuatro enajenados mentales y nunca una buena noticia. Sean conscientes de que estos se\u00f1ores <a title=\"paraNada\" href=\"http:\/\/diariodevurgos.com\/dvwps\/reprimiendo-a-chavales-en-burgos.php\">no hacen ning\u00fan bien<\/a> a nuestra sociedad salvo cubrir las espaldas a los adinerados y pol\u00ed\u00adticuchos de turno.<\/p>\n","protected":false},"excerpt":{"rendered":"<p>Es \u00e9poca de elecciones y los pol\u00ed\u00adticos tiran la casa por la ventana para recibir votos, la Comisi\u00f3n de Personal del Consejo de Polic\u00ed\u00ada ha aprobado nuevas plazas en Burgos para 28 nuevos maderos, un subinspector y dos inspectores. Esto era algo que se ven\u00ed\u00adan demandando desde sindicatos policiales, partidos conservadores y sociedad casposa o&#8230;  <a href=\"https:\/\/diariodevurgos.com\/dvwps\/mas-madera-para-la-hoguera-burgalesa.php\" class=\"more-link\" title=\"Read M\u00e1s madera para la hoguera burgalesa\">Read more &raquo;<\/a><\/p>\n","protected":false},"author":1,"featured_media":0,"comment_status":"open","ping_status":"closed","sticky":false,"template":"","format":"standard","meta":[],"categories":[2,17],"tags":[],"_links":{"self":[{"href":"https:\/\/diariodevurgos.com\/dvwps\/wp-json\/wp\/v2\/posts\/1175"}],"collection":[{"href":"https:\/\/diariodevurgos.com\/dvwps\/wp-json\/wp\/v2\/posts"}],"about":[{"href":"https:\/\/diariodevurgos.com\/dvwps\/wp-json\/wp\/v2\/types\/post"}],"author":[{"embeddable":true,"href":"https:\/\/diariodevurgos.com\/dvwps\/wp-json\/wp\/v2\/users\/1"}],"replies":[{"embeddable":true,"href":"https:\/\/diariodevurgos.com\/dvwps\/wp-json\/wp\/v2\/comments?post=1175"}],"version-history":[{"count":0,"href":"https:\/\/diariodevurgos.com\/dvwps\/wp-json\/wp\/v2\/posts\/1175\/revisions"}],"wp:attachment":[{"href":"https:\/\/diariodevurgos.com\/dvwps\/wp-json\/wp\/v2\/media?parent=1175"}],"wp:term":[{"taxonomy":"category","embeddable":true,"href":"https:\/\/diariodevurgos.com\/dvwps\/wp-json\/wp\/v2\/categories?post=1175"},{"taxonomy":"post_tag","embeddable":true,"href":"https:\/\/diariodevurgos.com\/dvwps\/wp-json\/wp\/v2\/tags?post=1175"}],"curies":[{"name":"wp","href":"https:\/\/api.w.org\/{rel}","templated":true}]}}