{"id":1181,"date":"2008-02-01T23:16:19","date_gmt":"2008-02-01T22:16:19","guid":{"rendered":"http:\/\/diariodevurgos.com\/dvwps\/sentencia-por-el-proceso-4f.php"},"modified":"2008-02-05T17:47:43","modified_gmt":"2008-02-05T16:47:43","slug":"sentencia-por-el-proceso-4f","status":"publish","type":"post","link":"https:\/\/diariodevurgos.com\/dvwps\/sentencia-por-el-proceso-4f.php","title":{"rendered":"4F: Resumen de la sentencia y mani el 2 de feb en Barcelona"},"content":{"rendered":"<p class=\"lead\"><em>Actualizado: Martes 05\/02\/08<\/em>\u00a0<img id=\"image637\" title=\"punio\" alt=\"punio\" src=\"http:\/\/diariodevurgos.com\/dvwps\/wp-content\/uploads\/2007\/07\/puniominiatura.jpg\" align=\"right\" \/><\/p>\n<p>Jornadas de accion internacional descentralizada los dias 8 y 9 de febrero.<\/p>\n<p>Manifestacion el dia 16 de febrero a las 16hs. en arc de triomf. macetada contra la represion.<br \/>\nAbsolucion ya encausadxs 4f!!!<\/p>\n<p>Octavilla para repartir <a href=\"http:\/\/klinamen.org\/modules.php?name=noticias&#038;file=comments&#038;sid=3850&#038;tid=14207&#038;mode=&#038;order=&#038;thold=\" target=\"_blank\">aqui<\/a><\/p>\n<p><!--more-->Sentencia y situacion encausadxs.<\/p>\n<p><strong>RESUMEN DE LA SENTENCIA:<\/strong><\/p>\n<p align=\"left\"><strong>Rodrigo:<\/strong> Cuatro a\u00f1os y seis meses de prision, mas de un millon de euros de responsabilidad civil y la novena parte de las costas del juicio.<br \/>\n<strong>Alex:<\/strong> Tres a\u00f1os y tres meses de prision, cuarenta dias de multa a seis euros de cuota diaria y la novena parte de las costas del juicio.<br \/>\n<strong>Juan:<\/strong> Tres a\u00f1os y tres meses de prision, cuarenta dias de multa a seis euros de cuota diaria y la novena parte de las costas del juicio.<br \/>\n<strong>A. C. P. M.:<\/strong> Tres a\u00f1os y tres meses de prision, cuarenta dias de multa a seis euros de cuota diaria y la novena parte de las costas del juicio.<br \/>\n<strong>P. H. M. <\/strong>: Tres a\u00f1os de prision, cuarenta dias de multa a seis euros de cuota diaria y la novena parte de las costas del juicio.<br \/>\n<strong>H.B. , J.M.G. , A.C. , S. R. O. :<\/strong> Un a\u00f1o de prision y la novena parte de las costas del juicio.<\/p>\n<p>Luego de la lectura de la sentencia, tuvo lugar la vista para prolongar la prision provisional de Rodrigo, quien finalmente salio en libertad el viernes 1 de febrero.<\/p>\n<p>Actualmente todxs lxs encausadxs se encuentran en libertad provisional mientras la sentencia es recurrida al Tribunal Supremo tanto por las acusaciones como por las defensas.<\/p>\n<p>POR TODO ESTO CONVOCAMOS:<br \/>\nJORNADAS DE ACCION INTERNACIONAL DESCENTRALIZADA LOS DIAS 8 Y 9 DE FEBRERO.<\/p>\n<p>MANIFESTACION EL DIA 16 DE FEBRERO A LAS 16HS.<br \/>\nEN ARC DE TRIOMF. MACETADA CONTRA LA REPRESION.<\/p>\n<p>ABSOLUCION YA ENCAUSADXS 4F!!!<\/p>\n<p><a href=\"http:\/\/klinamen.org\/article3850.html\" target=\"_blank\">http:\/\/klinamen.org\/article3850.html<\/a>\u00a0<\/p>\n<p>Se ha hecho finalmente p\u00fablica la sentancia por el proceso por los hecho ocurridos el 4 de febrero de 2006 en BarcelonaRodrigo\u00a0ha sido condenado\u00a0a 4 a\u00f1os y 6 meses de prisi\u00f3n, quedano en la calle hasta que se resuelvan los recursos interpuestos por la defensa.\u00ed\u0081lex y Juan fueron condenados a 3 a\u00f1os y 3 meses. Estos \u00faltimos han sido excarcelados al haber cumplido la midad d ela condena impuesta durante su periodo de encarcelaci\u00f3n preventiva. Seguimiento desde <a title=\"La Haine\" href=\"http:\/\/lahaine.org\/\">La Haine-Barcelona.<\/a><\/p>\n<p>Como ya informamos en el d\u00ed\u00ada de ayer el tribunal conden\u00f3 a Rodrigo a 4 a\u00f1os y medio de prisi\u00f3n, y a pagar una indemnizaci\u00f3n a la familia que asciende a la cantidad de 1.180.000 euros. Tras la lectura de la sentencia, el tribunal deb\u00ed\u00ada decidir si se le conced\u00ed\u00ada a Rodrigo la libertad provisional, hasta que la sentencia fuera firme. Sin embargo, todavia el tribunal no ha anunciado su resoluci\u00f3n.<\/p>\n<p>En el d\u00ed\u00ada de ayer, y debido a la sobreinformaci\u00f3n y nervios del momento desde La Haine cometimos alguna imprecisi\u00f3n, en cuanto al an\u00e1lisis de la situaci\u00f3n de Rodrigo. Afirmamos que saldr\u00ed\u00ada proximamente en libertad condicional, ya que cumplir\u00ed\u00ada la mitad de la condena, pues as\u00ed\u00ad nos pareci\u00f3 entender. A lo largo de la tarde, nos dimos cuenta de que esta posibilidad parece inviable, puesto que se puede acceder a la libertad condicional, una vez que el preso se encuentra en tercer grado y ha cumplido tres cuartas partes de la condena. Por tanto, actualmente lo \u00fanico que se puede afirmar es que podr\u00ed\u00ada salir en libertad provisional hasta que la sentencia sea firme, o el tribunal podr\u00ed\u00ada alargar la prisi\u00f3n preventiva.<\/p>\n<p>La condena ser\u00e1 firme en el momento en que no quepa recurso alguna contra la sentencia. Al parecer, y seg\u00fan indic\u00f3 el abogado de Rodrigo ayer, recurrir\u00e1n la sentencia al tribunal supremo. Por lo tanto, habr\u00ed\u00ada que esperar para ver cual ser\u00ed\u00ada la situaci\u00f3n exacta de Rodrigo.<\/p>\n<p>Por su parte \u00ed\u0081lex y Juan se encuentran en libertad provisional desde el pasado d\u00ed\u00ada 15 de enero, y en principio, permanecer\u00e1n en esta situaci\u00f3n. El tribunal les ha condenado a 3 a\u00f1os y 3 meses de prisi\u00f3n.<\/p>\n<p>Cabe destacar que finalmente los delitos por los que se conden\u00f3 a Rodrigo son atentado a la autoridad y una falta de lesiones dolosas, por lo que no se le estar\u00ed\u00ada atribuyendo la herida principal al guardia urbano, puesto que estar\u00ed\u00adamos ante un delito de lesiones. Esto hace suponer que la versi\u00f3n de la fiscal no ha podido quedar probada.<\/p>\n<p>Por \u00faltimo, queremos pedir disculpas por la imprecisi\u00f3n de la informaci\u00f3n dada ayer, acerca de la posibilidad de que Rodri consiguiera la libertad condicional. Es debida a un error en la percepci\u00f3n , y de \u00e9stos tambi\u00e9n se aprende para el futuro. En los pr\u00f3ximos d\u00ed\u00adas seguiremos informando lo mejor que podamos e intentando poner nuestro granito de arena.<\/p>\n<p>La solidaridad con los chicos no debe parar, puesto que todav\u00ed\u00ada queda mucho por luchar, y mucho apoyo que dar tanto a ellos, como a sus familiares y amigxs.<\/p>\n<p><strong>Extraido de lahaine-barcelona<\/strong><\/p>\n","protected":false},"excerpt":{"rendered":"<p>Actualizado: Martes 05\/02\/08\u00a0 Jornadas de accion internacional descentralizada los dias 8 y 9 de febrero. Manifestacion el dia 16 de febrero a las 16hs. en arc de triomf. macetada contra la represion. Absolucion ya encausadxs 4f!!! Octavilla para repartir aqui<\/p>\n","protected":false},"author":9,"featured_media":0,"comment_status":"open","ping_status":"closed","sticky":false,"template":"","format":"standard","meta":[],"categories":[22,17],"tags":[],"_links":{"self":[{"href":"https:\/\/diariodevurgos.com\/dvwps\/wp-json\/wp\/v2\/posts\/1181"}],"collection":[{"href":"https:\/\/diariodevurgos.com\/dvwps\/wp-json\/wp\/v2\/posts"}],"about":[{"href":"https:\/\/diariodevurgos.com\/dvwps\/wp-json\/wp\/v2\/types\/post"}],"author":[{"embeddable":true,"href":"https:\/\/diariodevurgos.com\/dvwps\/wp-json\/wp\/v2\/users\/9"}],"replies":[{"embeddable":true,"href":"https:\/\/diariodevurgos.com\/dvwps\/wp-json\/wp\/v2\/comments?post=1181"}],"version-history":[{"count":0,"href":"https:\/\/diariodevurgos.com\/dvwps\/wp-json\/wp\/v2\/posts\/1181\/revisions"}],"wp:attachment":[{"href":"https:\/\/diariodevurgos.com\/dvwps\/wp-json\/wp\/v2\/media?parent=1181"}],"wp:term":[{"taxonomy":"category","embeddable":true,"href":"https:\/\/diariodevurgos.com\/dvwps\/wp-json\/wp\/v2\/categories?post=1181"},{"taxonomy":"post_tag","embeddable":true,"href":"https:\/\/diariodevurgos.com\/dvwps\/wp-json\/wp\/v2\/tags?post=1181"}],"curies":[{"name":"wp","href":"https:\/\/api.w.org\/{rel}","templated":true}]}}