{"id":11812,"date":"2014-01-18T15:53:25","date_gmt":"2014-01-18T14:53:25","guid":{"rendered":"http:\/\/diariodevurgos.com\/dvwps\/la-lucha-continua.php"},"modified":"2014-01-18T17:40:06","modified_gmt":"2014-01-18T16:40:06","slug":"la-lucha-continua","status":"publish","type":"post","link":"https:\/\/diariodevurgos.com\/dvwps\/la-lucha-continua.php","title":{"rendered":"La lucha contin\u00faa"},"content":{"rendered":"<p class=\"lead\"><strong>Manifestaci\u00f3n hoy s\u00e1bado 19:00 horas\u00a0por el barrio desde la <em>Zona Cero<\/em>.<\/strong><\/p>\n<p>Centenares de personas han vuelto a la zona de obras ocupadas esta ma\u00f1ana para analizar en la asamblea los pasos a dar del movimiento surgido. Ha sido una semana muy intensa que la gente ha comenzado un proceso de destrucci\u00f3n-creaci\u00f3n. Destrucci\u00f3n del viejo mundo y creaci\u00f3n del nuevo. Esta ma\u00f1ana han seguido las comisiones y la asamblea de las 12:00 horas y se ha convocado a la cl\u00e1sica asamblea informativa y manifestaci\u00f3n de las 19:00 horas que hoy s\u00e1bado recorrer\u00e1 las calles del barrio. Ma\u00f1ana continuara las comisiones a las 11:00 h. y las asambleas de las 12:00 horas y las 19:00 horas. El movimiento no se detiene y despu\u00e9s de conseguir la paralizaci\u00f3n definitiva de las obras no retrocede avanzando en la lucha por la absoluci\u00f3n de los detenidos, la desmilitarizaci\u00f3n de la ciudad y la dimisi\u00f3n del Alcalde. Apuntan mucho mas all\u00e1 hacia la extensi\u00f3n de la lucha en el \u00e1mbito de la vivienda, el trabajo-paro-precariedad, &#8230; y la creaci\u00f3n de una comunidad de lucha que plante cara a las diferentes agresiones del Estado.<\/p>\n<p style=\"text-align: center;\"><img loading=\"lazy\" class=\"aligncenter size-full wp-image-11817\" title=\"burgos-ma\u00f1ana3\" src=\"http:\/\/diariodevurgos.com\/dvwps\/wp-content\/uploads\/2014\/01\/burgos-ma\u00f1ana3.jpg\" alt=\"burgos-ma\u00f1ana3\" width=\"420\" height=\"315\" srcset=\"https:\/\/diariodevurgos.com\/dvwps\/wp-content\/uploads\/2014\/01\/burgos-ma\u00f1ana3.jpg 600w, https:\/\/diariodevurgos.com\/dvwps\/wp-content\/uploads\/2014\/01\/burgos-ma\u00f1ana3-300x225.jpg 300w\" sizes=\"(max-width: 420px) 100vw, 420px\" \/><\/p>\n<p style=\"text-align: center;\"><img loading=\"lazy\" class=\"aligncenter size-full wp-image-11818\" title=\"burgos-ma\u00f1ana25 asamblea 18-01\" src=\"http:\/\/diariodevurgos.com\/dvwps\/wp-content\/uploads\/2014\/01\/burgos-ma\u00f1ana25-asamblea-18-01.jpg\" alt=\"burgos-ma\u00f1ana25 asamblea 18-01\" width=\"420\" height=\"202\" srcset=\"https:\/\/diariodevurgos.com\/dvwps\/wp-content\/uploads\/2014\/01\/burgos-ma\u00f1ana25-asamblea-18-01.jpg 600w, https:\/\/diariodevurgos.com\/dvwps\/wp-content\/uploads\/2014\/01\/burgos-ma\u00f1ana25-asamblea-18-01-300x144.jpg 300w\" sizes=\"(max-width: 420px) 100vw, 420px\" \/><\/p>\n<p style=\"text-align: center;\">\n<p>El lunes empezaran la obras para que la calle vuelva a su situaci\u00f3n anterior, por lo que la asamblea est\u00e1 barajando diferentes posibilidades para continuar con ellas. Se ha propuesto seguir con estas en la plaza san Bruno por su cercan\u00ed\u00ada por ser tambi\u00e9n un s\u00ed\u00admbolo m\u00e1s de la especulaci\u00f3n y forma de actuar de los poderosos en el barrio. Derribaron un antiguo mercado de abastos dejando malamente un &#8220;parque&#8221;\u009d con gravilla<strong> para que Arranz Acinas pueda construir en un futuro pisos a precio oro<\/strong>. Mientras hay miles de pisos vac\u00ed\u00ados en Burgos y decenas de desahucios. Tambi\u00e9n se est\u00e1 barajando la posibilidad de buscar un sitio cerrado que permita reunirse sin las inclemencias del tiempo, seguir delante de las luchas que vayan surgiendo y desarrollar la cultura de la gente del barrio.<\/p>\n<p style=\"text-align: center;\">\n<p>Tambi\u00e9n se ha destacado la importancia de mantener la unidad y saber entenderse entre las diferentes posturas que surjan ante problem\u00e1ticas concretas. De c\u00f3mo buscan desde arriba la divisi\u00f3n, de que todos somos necesarios, los mayores, los j\u00f3venes, las madres y padres, los ni\u00f1os juntos adelante contra los que nos quieren imponer esta estafa.<br \/>\nLa caducidad de las viejas estructuras de pseudoparticipaci\u00f3n como los partidos pol\u00ed\u00adticos y la abertura de creaci\u00f3n de la asamblea autoorganizada que sin l\u00ed\u00adderes, de igual a igual abre paso en lucha por un mundo nuevo.<\/p>\n<p>[youtube]LfEeqP1YoH8[\/youtube]<\/p>\n<p><strong>\u00a1Barrio vivo, unido y combativo adelante!<br \/>\n\u00a1Llevamos un mundo nuevo en nuestros corazones!<\/strong><\/p>\n<p>Pintada en la caseta de las obras:<br \/>\n<em><strong> \u00a1La barricada cierra la calle pero abre el camino! <\/strong><\/em>(Paris, Mayo 68- Gamonal, Enero 14)<\/p>\n","protected":false},"excerpt":{"rendered":"<p>Manifestaci\u00f3n hoy s\u00e1bado 19:00 horas\u00a0por el barrio desde la Zona Cero. Centenares de personas han vuelto a la zona de obras ocupadas esta ma\u00f1ana para analizar en la asamblea los pasos a dar del movimiento surgido. Ha sido una semana muy intensa que la gente ha comenzado un proceso de destrucci\u00f3n-creaci\u00f3n. Destrucci\u00f3n del viejo mundo&#8230;  <a href=\"https:\/\/diariodevurgos.com\/dvwps\/la-lucha-continua.php\" class=\"more-link\" title=\"Read La lucha contin\u00faa\">Read more &raquo;<\/a><\/p>\n","protected":false},"author":21,"featured_media":0,"comment_status":"open","ping_status":"closed","sticky":false,"template":"","format":"standard","meta":[],"categories":[74,2,57,64,27,49],"tags":[],"_links":{"self":[{"href":"https:\/\/diariodevurgos.com\/dvwps\/wp-json\/wp\/v2\/posts\/11812"}],"collection":[{"href":"https:\/\/diariodevurgos.com\/dvwps\/wp-json\/wp\/v2\/posts"}],"about":[{"href":"https:\/\/diariodevurgos.com\/dvwps\/wp-json\/wp\/v2\/types\/post"}],"author":[{"embeddable":true,"href":"https:\/\/diariodevurgos.com\/dvwps\/wp-json\/wp\/v2\/users\/21"}],"replies":[{"embeddable":true,"href":"https:\/\/diariodevurgos.com\/dvwps\/wp-json\/wp\/v2\/comments?post=11812"}],"version-history":[{"count":3,"href":"https:\/\/diariodevurgos.com\/dvwps\/wp-json\/wp\/v2\/posts\/11812\/revisions"}],"predecessor-version":[{"id":11813,"href":"https:\/\/diariodevurgos.com\/dvwps\/wp-json\/wp\/v2\/posts\/11812\/revisions\/11813"}],"wp:attachment":[{"href":"https:\/\/diariodevurgos.com\/dvwps\/wp-json\/wp\/v2\/media?parent=11812"}],"wp:term":[{"taxonomy":"category","embeddable":true,"href":"https:\/\/diariodevurgos.com\/dvwps\/wp-json\/wp\/v2\/categories?post=11812"},{"taxonomy":"post_tag","embeddable":true,"href":"https:\/\/diariodevurgos.com\/dvwps\/wp-json\/wp\/v2\/tags?post=11812"}],"curies":[{"name":"wp","href":"https:\/\/api.w.org\/{rel}","templated":true}]}}