{"id":11842,"date":"2014-01-19T20:49:28","date_gmt":"2014-01-19T19:49:28","guid":{"rendered":"http:\/\/diariodevurgos.com\/dvwps\/?p=11842"},"modified":"2014-01-20T01:32:12","modified_gmt":"2014-01-20T00:32:12","slug":"comunicado-de-la-asamblea-del-18-de-enero-de-2014","status":"publish","type":"post","link":"https:\/\/diariodevurgos.com\/dvwps\/comunicado-de-la-asamblea-del-18-de-enero-de-2014.php","title":{"rendered":"Comunicado de la asamblea  del 18 de enero de 2014"},"content":{"rendered":"<p class=\"lead\">Despu\u00e9s de una semana de dura lucha y mucha uni\u00f3n, Gamonal ha ganado su primera batalla, pero esto no es el fin. Hemos conseguido que el alcalde de Burgos, Javier Lacalle, d\u00e9 su brazo a torcer y por eso, no vamos a parar.<\/p>\n<p>Hoy, en la asamblea se ha llamado a la reflexi\u00f3n, tanto individual como colectiva del barrio. Tenemos una cuesti\u00f3n estrat\u00e9gica que tenemos que decidir en colectivo, con pluralidad de ideas, propuestas y tambi\u00e9n de visiones.<\/p>\n<p style=\"text-align: center;\"><img loading=\"lazy\" class=\"aligncenter size-full wp-image-11844\" title=\"burgos-ma\u00f1ana20_17-01 ma\u00f1ana\" src=\"http:\/\/diariodevurgos.com\/dvwps\/wp-content\/uploads\/2014\/01\/burgos-ma\u00f1ana20_17-01-ma\u00f1ana.jpg\" alt=\"burgos-ma\u00f1ana20_17-01 ma\u00f1ana\" width=\"335\" height=\"303\" srcset=\"https:\/\/diariodevurgos.com\/dvwps\/wp-content\/uploads\/2014\/01\/burgos-ma\u00f1ana20_17-01-ma\u00f1ana.jpg 599w, https:\/\/diariodevurgos.com\/dvwps\/wp-content\/uploads\/2014\/01\/burgos-ma\u00f1ana20_17-01-ma\u00f1ana-300x270.jpg 300w\" sizes=\"(max-width: 335px) 100vw, 335px\" \/><\/p>\n<p>Recordamos que a\u00fan no se han cumplido todas nuestras demandas:<\/p>\n<ul>\n<li>Libertad sin cargos de los encausados<\/li>\n<li>Fuera Estado policial de Burgos<\/li>\n<li>Dimisi\u00f3n irrevocable de Javier Lacalle<\/li>\n<\/ul>\n<p>Es muy importante que la decisi\u00f3n gener\u00e9 unidad en el barrio. Este lunes vienen las m\u00e1quinas.<\/p>\n<p>\u00bfQU\u00ed\u2030 ACTITUD TENEMOS QUE TOMAR FRENTE A ELLO?<\/p>\n<p><strong>Por nosotr@s, por vosotr@s. Gamonal sigue en lucha.<\/strong><\/p>\n<p>Difunde y participa. Gracias a tod@s<\/p>\n","protected":false},"excerpt":{"rendered":"<p>Despu\u00e9s de una semana de dura lucha y mucha uni\u00f3n, Gamonal ha ganado su primera batalla, pero esto no es el fin. Hemos conseguido que el alcalde de Burgos, Javier Lacalle, d\u00e9 su brazo a torcer y por eso, no vamos a parar. Hoy, en la asamblea se ha llamado a la reflexi\u00f3n, tanto individual&#8230;  <a href=\"https:\/\/diariodevurgos.com\/dvwps\/comunicado-de-la-asamblea-del-18-de-enero-de-2014.php\" class=\"more-link\" title=\"Read Comunicado de la asamblea  del 18 de enero de 2014\">Read more &raquo;<\/a><\/p>\n","protected":false},"author":2,"featured_media":0,"comment_status":"open","ping_status":"closed","sticky":false,"template":"","format":"standard","meta":[],"categories":[61,74,2,27,49,7],"tags":[],"_links":{"self":[{"href":"https:\/\/diariodevurgos.com\/dvwps\/wp-json\/wp\/v2\/posts\/11842"}],"collection":[{"href":"https:\/\/diariodevurgos.com\/dvwps\/wp-json\/wp\/v2\/posts"}],"about":[{"href":"https:\/\/diariodevurgos.com\/dvwps\/wp-json\/wp\/v2\/types\/post"}],"author":[{"embeddable":true,"href":"https:\/\/diariodevurgos.com\/dvwps\/wp-json\/wp\/v2\/users\/2"}],"replies":[{"embeddable":true,"href":"https:\/\/diariodevurgos.com\/dvwps\/wp-json\/wp\/v2\/comments?post=11842"}],"version-history":[{"count":3,"href":"https:\/\/diariodevurgos.com\/dvwps\/wp-json\/wp\/v2\/posts\/11842\/revisions"}],"predecessor-version":[{"id":11856,"href":"https:\/\/diariodevurgos.com\/dvwps\/wp-json\/wp\/v2\/posts\/11842\/revisions\/11856"}],"wp:attachment":[{"href":"https:\/\/diariodevurgos.com\/dvwps\/wp-json\/wp\/v2\/media?parent=11842"}],"wp:term":[{"taxonomy":"category","embeddable":true,"href":"https:\/\/diariodevurgos.com\/dvwps\/wp-json\/wp\/v2\/categories?post=11842"},{"taxonomy":"post_tag","embeddable":true,"href":"https:\/\/diariodevurgos.com\/dvwps\/wp-json\/wp\/v2\/tags?post=11842"}],"curies":[{"name":"wp","href":"https:\/\/api.w.org\/{rel}","templated":true}]}}