{"id":11868,"date":"2014-01-20T17:24:46","date_gmt":"2014-01-20T16:24:46","guid":{"rendered":"http:\/\/diariodevurgos.com\/dvwps\/paso-a-paso-todo-es-posible.php"},"modified":"2014-03-04T22:56:31","modified_gmt":"2014-03-04T21:56:31","slug":"paso-a-paso-todo-es-posible","status":"publish","type":"post","link":"https:\/\/diariodevurgos.com\/dvwps\/paso-a-paso-todo-es-posible.php","title":{"rendered":"Paso a paso todo es posible"},"content":{"rendered":"<p class=\"lead\">Esta ma\u00f1ana de lunes se ha realizado la asamblea en la<strong> nueva <em>Zona Cero<\/em> <\/strong>en la plaza que hace esquina de la <strong>calle Victoria con Santa Barbar\u00e1<\/strong>. Esta tarde a las<strong> 19:00 hora<\/strong>s habr\u00e1 manifestaci\u00f3n desde la <em>Zona Cero<\/em> hasta la Subdelegaci\u00f3n del Gobierno y el Ayuntamiento como ya se ha explicado en anteriores entradas. Tambi\u00e9n se ha ido afilando la idea de hacer un parque auto gestionado en la plaza San Bruno y se ha convocado <strong>ma\u00f1ana martes despu\u00e9s de la asamblea de las 12:00<\/strong> horas para <strong>ocupar las oficinas bancarias<\/strong> que han denunciado a los detenidos hasta que retiren la misma:<strong> BBVA, Bankia, Bankinter y Ibercaja-Cajac\u00ed\u00adrculo.<\/strong><\/p>\n<p>La asamblea ha consensuado exigir un espacio al Ayuntamiento para que los propios vecinos puedan auto gestionar sin ning\u00fan tipo de intervenci\u00f3n municipal, sin ninguna dependencia ni requisito a cambio. La asamblea marcara un tiempo para que el Ayuntamiento cumpla la exigencia y en caso negativo la gente se dotar\u00e1 de los medios necesarios para tomar un espacio cerrado autogestionado por los vecinos.<\/p>\n<p style=\"text-align: center;\"><img loading=\"lazy\" class=\"aligncenter size-full wp-image-11876\" title=\"burgos-ma\u00f1ana4\" src=\"http:\/\/diariodevurgos.com\/dvwps\/wp-content\/uploads\/2014\/01\/burgos-ma\u00f1ana4.jpg\" alt=\"burgos-ma\u00f1ana4\" width=\"359\" height=\"337\" \/><\/p>\n<p>Otro debate ha sido a ra\u00ed\u00adz del <strong>comunicado de la Comisar\u00ed\u00ada Provincial de Burgos y la declaraci\u00f3n del Ministro del Interior, Jorge Fern\u00e1ndez D\u00ed\u00adaz,<\/strong> en las que acusan a<a title=\"Informe policial de la Brigada de Informaci\u00f3n de Burgos flitrado por El Pa\u00ed\u00ads\" href=\"http:\/\/politica.elpais.com\/politica\/2014\/01\/19\/actualidad\/1390163931_985861.html\"> los anarquistas, el 15M, Resaca Castellana y la izquierda radical de ser unos monstruos malos mal\u00ed\u00adsimos que enga\u00f1an a los vecinos para que sin ning\u00fan motivo rompan cosas<\/a>. Declaraciones que intentan sembrar la divisi\u00f3n entre los vecinos, la criminalizaci\u00f3n de la ideas y de una protesta para allanar una futura represi\u00f3n selectiva. La gente ha rechazado las mentiras policiales y ha mostrado su apoyo a los vecinos del barrio se\u00f1alados. Tambi\u00e9n est\u00e1n redactando un comunicado en el que explique que el movimiento surgido de esta lucha est\u00e1 compuesta por vecinos del barrio unidos por la lucha de los de abajo contra los de arriba y desmontando las mentiras redactadas en la Comisaria de Burgos donde han sido torturados casi medio centenar de compa\u00f1eros del barrio. Tambi\u00e9n se ha mostrado el apoyo a posibles detenciones futuras a gente concreta y a estar alerta para movilizar la solidaridad.<\/p>\n<p style=\"text-align: center;\"><img loading=\"lazy\" class=\"aligncenter size-full wp-image-11878\" title=\"BURGOS-NOCHE1-foto del dia del pleno\" src=\"http:\/\/diariodevurgos.com\/dvwps\/wp-content\/uploads\/2014\/01\/BURGOS-NOCHE1-foto-del-dia-del-pleno.jpg\" alt=\"BURGOS-NOCHE1-foto del dia del pleno\" width=\"359\" height=\"239\" srcset=\"https:\/\/diariodevurgos.com\/dvwps\/wp-content\/uploads\/2014\/01\/BURGOS-NOCHE1-foto-del-dia-del-pleno.jpg 599w, https:\/\/diariodevurgos.com\/dvwps\/wp-content\/uploads\/2014\/01\/BURGOS-NOCHE1-foto-del-dia-del-pleno-300x199.jpg 300w\" sizes=\"(max-width: 359px) 100vw, 359px\" \/><\/p>\n<p>Desde la<strong> comisi\u00f3n de apoyo a detenidos<\/strong> se ha recordado <strong>que se reunir\u00e1n ma\u00f1ana en<\/strong> <strong>Todos Unidos <\/strong>y la necesidad de difundir el <a title=\"n\u00famero de cuenta solidaridad detenidos\" href=\"http:\/\/diariodevurgos.com\/dvwps\/ante-su-represion-nuestra-solidaridad.php\">n\u00ba de cuenta para recaudar fondos<\/a>.<\/p>\n<p>En las asambleas anteriores se ha hecho un llamamiento a hacer <strong>boicot a todos los medios de M\u00e9ndez Pozo<\/strong> empezando por el <strong>Diario de Burgos<\/strong>.<\/p>\n<p>Otro d\u00ed\u00ada m\u00e1s pese al fr\u00ed\u00ado la gente vuelve a llenar de ideas la asamblea para seguir con la lucha en su onceava jornada de revuelta.<\/p>\n","protected":false},"excerpt":{"rendered":"<p>Esta ma\u00f1ana de lunes se ha realizado la asamblea en la nueva Zona Cero en la plaza que hace esquina de la calle Victoria con Santa Barbar\u00e1. Esta tarde a las 19:00 horas habr\u00e1 manifestaci\u00f3n desde la Zona Cero hasta la Subdelegaci\u00f3n del Gobierno y el Ayuntamiento como ya se ha explicado en anteriores entradas&#8230;.  <a href=\"https:\/\/diariodevurgos.com\/dvwps\/paso-a-paso-todo-es-posible.php\" class=\"more-link\" title=\"Read Paso a paso todo es posible\">Read more &raquo;<\/a><\/p>\n","protected":false},"author":21,"featured_media":0,"comment_status":"open","ping_status":"closed","sticky":false,"template":"","format":"standard","meta":[],"categories":[75,61,74,2,57,64,27,49],"tags":[],"_links":{"self":[{"href":"https:\/\/diariodevurgos.com\/dvwps\/wp-json\/wp\/v2\/posts\/11868"}],"collection":[{"href":"https:\/\/diariodevurgos.com\/dvwps\/wp-json\/wp\/v2\/posts"}],"about":[{"href":"https:\/\/diariodevurgos.com\/dvwps\/wp-json\/wp\/v2\/types\/post"}],"author":[{"embeddable":true,"href":"https:\/\/diariodevurgos.com\/dvwps\/wp-json\/wp\/v2\/users\/21"}],"replies":[{"embeddable":true,"href":"https:\/\/diariodevurgos.com\/dvwps\/wp-json\/wp\/v2\/comments?post=11868"}],"version-history":[{"count":3,"href":"https:\/\/diariodevurgos.com\/dvwps\/wp-json\/wp\/v2\/posts\/11868\/revisions"}],"predecessor-version":[{"id":11875,"href":"https:\/\/diariodevurgos.com\/dvwps\/wp-json\/wp\/v2\/posts\/11868\/revisions\/11875"}],"wp:attachment":[{"href":"https:\/\/diariodevurgos.com\/dvwps\/wp-json\/wp\/v2\/media?parent=11868"}],"wp:term":[{"taxonomy":"category","embeddable":true,"href":"https:\/\/diariodevurgos.com\/dvwps\/wp-json\/wp\/v2\/categories?post=11868"},{"taxonomy":"post_tag","embeddable":true,"href":"https:\/\/diariodevurgos.com\/dvwps\/wp-json\/wp\/v2\/tags?post=11868"}],"curies":[{"name":"wp","href":"https:\/\/api.w.org\/{rel}","templated":true}]}}