{"id":11880,"date":"2014-01-20T21:00:48","date_gmt":"2014-01-20T20:00:48","guid":{"rendered":"http:\/\/diariodevurgos.com\/dvwps\/?p=11880"},"modified":"2014-01-22T00:56:36","modified_gmt":"2014-01-21T23:56:36","slug":"de-estrategias-represivas-e-informes-policiales","status":"publish","type":"post","link":"https:\/\/diariodevurgos.com\/dvwps\/de-estrategias-represivas-e-informes-policiales.php","title":{"rendered":"De estrategias represivas e informes policiales"},"content":{"rendered":"<p class=\"lead\">Tras el <a title=\"La polic\u00ed\u00ada admite no tener pruebas de &quot;grupos violentos itinerantes&quot; en Gamonal\" href=\"http:\/\/www.lamarea.com\/2014\/01\/16\/ignacio-cosio-director-policia\/\">fracaso de la primera hip\u00f3tesis represiva elaborada por el Ministerio de Interior<\/a> en la que se achacaba la responsabilidad de los sucesos vividos en Gamonal a la presencia de &#8220;grupos violentos itinerantes&#8221;\u009d,\u00a0 la <strong>Comisaria Provincial de Burgos<\/strong> elabora una <a title=\"No ha sido un ensayo revolucionario para exportar al resto del territorio\" href=\"http:\/\/politica.elpais.com\/politica\/2014\/01\/19\/actualidad\/1390163931_985861.html\">teor\u00ed\u00ada alternativa<\/a> con la que tratar de salvar la papeleta a los responsables de Interior.\u00a0\u00a0 Un informe policial, en el que se alude al dirigismo de colectivos anarquistas y sociales burgaleses,\u00a0 aireado por los principales rotativos nacionales que parece no tener en cuenta una de las principales constantes en este conflicto: l<strong>a protesta masiva de miles de personas ante las puertas de Comisaria<\/strong> exigiendo la libertad de los detenidos y el cese del Estado de excepci\u00f3n sobre Gamonal.<\/p>\n<p style=\"text-align: center;\"><strong><img loading=\"lazy\" class=\"aligncenter size-full wp-image-11883\" title=\"Comisaria de Policia Burgos\" src=\"http:\/\/diariodevurgos.com\/dvwps\/wp-content\/uploads\/2014\/01\/Comisaria-de-Policia-Burgos.jpg\" alt=\"Comisaria de Policia Burgos\" width=\"323\" height=\"243\" srcset=\"https:\/\/diariodevurgos.com\/dvwps\/wp-content\/uploads\/2014\/01\/Comisaria-de-Policia-Burgos.jpg 600w, https:\/\/diariodevurgos.com\/dvwps\/wp-content\/uploads\/2014\/01\/Comisaria-de-Policia-Burgos-300x225.jpg 300w\" sizes=\"(max-width: 323px) 100vw, 323px\" \/><\/strong><\/p>\n<p><strong> <\/strong><!--more--><\/p>\n<p>Despu\u00e9s de que se echase por tierra la versi\u00f3n elaborada por <a title=\"Grupos violentos e itinerantes\" href=\"http:\/\/ecodiario.eleconomista.es\/espana\/noticias\/5452864\/01\/14\/Interior-dice-que-en-Burgos-hay-grupos-violentos-itinerantes-e-infiltrados.html\">el Ministerio de Interior <\/a>con la que se pretend\u00ed\u00ada explicar el estallido social vivido en Gamonal a trav\u00e9s de la presencia de &#8220;grupos violentos itinerantes&#8221;\u009d,\u00a0 declaraciones con las que se pretend\u00ed\u00ada justificar la nueva<strong> Ley de Seguridad Ciudadana<\/strong> y todo su paquete de medidas coercitivas encaminadas a coartar el derecho de manifestaci\u00f3n, la Comisar\u00ed\u00ada Provincial de Burgos ha difundido una nueva teor\u00ed\u00ada en la que las responsabilidad de los hechos pasar\u00ed\u00ada a recaer en colectivos sociales burgaleses.<\/p>\n<p>Mediante un informe difundido por <a href=\"http:\/\/www.eldiario.es\/politica\/informes-policiales-violentos-itinerantes-Gamonal_0_220128062.html\">los principales rotativos nacionales<\/a>, la nueva versi\u00f3n policial apunta directamente hacia colectivos anarquistas, y otros movimientos sociales como la Asamblea de Gamonal 15M,\u00a0 en una estrategia dise\u00f1ada para restar protagonismo a la movilizaci\u00f3n de un barrio que ha puesto contra las cuerdas a los poderes pol\u00ed\u00adticos y empresariales burgaleses. Un conflicto que gracias al malestar social se ha reproducido en numerosas localidades en un fen\u00f3meno denominado <strong>Efecto Gamonal.<\/strong><\/p>\n<p>Resulta cuanto menos curioso comprobar como a lo largo del tiempo las diferentes teor\u00ed\u00adas que \u00a0han tratado de explicar los conflictos sociales vividos en Gamonal han mutado de forma sorprendente, pero manteni\u00e9ndose lineales en las mismas teor\u00ed\u00adas acusatorias. Si en lucha contra<strong> <\/strong><a title=\"\u00bfDe qui\u00e9n es la calle?\" href=\"http:\/\/www.youtube.com\/watch?v=yH6phRdm9_U\">el parking de Eladio Perlado en agosto de 2005<\/a> se hablaba de la llegada de &#8220;miembros de la <a title=\"La Kale Borroka en Gamonal\" href=\"http:\/\/diariodevurgos.com\/dvwps\/los-abertxandals-ya-estan-aqui.php\"><em>kale borroka<\/em><\/a>&#8220;\u009d, la complejidad de los hechos vividos en enero de 2014 ha hecho necesario adaptar casi sobre la marcha una nueva gui\u00f3n en el que se ha pasado del <em>violento itinerante<\/em> al <em>enemigo interno local<\/em>.<\/p>\n<p>Una estrategia que no es nueva y que reproduce en l\u00ed\u00adneas generales <a title=\"La violencia nunca har\u00e1 caluidicar al Estado de Derecho\" href=\"http:\/\/www.elcorreodeburgos.com\/noticias\/2014-01-12\/la-violencia-nunca-hara-claudicar-al-estado-de-derecho-advierte-el-alcalde\">la t\u00e1ctica informativa empleada por Javier Lacalle <\/a>y su equipo de gobierno cuando en sucesivas comparecencias p\u00fablicas se enconaba en declarar sus intenciones de no claudicar ante un &#8220;grupo radical&#8221;\u009d. Pero ese &#8220;grupo radical&#8221;\u009d del que hablaba el se\u00f1or Lacalle no era otro que el barrio de Gamonal, donde miles de personas han clamado por la paralizaci\u00f3n definitiva de las obras y siguen en lucha por la absoluci\u00f3n del casi medio centenar de represaliados.<\/p>\n<p>El informe policial, que vierte sus acusaciones sobre determinados movimientos sociales y en el que se alude a un supuesto &#8220;dirigismo anarquista&#8221;\u009d, revela la estrechez de miras de quien, a pesar de sus muchas titulaciones universitarias y estatus de inspector policial,\u00a0 es incapaz de comprender que la poblaci\u00f3n pueda actuar por cuenta propia sin que nadie la dirija. La literatura policial pone una vez m\u00e1s de manifiesto que sujetos acostumbrados a acatar y recibir \u00f3rdenes no puede ver m\u00e1s all\u00e1 de sus r\u00ed\u00adgidos esquematismos mentales que reproducen la sociedad que se encargan de defender a trav\u00e9s del monopolio de la violencia.<\/p>\n<p>Pero si tenemos que hablar de infiltrados, la Brigada Provincial de Informaci\u00f3n de Burgos, estructura heredera de la Brigada Pol\u00ed\u00adtico Social franquista, tiene mucho de lo que callar. Varios de sus agentes fueron descubiertos en <a href=\"http:\/\/diariodevurgos.com\/dvwps\/para-quien-no-estuvo-al-corriente-de-los-acontecimientos.php\">una de las asambleas vecinales en el conflicto contra el parking de Eladio Perlado en 2005,<\/a> y un polic\u00ed\u00ada secreta tuvo que poner pies en polvorosa durante los primeros enfrentamientos en la lucha contra el bulevar. Su actuaci\u00f3n es la propia de una polic\u00ed\u00ada pol\u00ed\u00adtica destinada a realizar controles ideol\u00f3gicos sobre la poblaci\u00f3n y sus m\u00e9todos inquisitoriales no dejan de recordar a la Espa\u00f1a negra de anta\u00f1o.<\/p>\n<p>No podemos negar que les falte inteligencia maquiav\u00e9lica a los agentes que prestan sus servicios en la Comisar\u00ed\u00ada Provincial de Burgos, c\u00f3mo explicar las miles de voces que han clamado diariamente a las puertas de sus dependencias contra el Estado de excepci\u00f3n vivido en Gamonal, c\u00f3mo salvar la papeleta a un Ministerio de Interior que ha querido aprovechar el conflicto vecinal para justificar sus nuevas medidas represivas. Han hecho bien su trabajo y el &#8220;comunicado&#8221;\u009d difundido forma parte de la propaganda medi\u00e1tica que desde el inicio del conflicto se ha desatado contra el barrio.<\/p>\n<p style=\"text-align: center;\"><img loading=\"lazy\" class=\"aligncenter size-full wp-image-11884\" title=\"Comisaria de Policia Burgos2\" src=\"http:\/\/diariodevurgos.com\/dvwps\/wp-content\/uploads\/2014\/01\/Comisaria-de-Policia-Burgos2.jpg\" alt=\"Comisaria de Policia Burgos2\" width=\"419\" height=\"236\" srcset=\"https:\/\/diariodevurgos.com\/dvwps\/wp-content\/uploads\/2014\/01\/Comisaria-de-Policia-Burgos2.jpg 599w, https:\/\/diariodevurgos.com\/dvwps\/wp-content\/uploads\/2014\/01\/Comisaria-de-Policia-Burgos2-300x168.jpg 300w\" sizes=\"(max-width: 419px) 100vw, 419px\" \/><\/p>\n<p>Pero si una cosa saben y callan a conciencia los redactores del informe policial es que jam\u00e1s ning\u00fan &#8220;colectivo radical&#8221;\u009d, hubiera sido capaz de desatar un conflicto de tal intensidad en el que los propios vecinos han sido sus protagonistas y cuyas cusas \u00faltimas habr\u00ed\u00ada que buscarlas en el modelo social que con su din\u00e1mica represiva se encargan de perpetuar.<\/p>\n<p><strong>ACTUALIZADO 21\/01\/2014: <\/strong>Como un veneno filtrado en peque\u00f1as dosis,\u00a0 <a href=\"http:\/\/www.diariodeburgos.es\/noticia\/Z1B53AD0C-A3BC-26A7-9F4A50B5D4799EA2\/20140121\/policia\/detecto\/contactos\/ultras\/burgos\/rayo\/deportivo\/celta\/acudir\/gamonal\">nuevos extractos del informe policial elaborado por la Brigada Provincial de Informaci\u00f3n de Burgos<\/a> han sido aireados en medios informativos.<\/p>\n<p>En contradicci\u00f3n respecto a lo revelado en d\u00ed\u00adas anteriores donde los Servicios de Informaci\u00f3n de la Comisar\u00ed\u00ada de Burgos minimizaban la presencia de Resaca Castellana en los incidentes registrados en varias jornadas consecutivas de protesta, las recientes filtraciones especulan con la hip\u00f3tesis del apoyo que diversos seguidores de extrema izquierda de equipos futbol\u00ed\u00adsticos habr\u00ed\u00adan prestado a los sucesos de Gamonal, a pesar de que finalmente no se habr\u00ed\u00adan desplazado a la capital burgalesa como reconoce el propio informe.<\/p>\n<p>En la misma l\u00ed\u00adnea que en d\u00ed\u00adas anteriores, el servicio de informaci\u00f3n policial aporta nuevas elucubraciones con las que tratar de corregir el fiasco cosechado con la desacreditada teor\u00ed\u00ada de los grupos violentos itinerantes, aportando un nuevo cap\u00ed\u00adtulo al abigarrado manual de t\u00e9rminos empleados para referirse a los conflictos sociales registrados en Gamonal.<\/p>\n<p>El documento policial, que viene siendo portada de los principales rotativos nacionales por segundo d\u00ed\u00ada consecutivo,\u00a0 forma parte de la intoxicaci\u00f3n con la que se quiere desvirtuar el significado de la lucha de los vecinos de Gamonal restando valor a su estallido revolucionario<\/p>\n<p>No es la primera vez que los servicios de informaci\u00f3n policiales, eufemismo period\u00ed\u00adstico con el que se designa a la polic\u00ed\u00ada pol\u00ed\u00adtica, despliegan su alargada sombra sobre los conflictos sociales que vive el barrio de Gamonal infiltr\u00e1ndose entre los vecinos. La imagen de su presencia <a href=\"http:\/\/www.lahaine.org\/index.php?p=28242\">durante una protesta en solidaridad con los procesados por las protestas del parking de Eladio Perlado<\/a> habla por s\u00ed\u00ad sola.<\/p>\n<p style=\"text-align: center;\"><img loading=\"lazy\" class=\"aligncenter size-full wp-image-11937\" title=\"Brigada de Informaci\u00f3n Burgos\" src=\"http:\/\/diariodevurgos.com\/dvwps\/wp-content\/uploads\/2014\/01\/Brigada-de-Informaci\u00f3n-Burgos.jpg\" alt=\"Brigada de Informaci\u00f3n Burgos\" width=\"392\" height=\"521\" \/><\/p>\n<p>Desde la Comisaria Provincial de Burgos,\u00a0 destino habitual en el que de forma consecutiva han tenido lugar multitudinarias manifestaciones en solidaridad con los represaliados en la lucha contra el bulevar, se pretende\u00a0 lanzar una cortina de humo con la que desacreditar la movilizaci\u00f3n social que ha protagonizado Gamonal y que a\u00fan no ha logrado ser desactivada.<\/p>\n","protected":false},"excerpt":{"rendered":"<p>Tras el fracaso de la primera hip\u00f3tesis represiva elaborada por el Ministerio de Interior en la que se achacaba la responsabilidad de los sucesos vividos en Gamonal a la presencia de &#8220;grupos violentos itinerantes&#8221;\u009d,\u00a0 la Comisaria Provincial de Burgos elabora una teor\u00ed\u00ada alternativa con la que tratar de salvar la papeleta a los responsables de&#8230;  <a href=\"https:\/\/diariodevurgos.com\/dvwps\/de-estrategias-represivas-e-informes-policiales.php\" class=\"more-link\" title=\"Read De estrategias represivas e informes policiales\">Read more &raquo;<\/a><\/p>\n","protected":false},"author":2,"featured_media":0,"comment_status":"open","ping_status":"closed","sticky":false,"template":"","format":"standard","meta":[],"categories":[74,2,27,17,7],"tags":[],"_links":{"self":[{"href":"https:\/\/diariodevurgos.com\/dvwps\/wp-json\/wp\/v2\/posts\/11880"}],"collection":[{"href":"https:\/\/diariodevurgos.com\/dvwps\/wp-json\/wp\/v2\/posts"}],"about":[{"href":"https:\/\/diariodevurgos.com\/dvwps\/wp-json\/wp\/v2\/types\/post"}],"author":[{"embeddable":true,"href":"https:\/\/diariodevurgos.com\/dvwps\/wp-json\/wp\/v2\/users\/2"}],"replies":[{"embeddable":true,"href":"https:\/\/diariodevurgos.com\/dvwps\/wp-json\/wp\/v2\/comments?post=11880"}],"version-history":[{"count":11,"href":"https:\/\/diariodevurgos.com\/dvwps\/wp-json\/wp\/v2\/posts\/11880\/revisions"}],"predecessor-version":[{"id":11940,"href":"https:\/\/diariodevurgos.com\/dvwps\/wp-json\/wp\/v2\/posts\/11880\/revisions\/11940"}],"wp:attachment":[{"href":"https:\/\/diariodevurgos.com\/dvwps\/wp-json\/wp\/v2\/media?parent=11880"}],"wp:term":[{"taxonomy":"category","embeddable":true,"href":"https:\/\/diariodevurgos.com\/dvwps\/wp-json\/wp\/v2\/categories?post=11880"},{"taxonomy":"post_tag","embeddable":true,"href":"https:\/\/diariodevurgos.com\/dvwps\/wp-json\/wp\/v2\/tags?post=11880"}],"curies":[{"name":"wp","href":"https:\/\/api.w.org\/{rel}","templated":true}]}}