{"id":11942,"date":"2014-01-22T16:17:40","date_gmt":"2014-01-22T15:17:40","guid":{"rendered":"http:\/\/diariodevurgos.com\/dvwps\/llamamiento-a-salir-a-la-calle-este-viernes-24-en-cada-barrio-o-pueblo.php"},"modified":"2014-03-04T22:54:53","modified_gmt":"2014-03-04T21:54:53","slug":"llamamiento-a-salir-a-la-calle-este-viernes-24-en-cada-barrio-o-pueblo","status":"publish","type":"post","link":"https:\/\/diariodevurgos.com\/dvwps\/llamamiento-a-salir-a-la-calle-este-viernes-24-en-cada-barrio-o-pueblo.php","title":{"rendered":"Llamamiento a salir a la calle este viernes 24 de enero en cada barrio o pueblo"},"content":{"rendered":"<p class=\"lead\">Manifestaci\u00f3n viernes 24 de enero en todos los barrios que se quieran sumar por:<\/p>\n<ul>\n<li>Por la puesta en libertad sin cargos o la absoluci\u00f3n de todas las personas detenidas en Gamonal y en todos los lugares donde se realizaron manifestaciones en solidaridad con nuestra lucha.<\/li>\n<li>Por unos barrios unidos y autogestionados, libres de presencia policial.<\/li>\n<li>En contra de la especulaci\u00f3n y la corrupci\u00f3n.<\/li>\n<\/ul>\n<p style=\"text-align: center;\">\n<p style=\"text-align: center;\"><img loading=\"lazy\" class=\"aligncenter size-full wp-image-11951\" title=\"m-noche13\" src=\"http:\/\/diariodevurgos.com\/dvwps\/wp-content\/uploads\/2014\/01\/m-noche132.jpg\" alt=\"m-noche13\" width=\"288\" height=\"288\" srcset=\"https:\/\/diariodevurgos.com\/dvwps\/wp-content\/uploads\/2014\/01\/m-noche132.jpg 600w, https:\/\/diariodevurgos.com\/dvwps\/wp-content\/uploads\/2014\/01\/m-noche132-150x150.jpg 150w, https:\/\/diariodevurgos.com\/dvwps\/wp-content\/uploads\/2014\/01\/m-noche132-300x300.jpg 300w\" sizes=\"(max-width: 288px) 100vw, 288px\" \/><\/p>\n<p><span style=\"text-align: left;\">En<\/span><strong> Huesca <\/strong><span style=\"text-align: left;\">y <\/span><strong>Valencia<\/strong><span style=\"text-align: left;\"> van a salir a la calle. En <\/span><strong>Zaragoza <\/strong><span style=\"text-align: left;\">lo har\u00e1n el s\u00e1bado contra el estado policial y por la retirada de los cargos a los ocho compa\u00f1eros detenidos en las dos manifestaciones solidarias con la lucha de Gamonal el pasado fin de semana.<\/span><\/p>\n<p><strong>\u00a1Que se extienda la revuelta y estalle la rabia!<\/strong><\/p>\n","protected":false},"excerpt":{"rendered":"<p>Manifestaci\u00f3n viernes 24 de enero en todos los barrios que se quieran sumar por: Por la puesta en libertad sin cargos o la absoluci\u00f3n de todas las personas detenidas en Gamonal y en todos los lugares donde se realizaron manifestaciones en solidaridad con nuestra lucha. Por unos barrios unidos y autogestionados, libres de presencia policial&#8230;.  <a href=\"https:\/\/diariodevurgos.com\/dvwps\/llamamiento-a-salir-a-la-calle-este-viernes-24-en-cada-barrio-o-pueblo.php\" class=\"more-link\" title=\"Read Llamamiento a salir a la calle este viernes 24 de enero en cada barrio o pueblo\">Read more &raquo;<\/a><\/p>\n","protected":false},"author":21,"featured_media":0,"comment_status":"open","ping_status":"closed","sticky":false,"template":"","format":"standard","meta":[],"categories":[75,74,2,57,27],"tags":[],"_links":{"self":[{"href":"https:\/\/diariodevurgos.com\/dvwps\/wp-json\/wp\/v2\/posts\/11942"}],"collection":[{"href":"https:\/\/diariodevurgos.com\/dvwps\/wp-json\/wp\/v2\/posts"}],"about":[{"href":"https:\/\/diariodevurgos.com\/dvwps\/wp-json\/wp\/v2\/types\/post"}],"author":[{"embeddable":true,"href":"https:\/\/diariodevurgos.com\/dvwps\/wp-json\/wp\/v2\/users\/21"}],"replies":[{"embeddable":true,"href":"https:\/\/diariodevurgos.com\/dvwps\/wp-json\/wp\/v2\/comments?post=11942"}],"version-history":[{"count":5,"href":"https:\/\/diariodevurgos.com\/dvwps\/wp-json\/wp\/v2\/posts\/11942\/revisions"}],"predecessor-version":[{"id":11948,"href":"https:\/\/diariodevurgos.com\/dvwps\/wp-json\/wp\/v2\/posts\/11942\/revisions\/11948"}],"wp:attachment":[{"href":"https:\/\/diariodevurgos.com\/dvwps\/wp-json\/wp\/v2\/media?parent=11942"}],"wp:term":[{"taxonomy":"category","embeddable":true,"href":"https:\/\/diariodevurgos.com\/dvwps\/wp-json\/wp\/v2\/categories?post=11942"},{"taxonomy":"post_tag","embeddable":true,"href":"https:\/\/diariodevurgos.com\/dvwps\/wp-json\/wp\/v2\/tags?post=11942"}],"curies":[{"name":"wp","href":"https:\/\/api.w.org\/{rel}","templated":true}]}}