{"id":11975,"date":"2014-01-23T23:12:57","date_gmt":"2014-01-23T22:12:57","guid":{"rendered":"http:\/\/diariodevurgos.com\/dvwps\/?p=11975"},"modified":"2014-03-04T22:54:39","modified_gmt":"2014-03-04T21:54:39","slug":"gamonal-siempre-barrio-vivo-siempre-barrio-combativo-la-historia-de-gamonal-a-traves-de-sus-conflictos-y-luchas-sociales","status":"publish","type":"post","link":"https:\/\/diariodevurgos.com\/dvwps\/gamonal-siempre-barrio-vivo-siempre-barrio-combativo-la-historia-de-gamonal-a-traves-de-sus-conflictos-y-luchas-sociales.php","title":{"rendered":"Gamonal. Siempre barrio vivo, siempre barrio combativo. La Historia de Gamonal a trav\u00e9s de sus conflictos y luchas sociales"},"content":{"rendered":"<p class=\"lead\">Tras d\u00ed\u00adas de disturbios, noticias en primera plana en la televisi\u00f3n estatal y repercusi\u00f3n medi\u00e1tica en todos los continentes, podemos decir que Gamonal ha adquirido hoy la categor\u00ed\u00ada de s\u00ed\u00admbolo de resistencia ante las arbitrariedades del poder. Pero, \u00bfpor qu\u00e9 un barrio de una ciudad conservadora como Burgos ha salido a defender su territorio con tanta determinaci\u00f3n? \u00bfPor qu\u00e9 sigue viva la lucha? <strong>Conozcamos su historia y su presente<\/strong>.<\/p>\n<p style=\"text-align: center;\"><img loading=\"lazy\" class=\"aligncenter size-full wp-image-11977\" title=\"contribuciones espaciales 2\" src=\"http:\/\/diariodevurgos.com\/dvwps\/wp-content\/uploads\/2014\/01\/contribuciones-espaciales-2.jpg\" alt=\"contribuciones espaciales 2\" width=\"363\" height=\"256\" srcset=\"https:\/\/diariodevurgos.com\/dvwps\/wp-content\/uploads\/2014\/01\/contribuciones-espaciales-2.jpg 1754w, https:\/\/diariodevurgos.com\/dvwps\/wp-content\/uploads\/2014\/01\/contribuciones-espaciales-2-300x212.jpg 300w, https:\/\/diariodevurgos.com\/dvwps\/wp-content\/uploads\/2014\/01\/contribuciones-espaciales-2-1024x723.jpg 1024w\" sizes=\"(max-width: 363px) 100vw, 363px\" \/><\/p>\n<p><!--more--><\/p>\n<p>El antiguo pueblo de <a title=\"Gamonal de R\u00ed\u00adopico\" href=\"http:\/\/es.wikipedia.org\/wiki\/Gamonal_(Burgos)\">Gamonal de R\u00ed\u00ado Pico<\/a> resisti\u00f3 como municipio independiente hasta mediados de los 50. Presionados por la gran urbe, y en medio de la asfixia del r\u00e9gimen de Franco, la corporaci\u00f3n municipal, presumimos que muy abrumada por los abogados de la ciudad de Burgos y el gobernador civil, acepta integrarse en la <em>Capital de la Cruzada<\/em>. Dicha integraci\u00f3n, que se produce tras una ficticia negociaci\u00f3n, supone una estafa para el pueblo. Cede sus inmensos terrenos a cambio tan s\u00f3lo del establecimiento de una l\u00ed\u00adnea de autob\u00fas urbano y de que el Ayuntamiento sufrague las fiestas patronales, que a\u00fan hoy se mantienen (Las Candelas, en Enero).<\/p>\n<p>La ciudad ten\u00ed\u00ada puestas sus miras desde hac\u00ed\u00ada siglos en el peque\u00f1o pueblo, al igual que en el de Capiscol. Finalmente, esta ofensiva &#8220;diplom\u00e1tica&#8221; est\u00e1 motivada por el futuro establecimiento del <a title=\"Polo de Desarrollo\" href=\"http:\/\/es.wikipedia.org\/wiki\/Polo_de_Promoci%C3%B3n_Industrial_de_Burgos\">Polo Industrial de Burgos <\/a>por parte del r\u00e9gimen franquista.<\/p>\n<p>Ahora bien, la burgues\u00ed\u00ada y el clero no quer\u00ed\u00adan obreros cerca de sus mansiones ni de la Catedral. El arzobispo P\u00e9rez Platero lleg\u00f3 a argumentar que las f\u00e1bricas tra\u00ed\u00adan marxismo y prostituci\u00f3n. Por ello el desarrollo urban\u00ed\u00adstico ten\u00ed\u00ada como \u00fanica directriz construir las viviendas de los obreros en el nuevo barrio. Como dec\u00ed\u00ada la Polla Records,<em> &#8220;Hiciste nuestras casas al lado de tus f\u00e1bricas&#8221;<\/em>.<\/p>\n<p style=\"text-align: center;\"><img loading=\"lazy\" class=\"aligncenter size-full wp-image-11988\" title=\"mani 4\" src=\"http:\/\/diariodevurgos.com\/dvwps\/wp-content\/uploads\/2014\/01\/mani-4.jpg\" alt=\"mani 4\" width=\"432\" height=\"278\" srcset=\"https:\/\/diariodevurgos.com\/dvwps\/wp-content\/uploads\/2014\/01\/mani-4.jpg 3358w, https:\/\/diariodevurgos.com\/dvwps\/wp-content\/uploads\/2014\/01\/mani-4-300x192.jpg 300w, https:\/\/diariodevurgos.com\/dvwps\/wp-content\/uploads\/2014\/01\/mani-4-1024x657.jpg 1024w\" sizes=\"(max-width: 432px) 100vw, 432px\" \/><\/p>\n<p>Como en la mayor\u00ed\u00ada de los barrios obreros perif\u00e9ricos de las grandes ciudades, el desarrollo urban\u00ed\u00adstico fue absolutamente ca\u00f3tico e hizo que durante d\u00e9cadas el barrio fuera muy poco habitable. No se dise\u00f1aron parques. Los ni\u00f1os y ni\u00f1as jugaban entre escombros de los constructores hasta los a\u00f1os 90. Tampoco exist\u00ed\u00adan aparcamientos en las calles porque se presum\u00ed\u00ada que los trabajadores y trabajadoras no tendr\u00ed\u00adan coches. Por otro lado, exist\u00ed\u00adan numerosas huertas al lado de edificios y calles. Adem\u00e1s exist\u00ed\u00adan numerosas f\u00e1bricas en medio de las plazas y calles. Todo ello creaba un entorno muy peculiar, radicalmente diferente al del centro de Burgos.<\/p>\n<p>Como decimos, la composici\u00f3n del barrio era predominantemente obrera. Entre sus habitantes siempre hubo poblaci\u00f3n gitana, y posteriormente tambi\u00e9n inmigrante. En el barrio ha predominado siempre la convivencia, y no se recuerda ninguna tensi\u00f3n ni incidente atribuible a la composici\u00f3n multi\u00e9tnica.<br \/>\nPor otro lado, el barrio conserva una fuerte identidad propia, fruto de su origen. Tanto en el propio Gamonal como fuera de \u00e9l, queda patente en expresiones populares, argot&#8230; Ejemplos hay muchos. Por ejemplo, cuando alguien del barrio acude al centro de la ciudad, es muy com\u00fan decir que se <em>&#8220;baja a Burgos&#8221;<\/em>.<\/p>\n<p>Como puede irse viendo, este barrio ha sufrido a lo largo de estos 60 a\u00f1os un serio abandono, y numerosos abusos, lo cual ha hecho que las gentes del barrio se movilicen y peleen, especialmente en lo referido a cuestiones urban\u00ed\u00adsticas. Se trata de un barrio acostumbrado a luchar, pero tambi\u00e9n, como veremos, a ganar.<\/p>\n<p style=\"text-align: center;\"><img loading=\"lazy\" class=\"aligncenter size-full wp-image-11989\" title=\"mani 3\" src=\"http:\/\/diariodevurgos.com\/dvwps\/wp-content\/uploads\/2014\/01\/mani-3.jpg\" alt=\"mani 3\" width=\"428\" height=\"275\" srcset=\"https:\/\/diariodevurgos.com\/dvwps\/wp-content\/uploads\/2014\/01\/mani-3.jpg 3358w, https:\/\/diariodevurgos.com\/dvwps\/wp-content\/uploads\/2014\/01\/mani-3-300x192.jpg 300w, https:\/\/diariodevurgos.com\/dvwps\/wp-content\/uploads\/2014\/01\/mani-3-1024x657.jpg 1024w\" sizes=\"(max-width: 428px) 100vw, 428px\" \/><\/p>\n<p>Los principales agentes populares en estas luchas han sido las asociaciones de vecinos, movimientos sociales propios del barrio (especialmente juveniles y culturales, de marcado car\u00e1cter combativo y libertario) y numerosas asambleas surgidas para problemas espec\u00ed\u00adficos. Por otro lado, hay que destacar que el barrio siempre ha aportado mucha militancia a las organizaciones m\u00e1s combativas de la ciudad, tanto en el franquismo como posteriormente. De hecho algunas organizaciones ten\u00ed\u00adan dos asambleas, una en Gamonal y otra del resto de Burgos.<\/p>\n<p>Por supuesto, el barrio ha tenido una amplia participaci\u00f3n en luchas que ata\u00f1\u00ed\u00adan a toda la ciudad de Burgos (como por ejemplo la exigencia de un nuevo hospital p\u00fablico), pero ha desarrollado muchas, much\u00ed\u00adsimas, espec\u00ed\u00adficas en su propio espacio. <strong>Destacaremos aqu\u00ed\u00ad algunas de las m\u00e1s relevantes.<\/strong><\/p>\n<p><strong>A finales de los a\u00f1os 70<\/strong> se producen las luchas vecinales cuyas reivindicaciones se centran en la necesidad de un mejor servicio de autobuses y los problemas derivados de la autov\u00ed\u00ada &#8220;Ronda II&#8221;. El <a title=\"La Revuelta de Gamonal de 1978\" href=\"http:\/\/diariodevurgos.com\/dvwps\/la-revuelta-de-gamonal-de-1978.php\">8 de septiembre de 1978<\/a> los vecinos del barrio reunidos en asamblea convocan una manifestaci\u00f3n que es considerada ilegal por la polic\u00ed\u00ada y deriva en una serie de disturbios que recuerdan mucho los acontecimientos vividos en el barrio en enero de 2014.<\/p>\n<p style=\"text-align: center;\"><img loading=\"lazy\" class=\"aligncenter size-full wp-image-11979\" title=\"Gamonal 1978\" src=\"http:\/\/diariodevurgos.com\/dvwps\/wp-content\/uploads\/2014\/01\/Gamonal-1978.jpg\" alt=\"Gamonal 1978\" width=\"377\" height=\"281\" \/><\/p>\n<p>Pero lejos de detenerse la conflictividad social en Gamonal contin\u00faa su desarrollo en<strong> los\u00a0 a\u00f1os 80<\/strong>. A principios de esta d\u00e9cada, el Ayuntamiento decidi\u00f3 unilateralmente, y por supuesto sin consulta ni informaci\u00f3n previa, <a title=\"La lucha contra la subida del precio del autobus. Dossier sobre la represi\u00f3n policial en Gamonal en los a\u00f1os 80\" href=\"http:\/\/diariodevurgos.com\/dvwps\/dossier-represion-policial-en-gamonal-en-1980.php\">el aumento de la tarifa del autob\u00fas urbano<\/a>. Cuando las gentes leyeron la noticia en la prensa, de manera espont\u00e1nea comenzaron a hablar en corros, en los portales, y salieron en concentraci\u00f3n a la calle Vitoria (que como iremos viendo es el escenario de numerosas movilizaciones) para cortar el tr\u00e1fico. Acabaron lanz\u00e1ndose piedras a los polic\u00ed\u00adas que acudieron a vigilar la protesta y tumbando varias farolas, adem\u00e1s de curzar un autobus urbano, lo cual tuvo su repercusi\u00f3n en la prensa local y estatal.<\/p>\n<p style=\"text-align: center;\"><img loading=\"lazy\" class=\"aligncenter size-full wp-image-11980\" title=\"gamonal10\" src=\"http:\/\/diariodevurgos.com\/dvwps\/wp-content\/uploads\/2014\/01\/gamonal10.jpg\" alt=\"gamonal10\" width=\"371\" height=\"584\" srcset=\"https:\/\/diariodevurgos.com\/dvwps\/wp-content\/uploads\/2014\/01\/gamonal10.jpg 400w, https:\/\/diariodevurgos.com\/dvwps\/wp-content\/uploads\/2014\/01\/gamonal10-190x300.jpg 190w\" sizes=\"(max-width: 371px) 100vw, 371px\" \/><\/p>\n<p>En esta misma \u00e9poca se acabaron de construir los edificios conocidos como <strong>&#8220;Las Torres&#8221;<\/strong>. Se trataba de tres bloques de 14 alturas, ubicados en una zona que apenas estaba asfaltada, en un entorno poco adecentado. Pues bien, en estos edificios y en la guarder\u00ed\u00ada cercana comenzaron a detectarse vapores t\u00f3xicos provenientes de unos dep\u00f3sitos de propano enterrados bajo la superficie. Cuando los vecinos y vecinas del barrio comenzaron a denunciar judicial y p\u00fablicamente el asunto, exigiendo que se llevaran del barrio el gas y les repararan las casas para evitar las filtraciones, las autoridades de la ciudad llamaron de manera habitual a los &#8220;marrones&#8221; de Miranda de Ebro. Este contingente antidisturbios hizo presencia en el barrio con mucha frecuencia, y reprimi\u00f3 en varias ocasiones al movimiento vecinal. Este es uno de los casos en los que <strong>el alcalde Jos\u00e9 Mar\u00ed\u00ada Pe\u00f1a, inhabilitado posteriormente,<\/strong> se gana el apodo de <em>&#8220;Cabez\u00f3n&#8221;<\/em>, por su incre\u00ed\u00adble cerraz\u00f3n y nula capacidad de escucha a las gentes de Burgos. Tras 20, \u00a1veinte! a\u00f1os de proceso judicial, <strong>el Ayuntamiento tuvo que indemnizar a las familias que viv\u00ed\u00adan en esos edificios<\/strong> (especialmente a las personas intoxicadas) y reparar la guarder\u00ed\u00ada.<\/p>\n<p style=\"text-align: center;\"><img loading=\"lazy\" class=\"aligncenter size-full wp-image-11981\" title=\"Las Torres\" src=\"http:\/\/diariodevurgos.com\/dvwps\/wp-content\/uploads\/2014\/01\/Las-Torres.jpg\" alt=\"Las Torres\" width=\"360\" height=\"270\" srcset=\"https:\/\/diariodevurgos.com\/dvwps\/wp-content\/uploads\/2014\/01\/Las-Torres.jpg 600w, https:\/\/diariodevurgos.com\/dvwps\/wp-content\/uploads\/2014\/01\/Las-Torres-300x225.jpg 300w\" sizes=\"(max-width: 360px) 100vw, 360px\" \/><\/p>\n<p>Tambi\u00e9n, en esos a\u00f1os de efervescencia de la autonom\u00ed\u00ada obrera, <a title=\"Haciendo realidad la utop\u00ed\u00ada. El proceso de autogesti\u00f3n de CYFISA\" href=\"http:\/\/diariodevurgos.com\/dvwps\/haciendo-realidad-la-utopia-el-proceso-de-autogestion-de-cyfisa-en-burgos.php\">los trabajadores de CYFISA tomaron la f\u00e1brica y la autogestionaron durante m\u00e1s de un a\u00f1o.<\/a> Finalmente, como ocurri\u00f3 en otros lugares del estado, el sindicalismo mayoritario liquid\u00f3 esta experiencia al negociar la reventa de la f\u00e1brica a los antiguos due\u00f1os, que finalmente la cerraron con ayudas econ\u00f3micas del estado.<\/p>\n<p style=\"text-align: center;\"><img loading=\"lazy\" class=\"aligncenter size-full wp-image-11982\" title=\"CYFISA-300x200\" src=\"http:\/\/diariodevurgos.com\/dvwps\/wp-content\/uploads\/2014\/01\/CYFISA-300x200.jpg\" alt=\"CYFISA-300x200\" width=\"362\" height=\"241\" \/><\/p>\n<p>Despu\u00e9s, en los <strong>a\u00f1os 80<\/strong>, contin\u00faan las luchas relacionadas con el urbanismo, pero en el barrio se comienzan a articular otro tipo de iniciativas. Varios colectivos realizan una campa\u00f1a muy interesante contra el incremento del costo de la vida, convocando <strong>una huelga del peque\u00f1o comercio y celebrando una importante manifestaci\u00f3n, a la que acudieron m\u00e1s de 5.000 personas<\/strong>. Una iniciativa de la que no hemos o\u00ed\u00addo hablar en otras ciudades, y que sin duda fue muy curiosa e interesante, para tratar de llamar la atenci\u00f3n sobre la p\u00e9rdida de poder adquisitivo de los trabajadores y trabajadoras. En esta movilizaci\u00f3n particip\u00f3 el <a title=\"Ateneo Popular &quot;Los Otros&quot;\" href=\"http:\/\/www.ateneolosotros.net23.net\/\">Ateneo Popular &#8220;Los otros&#8221;\u009d<\/a>, que desarroll\u00f3 en esta d\u00e9cada y la siguiente una labor contracultural y asociativa muy continua con los vecinos y vecinas del barrio.<\/p>\n<p>En esta \u00e9poca se dan otras luchas importantes en el terreno urban\u00ed\u00adstico, como dec\u00ed\u00adamos. Muchas de ellas, adem\u00e1s, acaban en victorias parciales o totales, y, en cualquier caso, en un desgaste pol\u00ed\u00adtico important\u00ed\u00adsimo del omnipotente <a title=\"El Cabez\u00f3n tambi\u00e9n en el Caso Barcenas\" href=\"http:\/\/www.elcorreodeburgos.com\/noticias\/2013-07-30\/el-ex-alcalde-pena-figura-entre-los-senalados-por-barcenas\">Jos\u00e9 Mar\u00ed\u00ada Pe\u00f1a &#8220;el Cabez\u00f3n&#8221;<\/a> y su corruptor <a title=\"M\u00e9ndez Pozo\" href=\"http:\/\/www.eldiario.es\/politica\/Bono-pone-perfil-Mendez-Pozo_0_220478492.html\">Antonio Miguel M\u00e9ndez Pozo<\/a>.<\/p>\n<p>Por ejemplo, <strong>a los vecinos y vecinas de Eladio Perlado les intentaron cobrar de su bolsillo las baldosas que se colocaban en sus aceras<\/strong>. Bajaron al pleno del Ayuntamiento con sus recibos, montando un gran esc\u00e1ndalo, y algunos de ellos se declararon insumisos y no pagaron. Por otro lado, se organizaron diversas formas de protesta contra la presencia de f\u00e1bricas dentro del barrio, y se consigui\u00f3 que todas ellas salieran a la periferia. Incluso<strong> se ocup\u00f3 una f\u00e1brica de l\u00e1cteos (CLESA) <\/strong>y se convirti\u00f3 en Centro Social. Posteriormente, tras su derribo, <strong>el Ayuntamiento se vio obligado a ampliar el Parque F\u00e9lix Rodr\u00ed\u00adguez de la Fuente<\/strong>.<\/p>\n<p>Algo parecido ocurri\u00f3 con <strong>el Parque Santiago<\/strong>. El alcalde y diversos constructores pretend\u00ed\u00adan levantar m\u00e1s edificios en una zona con una densidad de poblaci\u00f3n alt\u00ed\u00adsima, pero las vallas de obra aparecieron totalmente destrozadas y derribadas. Hoy en d\u00ed\u00ada es un lugar de disfrute y ocio.<\/p>\n<p style=\"text-align: center;\"><img loading=\"lazy\" class=\"aligncenter size-full wp-image-11983\" title=\"plaza-santiago-2\" src=\"http:\/\/diariodevurgos.com\/dvwps\/wp-content\/uploads\/2014\/01\/plaza-santiago-2.jpg\" alt=\"plaza-santiago-2\" width=\"410\" height=\"293\" srcset=\"https:\/\/diariodevurgos.com\/dvwps\/wp-content\/uploads\/2014\/01\/plaza-santiago-2.jpg 2995w, https:\/\/diariodevurgos.com\/dvwps\/wp-content\/uploads\/2014\/01\/plaza-santiago-2-300x214.jpg 300w, https:\/\/diariodevurgos.com\/dvwps\/wp-content\/uploads\/2014\/01\/plaza-santiago-2-1024x733.jpg 1024w\" sizes=\"(max-width: 410px) 100vw, 410px\" \/><\/p>\n<p>Tambi\u00e9n es importante destacar que lo p\u00fablico siempre ha sido muy valorado en este barrio. Adem\u00e1s de las luchas por la sanidad, destac\u00f3 por su ampl\u00ed\u00adsimo seguimiento la campa\u00f1a por <strong>la construcci\u00f3n del 6\u00ba instituto p\u00fablico<\/strong>, ya que todos los dem\u00e1s estaban absolutamente saturados.<\/p>\n<p>Como colof\u00f3n de los 80, destacar que la asociaci\u00f3n vecinal <strong>&#8220;Todos Unidos&#8221;\u009d<\/strong>, de nuestro barrio, inici\u00f3 <a title=\"El Caso de la Construcci\u00f3n de Burgos\" href=\"http:\/\/diariodevurgos.com\/dvwps\/del-caso-de-la-construccion-al-caso-gurtel.php\">el proceso judicial que consigui\u00f3 que se condenara a M\u00e9ndez Pozo a 9 a\u00f1os de prisi\u00f3n por corrupci\u00f3n urban\u00ed\u00adstica<\/a>. Aunque poco dur\u00f3 la alegr\u00ed\u00ada, <strong>ya que tan s\u00f3lo cumpli\u00f3 9 meses en prisi\u00f3n<\/strong> y despu\u00e9s fue nombrado presidente de la C\u00e1mara de Comercio. Su<strong> amistad con Aznar<\/strong> parece que fue determinante. Para conocer los detalles de aquel primer caso en el que un constructor fue condenando por corruoci\u00f3n urban\u00ed\u00adstica es imprescindible acercarse a las p\u00e1ginas de <a title=\"El Jefe. El caso de la Construcci\u00f3n de Burgos\" href=\"http:\/\/eljefelibro.wordpress.com\/\"><em>El Jeje. El caso de la construcci\u00f3n de Burgos <\/em><\/a>(Librer\u00ed\u00ada Editoria Berceo, 1998)<\/p>\n<p>En cuanto a la juventud, en <strong>esta d\u00e9cada y los 90 surgen muchas experiencias<\/strong>. Tuvo un gran impacto el<strong> Movimiento de Objeci\u00f3n de Conciencia;<\/strong> tambi\u00e9n el <strong>Centro Social Gacela<\/strong>; las Escuelas Populares de M\u00fasica (donde se intercambiaban los conocimientos y se aprend\u00ed\u00ada a tocar instrumentos de forma totalmente gratuita), los numerosos centros sociales o viviendas ocupados, adem\u00e1s de los tradicionales locales juveniles para ensayar m\u00fasica y disfrutar del ocio&#8230; Cabe destacar que varias generaciones de j\u00f3venes formaron (y forman) sus propios colectivos sociopol\u00ed\u00adticos, ya fueran anarquistas, castellanistas, antifascistas, de trabajo social&#8230;<\/p>\n<p>Acabados los a\u00f1os 90, algunas de todas estas asociaciones, ateneos y colectivos todav\u00ed\u00ada subsisten; otros han desaparecido o se han transformado, pero las personas que los dinamizaron siguen conectadas y formando parte de un tejido social relativamente amplio. Tambi\u00e9n se crean nuevas experiencias.<\/p>\n<p>En la<strong> primera d\u00e9cada de los a\u00f1os 2000<\/strong>, la pelea m\u00e1s dura y destacada, que de nuevo acaba en victoria, es la de<strong> Eladio Perlado<\/strong>. En algunos c\u00ed\u00adrculos se la llama <em>&#8220;la Segunda Batalla de Gamonal&#8221;<\/em> por la contundencia de los disturbios y la represi\u00f3n ordenada por el Ayuntamiento y la Subdelegaci\u00f3n del Gobierno (la primera batalla de Gamonal fue contra las tropas napole\u00f3nicas). Su origen: la prepotencia de <strong>Javier Lacalle (concejal de urbanismo en aquella \u00e9poca)<\/strong>, <strong>Juan Carlos Aparicio (alcalde)<\/strong> y la <strong>constructora Arranz Acinas<\/strong> en construir un aparcamiento en esa avenida. Los vecinos y vecinas denuncian que es una maniobra especulativa, que no es necesaria y que adem\u00e1s pone en peligro a los edificios cercanos, algunos agrietados de anteriores obras. Adem\u00e1s, un a\u00f1o antes <a href=\"http:\/\/diariodevurgos.com\/dvwps\/arranz-acinas-terrorismo-patronal-y-el-silencio-del-dinero.php\">hab\u00ed\u00adan fallecido en accidente laboral 10 obreros que trabajaban para Arranz Acinas por graves incumplimientos de seguridad<\/a> (un hecho que tambi\u00e9n gener\u00f3 gran esc\u00e1ndalo y numerosas protestas).\u00a0 Al igual que con el actual conflicto del bulevar, las asociaciones de vecinos organizaron muy diversas movilizaciones y formas de protesta pac\u00ed\u00adficas y legales, pero el Ayuntamiento se neg\u00f3 a escucharlos.<\/p>\n<p style=\"text-align: center;\"><img loading=\"lazy\" class=\"aligncenter size-full wp-image-11992\" title=\"haciendo historia 2005 web\" src=\"http:\/\/diariodevurgos.com\/dvwps\/wp-content\/uploads\/2014\/01\/haciendo-historia-2005-web.jpg\" alt=\"haciendo historia 2005 web\" width=\"713\" height=\"366\" srcset=\"https:\/\/diariodevurgos.com\/dvwps\/wp-content\/uploads\/2014\/01\/haciendo-historia-2005-web.jpg 1999w, https:\/\/diariodevurgos.com\/dvwps\/wp-content\/uploads\/2014\/01\/haciendo-historia-2005-web-300x153.jpg 300w, https:\/\/diariodevurgos.com\/dvwps\/wp-content\/uploads\/2014\/01\/haciendo-historia-2005-web-1023x525.jpg 1023w\" sizes=\"(max-width: 713px) 100vw, 713px\" \/><\/p>\n<p>En pleno verano, <a href=\"http:\/\/diariodevurgos.com\/dvwps\/para-quien-no-estuvo-al-corriente-de-los-acontecimientos.php\">el 18 de agosto de 2005 de madrugada,<\/a> con el alcalde y todos los tenientes de alcalde de vacaciones, la polic\u00ed\u00ada local escolta a los veh\u00ed\u00adculos de obras para instalar las vallas y maquinaria. La gente m\u00e1s mayor del barrio se entera y enseguida baja a protestar, pero la polic\u00ed\u00ada los apalea y arresta a alguno de ellos. A la tarde se convoca a una asamblea en el barrio, a la que acuden cientos de personas absolutamente indignadas tanto por la obra en s\u00ed\u00ad como por el maltrato a personas mayores por parte de la polic\u00ed\u00ada local. Pese a que la polic\u00ed\u00ada sigue presente custodiando las obras, las gentes del barrio, j\u00f3venes y mayores, los expulsan, derriban vallas, incendian la caseta de obras e inician disturbios que duran unas cinco horas. Como resultado, numerosos heridos, y <a title=\"Sentencia Proceso Eladio Perlado\" href=\"http:\/\/diariodevurgos.com\/dvwps\/sentencia-del-juicio-por-las-protestas-de-la-tarde-noche-del-18-de-agosto.php\">8 personas que son juzgadas y finalmente condenadas a fuertes multas y prisi\u00f3n eludible con fianza.<\/a> Eso s\u00ed\u00ad, las obras se acabaron ese mismo 18 de Agosto. Hoy en d\u00ed\u00ada, Eladio Perlado sigue siendo una avenida con cuatro carriles, aparcamiento gratuito en superficie y arbolado en el centro.<\/p>\n<p style=\"text-align: center;\"><img loading=\"lazy\" class=\"aligncenter size-full wp-image-11984\" title=\"6grande\" src=\"http:\/\/diariodevurgos.com\/dvwps\/wp-content\/uploads\/2014\/01\/6grande.jpg\" alt=\"6grande\" width=\"448\" height=\"334\" \/><\/p>\n<p style=\"text-align: center;\"><img loading=\"lazy\" class=\"aligncenter size-full wp-image-11985\" title=\"polis Eladio Perlado\" src=\"http:\/\/diariodevurgos.com\/dvwps\/wp-content\/uploads\/2014\/01\/polis-Eladio-Perlado.jpg\" alt=\"polis Eladio Perlado\" width=\"451\" height=\"407\" srcset=\"https:\/\/diariodevurgos.com\/dvwps\/wp-content\/uploads\/2014\/01\/polis-Eladio-Perlado.jpg 1018w, https:\/\/diariodevurgos.com\/dvwps\/wp-content\/uploads\/2014\/01\/polis-Eladio-Perlado-300x271.jpg 300w\" sizes=\"(max-width: 451px) 100vw, 451px\" \/><\/p>\n<p style=\"text-align: center;\"><img loading=\"lazy\" class=\"aligncenter size-full wp-image-11986\" title=\"que tia!!!\" src=\"http:\/\/diariodevurgos.com\/dvwps\/wp-content\/uploads\/2014\/01\/que-tia.jpg\" alt=\"que tia!!!\" width=\"526\" height=\"372\" srcset=\"https:\/\/diariodevurgos.com\/dvwps\/wp-content\/uploads\/2014\/01\/que-tia.jpg 877w, https:\/\/diariodevurgos.com\/dvwps\/wp-content\/uploads\/2014\/01\/que-tia-300x212.jpg 300w\" sizes=\"(max-width: 526px) 100vw, 526px\" \/><\/p>\n<p><em> <\/em><\/p>\n<p style=\"text-align: center;\"><em>Declaraciones de la Subdelegada del Gobierno de Burgos haciendo responsables a &#8220;grupos de radicales anarquiatas&#8221;, una estregia similar a la empleada por la <a title=\"Informe policial de la Brigada de Informaci\u00f3n de Burgos flitrado por El Pa\u00ed\u00ads\" href=\"http:\/\/politica.elpais.com\/politica\/2014\/01\/19\/actualidad\/1390163931_985861.html\">Comisar\u00ed\u00ada Provincial de Policia<\/a> en 2014<\/em><\/p>\n<p>Por otro lado, tras las movilizaciones del <strong>movimiento 15-M<\/strong>, en Burgos se crea la <a title=\"Asamblea de Gamonal\" href=\"http:\/\/gamonal.tomalosbarrios.net\/\">Asamblea de Gamonal<\/a>. Es el \u00fanico barrio de la ciudad donde la iniciativa de los barrios cuaja, adquiriendo una idiosincrasia diferente. Esta asamblea, compuesta por j\u00f3venes y gentes m\u00e1s mayores, consigue <a href=\"http:\/\/gamonal.tomalosbarrios.net\/2012\/03\/20\/paremos-los-desahucios-nueva-concentracion-frente-a-la-sede-de-ibercaja\/\">una de las primeras daciones en pago con alquiler social tras una intensa pelea contra un desahucio. <\/a>Tambi\u00e9n recupera para el barrio <a title=\"Espacio Recuperado de Gamonal &quot;La Chispa&quot;\" href=\"http:\/\/gamonal.tomalosbarrios.net\/2011\/12\/09\/204\/\">unos antiguos cines cerrados por Caja Burgos (hoy Caixabank)<\/a> y realiza campa\u00f1as contra la banca. En una parcela abandonada por los constructores, planta y gestiona una <a title=\"Huerto Comunitario\" href=\"http:\/\/gamonal.tomalosbarrios.net\/2013\/07\/01\/exito-de-participacion-en-la-jornada-festiva-del-huerto-comunitario\/\">huerta ecol\u00f3gica comunitaria<\/a> con numerosas actividades para las gentes de Gamonal y Capiscol. Y tambi\u00e9n desarrolla muchas actividades, debates y reflexiones acerca de las identidades de g\u00e9nero, el machismo, el derecho a decidir y la violencia estructural del estado contra las mujeres.<\/p>\n<p style=\"text-align: center;\"><img loading=\"lazy\" class=\"aligncenter size-full wp-image-11987\" title=\"IMGP0816web\" src=\"http:\/\/diariodevurgos.com\/dvwps\/wp-content\/uploads\/2014\/01\/IMGP0816web.jpg\" alt=\"IMGP0816web\" width=\"420\" height=\"314\" srcset=\"https:\/\/diariodevurgos.com\/dvwps\/wp-content\/uploads\/2014\/01\/IMGP0816web.jpg 1824w, https:\/\/diariodevurgos.com\/dvwps\/wp-content\/uploads\/2014\/01\/IMGP0816web-300x225.jpg 300w, https:\/\/diariodevurgos.com\/dvwps\/wp-content\/uploads\/2014\/01\/IMGP0816web-1024x768.jpg 1024w\" sizes=\"(max-width: 420px) 100vw, 420px\" \/><\/p>\n<p>Por otro lado, en las huelgas generales este barrio tambi\u00e9n realiza aportaciones importantes. En primer lugar, porque est\u00e1 rodeado por uno de los grandes pol\u00ed\u00adgonos industriales, y es uno de los puntos clave donde los piquetes informativos acuden a desarrollar su labor. En las dos \u00faltimas han sido lugares de confrontaci\u00f3n importantes, consigui\u00e9ndose cerrar el paso a los autobuses urbanos que no hab\u00ed\u00adan firmado servicios m\u00ed\u00adnimos pese a la oposici\u00f3n del Ayuntamiento, y tambi\u00e9n bloquear la entrada a algunas f\u00e1bricas pese a la presencia de la polic\u00ed\u00ada nacional.<\/p>\n<p style=\"text-align: center;\"><img loading=\"lazy\" class=\"aligncenter size-full wp-image-12023\" title=\"Piquete 14N en Firestone\" src=\"http:\/\/diariodevurgos.com\/dvwps\/wp-content\/uploads\/2014\/01\/Piquete-14N-en-Firestone.jpg\" alt=\"Piquete 14N en Firestone\" width=\"410\" height=\"308\" srcset=\"https:\/\/diariodevurgos.com\/dvwps\/wp-content\/uploads\/2014\/01\/Piquete-14N-en-Firestone.jpg 912w, https:\/\/diariodevurgos.com\/dvwps\/wp-content\/uploads\/2014\/01\/Piquete-14N-en-Firestone-300x225.jpg 300w\" sizes=\"(max-width: 410px) 100vw, 410px\" \/><\/p>\n<p style=\"text-align: center;\"><img loading=\"lazy\" class=\"aligncenter size-full wp-image-12022\" title=\"14n-8\" src=\"http:\/\/diariodevurgos.com\/dvwps\/wp-content\/uploads\/2014\/01\/14n-8.jpg\" alt=\"14n-8\" width=\"419\" height=\"298\" \/><\/p>\n<p style=\"text-align: center;\"><img loading=\"lazy\" class=\"aligncenter size-full wp-image-12025\" title=\"IMGP1020\" src=\"http:\/\/diariodevurgos.com\/dvwps\/wp-content\/uploads\/2014\/01\/IMGP10201.JPG\" alt=\"IMGP1020\" width=\"429\" height=\"322\" srcset=\"https:\/\/diariodevurgos.com\/dvwps\/wp-content\/uploads\/2014\/01\/IMGP10201.JPG 1824w, https:\/\/diariodevurgos.com\/dvwps\/wp-content\/uploads\/2014\/01\/IMGP10201-300x225.jpg 300w, https:\/\/diariodevurgos.com\/dvwps\/wp-content\/uploads\/2014\/01\/IMGP10201-1024x768.jpg 1024w\" sizes=\"(max-width: 429px) 100vw, 429px\" \/><\/p>\n<p>Como puede verse, a lo largo de seis d\u00e9cadas las gentes de este barrio se ha organizado de diversas maneras para enfrentar sus problemas y exponer sus planteamientos, reivindicaciones y actuaciones m\u00e1s all\u00e1 de lo que estipula la supuesta &#8220;participaci\u00f3n democr\u00e1tica&#8221; que venden las instituciones. La juventud y el resto del vecindario no han estado desconectados, y siempre han existido puentes y personas que serv\u00ed\u00adan como referente para enterarse de lo que se coc\u00ed\u00ada en el barrio y coordinar las actuaciones cuando se consideraba necesario, con mayor o menor \u00e9xito.<\/p>\n<p>Con la memoria hist\u00f3rica del barrio, el tejido social existente, el hartazgo absoluto sobre la corrupci\u00f3n en Burgos en los \u00faltimos a\u00f1os (incluidas dos dimisiones de concejales) y el sufrimiento provocado por las pol\u00ed\u00adticas de los dos \u00faltimos gobiernos estatales, todo estaba dispuesto para que estallara una lucha como la que hemos podido ver hasta ahora. Todo el barrio lo sab\u00ed\u00ada. Medio Burgos tambi\u00e9n. Todos menos el se\u00f1or alcalde.<br \/>\n<em><strong><br \/>\nUn vecino de Gamonal<\/strong><\/em><\/p>\n","protected":false},"excerpt":{"rendered":"<p>Tras d\u00ed\u00adas de disturbios, noticias en primera plana en la televisi\u00f3n estatal y repercusi\u00f3n medi\u00e1tica en todos los continentes, podemos decir que Gamonal ha adquirido hoy la categor\u00ed\u00ada de s\u00ed\u00admbolo de resistencia ante las arbitrariedades del poder. Pero, \u00bfpor qu\u00e9 un barrio de una ciudad conservadora como Burgos ha salido a defender su territorio con&#8230;  <a href=\"https:\/\/diariodevurgos.com\/dvwps\/gamonal-siempre-barrio-vivo-siempre-barrio-combativo-la-historia-de-gamonal-a-traves-de-sus-conflictos-y-luchas-sociales.php\" class=\"more-link\" title=\"Read Gamonal. Siempre barrio vivo, siempre barrio combativo. La Historia de Gamonal a trav\u00e9s de sus conflictos y luchas sociales\">Read more &raquo;<\/a><\/p>\n","protected":false},"author":2,"featured_media":0,"comment_status":"open","ping_status":"closed","sticky":false,"template":"","format":"standard","meta":[],"categories":[75,74,2,27,6,49],"tags":[],"_links":{"self":[{"href":"https:\/\/diariodevurgos.com\/dvwps\/wp-json\/wp\/v2\/posts\/11975"}],"collection":[{"href":"https:\/\/diariodevurgos.com\/dvwps\/wp-json\/wp\/v2\/posts"}],"about":[{"href":"https:\/\/diariodevurgos.com\/dvwps\/wp-json\/wp\/v2\/types\/post"}],"author":[{"embeddable":true,"href":"https:\/\/diariodevurgos.com\/dvwps\/wp-json\/wp\/v2\/users\/2"}],"replies":[{"embeddable":true,"href":"https:\/\/diariodevurgos.com\/dvwps\/wp-json\/wp\/v2\/comments?post=11975"}],"version-history":[{"count":11,"href":"https:\/\/diariodevurgos.com\/dvwps\/wp-json\/wp\/v2\/posts\/11975\/revisions"}],"predecessor-version":[{"id":11991,"href":"https:\/\/diariodevurgos.com\/dvwps\/wp-json\/wp\/v2\/posts\/11975\/revisions\/11991"}],"wp:attachment":[{"href":"https:\/\/diariodevurgos.com\/dvwps\/wp-json\/wp\/v2\/media?parent=11975"}],"wp:term":[{"taxonomy":"category","embeddable":true,"href":"https:\/\/diariodevurgos.com\/dvwps\/wp-json\/wp\/v2\/categories?post=11975"},{"taxonomy":"post_tag","embeddable":true,"href":"https:\/\/diariodevurgos.com\/dvwps\/wp-json\/wp\/v2\/tags?post=11975"}],"curies":[{"name":"wp","href":"https:\/\/api.w.org\/{rel}","templated":true}]}}