{"id":1198,"date":"2008-02-07T17:18:55","date_gmt":"2008-02-07T16:18:55","guid":{"rendered":"http:\/\/diariodevurgos.com\/dvwps\/en-tu-fiesta-me-cole.php"},"modified":"2008-02-07T19:20:41","modified_gmt":"2008-02-07T18:20:41","slug":"en-tu-fiesta-me-cole","status":"publish","type":"post","link":"https:\/\/diariodevurgos.com\/dvwps\/en-tu-fiesta-me-cole.php","title":{"rendered":"En tu fiesta me col\u00e9&#8230;"},"content":{"rendered":"<p class=\"lead\">El pasado mi\u00e9rcoles 6 de febrero de 2008 un acontecimiento especial tuvo lugar en el Teatro Principal. El magnate empresarial y de los medios de comunicaci\u00f3n, Se\u00f1or Antonio Miguel M\u00e9ndez Pozo, reserv\u00f3, el Teatro para una celebraci\u00f3n privada donde se dio cita toda la alta alcurnia burgalesa. Una \u00f3pera como las de anta\u00f1o que reunio a autoridades pol\u00ed\u00adticas, eclesi\u00e1sticas y gubernamentales <a title=\"Ave M\u00e9ndez Pozo:El pueblo que despierta te saluda\" href=\"http:\/\/diariodevurgos.com\/dvwps\/ave-mendez-el-pueblo-que-despierta-os-saluda.php\">Por segundo a\u00f1o consecutivo<\/a> un grupo de j\u00f3venes libertarios les dio la bienvenida en la puerta.<\/p>\n<p align=\"center\"><img alt=\"cuatroMendez\" id=\"image1202\" src=\"http:\/\/diariodevurgos.com\/dvwps\/wp-content\/uploads\/2008\/02\/dscf1838.JPG\" \/><\/p>\n<p><!--more-->Nada de ello cuentan los Medios de Comunicaci\u00f3n hoy en Burgos, una ciudad donde reina un oscuro personaje que silencia y acalla todo lo que pueda significar una critica a su imagen. M\u00e9ndez sabe que para que nose vuelvan a repetir <a title=\"Calabozo\" href=\"http:\/\/www.elpais.com\/articulo\/espana\/MeNDEZ_POZO\/_MIGUEL_\/EMPRESARIO\/ESPAnA\/BURGOS\/PARTIDO_POPULAR_\/PP\/TRIBUNAL_SUPREMO\/TRIBUNAL_CONSTITUCIONAL\/PODER_EJECUTIVO\/_GOBIERNO_PSOE_\/1993-1996\/elpepiesp\/19940924elpepinac_1\/Tes\/\">episodios del pasado<\/a>, necesita mediatizar a la sociedad burgalesa y tner se su lado a la clase pol\u00ed\u00adtica. Por eso, en la fiesta que anulamente homenajea sus familiares se cuida de invitar a la c\u00fapula empresarial, j\u00faridica, eclesiastica y policial. El Status Quo local se encuentra bajo su redil, para el que no comulgue con su ruedas de molino estan sus a<a title=\"Amenazas de M\u00e9ndez.\" href=\"http:\/\/lacalle3.blogspot.com\/2008\/02\/amenazas-en-burgos.html\">menazas<\/a>, y tambien sus matones.<\/p>\n<p align=\"center\"><img alt=\"unoMendez\" id=\"image1199\" src=\"http:\/\/diariodevurgos.com\/dvwps\/wp-content\/uploads\/2008\/02\/dscf1832.JPG\" \/><\/p>\n<p>Un acontecimeinto al  que no hab\u00ed\u00adan sido invitados  un grupo de j\u00f3venes en el que, sin embargo, pusieron la nota de color. Varias pancartas reivindicativas recibieron al p\u00fablico invitado al cual le recordaron su relaci\u00f3n de vasallaje con el constructor. Pudieron escucharse consignas contra la especulaci\u00f3n urban\u00ed\u00adstica, la manipulaci\u00f3n de los medios de comunicaci\u00f3n y contra la clase pol\u00ed\u00adtica. Tras finalizar su protesta el grupo se disovi\u00f3 d\u00e1ndose cita para posteriores celebraciones.<\/p>\n<p align=\"center\"><img alt=\"tresMendez\" id=\"image1201\" src=\"http:\/\/diariodevurgos.com\/dvwps\/wp-content\/uploads\/2008\/02\/dscf1837.JPG\" \/><\/p>\n<p align=\"center\"><img alt=\"dosMendez\" id=\"image1200\" src=\"http:\/\/diariodevurgos.com\/dvwps\/wp-content\/uploads\/2008\/02\/dscf1836.JPG\" \/><\/p>\n","protected":false},"excerpt":{"rendered":"<p>El pasado mi\u00e9rcoles 6 de febrero de 2008 un acontecimiento especial tuvo lugar en el Teatro Principal. El magnate empresarial y de los medios de comunicaci\u00f3n, Se\u00f1or Antonio Miguel M\u00e9ndez Pozo, reserv\u00f3, el Teatro para una celebraci\u00f3n privada donde se dio cita toda la alta alcurnia burgalesa. Una \u00f3pera como las de anta\u00f1o que reunio&#8230;  <a href=\"https:\/\/diariodevurgos.com\/dvwps\/en-tu-fiesta-me-cole.php\" class=\"more-link\" title=\"Read En tu fiesta me col\u00e9&#8230;\">Read more &raquo;<\/a><\/p>\n","protected":false},"author":9,"featured_media":0,"comment_status":"open","ping_status":"closed","sticky":false,"template":"","format":"standard","meta":[],"categories":[2,14],"tags":[],"_links":{"self":[{"href":"https:\/\/diariodevurgos.com\/dvwps\/wp-json\/wp\/v2\/posts\/1198"}],"collection":[{"href":"https:\/\/diariodevurgos.com\/dvwps\/wp-json\/wp\/v2\/posts"}],"about":[{"href":"https:\/\/diariodevurgos.com\/dvwps\/wp-json\/wp\/v2\/types\/post"}],"author":[{"embeddable":true,"href":"https:\/\/diariodevurgos.com\/dvwps\/wp-json\/wp\/v2\/users\/9"}],"replies":[{"embeddable":true,"href":"https:\/\/diariodevurgos.com\/dvwps\/wp-json\/wp\/v2\/comments?post=1198"}],"version-history":[{"count":0,"href":"https:\/\/diariodevurgos.com\/dvwps\/wp-json\/wp\/v2\/posts\/1198\/revisions"}],"wp:attachment":[{"href":"https:\/\/diariodevurgos.com\/dvwps\/wp-json\/wp\/v2\/media?parent=1198"}],"wp:term":[{"taxonomy":"category","embeddable":true,"href":"https:\/\/diariodevurgos.com\/dvwps\/wp-json\/wp\/v2\/categories?post=1198"},{"taxonomy":"post_tag","embeddable":true,"href":"https:\/\/diariodevurgos.com\/dvwps\/wp-json\/wp\/v2\/tags?post=1198"}],"curies":[{"name":"wp","href":"https:\/\/api.w.org\/{rel}","templated":true}]}}