{"id":1204,"date":"2008-02-08T13:21:51","date_gmt":"2008-02-08T12:21:51","guid":{"rendered":"http:\/\/diariodevurgos.com\/dvwps\/el-pp-de-burgos-llora-desconsoladamente.php"},"modified":"2008-02-08T14:09:12","modified_gmt":"2008-02-08T13:09:12","slug":"el-pp-de-burgos-llora-desconsoladamente","status":"publish","type":"post","link":"https:\/\/diariodevurgos.com\/dvwps\/el-pp-de-burgos-llora-desconsoladamente.php","title":{"rendered":"El PP de Burgos llora desconsoladamente"},"content":{"rendered":"<p class=\"lead\">Estos d\u00ed\u00adas el PP <a title=\"llorando\" href=\"http:\/\/www.radioarlanzon.com\/modules.php?name=News&#038;file=article&#038;sid=18729\">anda llorando<\/a>, porque no para de caerle pintura, pintura en su sede, pintura en sus carteles&#8230; Tal vez sea por esa sucia estratagema de estar <a title=\"contraElCanon\" href=\"http:\/\/www.radioarlanzon.com\/modules.php?name=News&#038;file=article&#038;sid=18717\">contra el canon<\/a> digital mientras en sus listas andan personas que lo apoyan(candidata al Ministerio de Cultura), tal vez sea por compincharse con se\u00f1ores del ladrillo y especular para que ahora nos vengan con <a title=\"hipotecas\" href=\"http:\/\/www.radioarlanzon.com\/modules.php?name=News&#038;file=article&#038;sid=18716\">hipotecas baratas<\/a>. O simplemente sea por dem\u00f3cratas-fascistas, mentirosos, xen\u00f3fobos, hom\u00f3fobos&#8230;<\/p>\n<p align=\"center\"><img id=\"image1203\" alt=\"pinturaEnelJetoDeRajoy\" src=\"http:\/\/diariodevurgos.com\/dvwps\/wp-content\/uploads\/2008\/02\/llll.JPG\" \/><\/p>\n<p>La foto es cortes\u00ed\u00ada del blog de <a href=\"http:\/\/komemierda.blogspot.com\/2007\/12\/0.html\" target=\"_blank\">komemierda<\/a> y solo tengo una cosa m\u00e1s que a\u00f1adir: Pol\u00ed\u00adtico, estafador e hip\u00f3crita son sin\u00f3nimos.<\/p>\n","protected":false},"excerpt":{"rendered":"<p>Estos d\u00ed\u00adas el PP anda llorando, porque no para de caerle pintura, pintura en su sede, pintura en sus carteles&#8230; Tal vez sea por esa sucia estratagema de estar contra el canon digital mientras en sus listas andan personas que lo apoyan(candidata al Ministerio de Cultura), tal vez sea por compincharse con se\u00f1ores del ladrillo&#8230;  <a href=\"https:\/\/diariodevurgos.com\/dvwps\/el-pp-de-burgos-llora-desconsoladamente.php\" class=\"more-link\" title=\"Read El PP de Burgos llora desconsoladamente\">Read more &raquo;<\/a><\/p>\n","protected":false},"author":1,"featured_media":0,"comment_status":"open","ping_status":"closed","sticky":false,"template":"","format":"standard","meta":[],"categories":[2],"tags":[],"_links":{"self":[{"href":"https:\/\/diariodevurgos.com\/dvwps\/wp-json\/wp\/v2\/posts\/1204"}],"collection":[{"href":"https:\/\/diariodevurgos.com\/dvwps\/wp-json\/wp\/v2\/posts"}],"about":[{"href":"https:\/\/diariodevurgos.com\/dvwps\/wp-json\/wp\/v2\/types\/post"}],"author":[{"embeddable":true,"href":"https:\/\/diariodevurgos.com\/dvwps\/wp-json\/wp\/v2\/users\/1"}],"replies":[{"embeddable":true,"href":"https:\/\/diariodevurgos.com\/dvwps\/wp-json\/wp\/v2\/comments?post=1204"}],"version-history":[{"count":0,"href":"https:\/\/diariodevurgos.com\/dvwps\/wp-json\/wp\/v2\/posts\/1204\/revisions"}],"wp:attachment":[{"href":"https:\/\/diariodevurgos.com\/dvwps\/wp-json\/wp\/v2\/media?parent=1204"}],"wp:term":[{"taxonomy":"category","embeddable":true,"href":"https:\/\/diariodevurgos.com\/dvwps\/wp-json\/wp\/v2\/categories?post=1204"},{"taxonomy":"post_tag","embeddable":true,"href":"https:\/\/diariodevurgos.com\/dvwps\/wp-json\/wp\/v2\/tags?post=1204"}],"curies":[{"name":"wp","href":"https:\/\/api.w.org\/{rel}","templated":true}]}}