{"id":1215,"date":"2008-02-14T14:59:39","date_gmt":"2008-02-14T13:59:39","guid":{"rendered":"http:\/\/diariodevurgos.com\/dvwps\/inagurado-el-cso-la-herramienta-en-salamanca.php"},"modified":"2008-02-14T15:39:10","modified_gmt":"2008-02-14T14:39:10","slug":"inagurado-el-cso-la-herramienta-en-salamanca","status":"publish","type":"post","link":"https:\/\/diariodevurgos.com\/dvwps\/inagurado-el-cso-la-herramienta-en-salamanca.php","title":{"rendered":"Inaugurado el C.S.O La Herramienta en Salamanca"},"content":{"rendered":"<p class=\"lead\"><img align=\"right\" alt=\"1p\" title=\"1p\" id=\"image284\" src=\"http:\/\/diariodevurgos.com\/dvwps\/wp-content\/uploads\/2007\/03\/dsc04104peque.miniatura.jpg\" \/>Un nuevo Centro Social OKupado ha sido abierto en Salamanca. El especio ha echado andar con unas <a title=\"Jornadas Inaugiraci\u00f3n\" href=\"http:\/\/www.klinamen.org\/article3881.html\">jornadas de inauguraci\u00f3n<\/a> que ponen  el punto de partida a  sus actividades. Desde <strong>DV<\/strong> esperamos que proyectos  como el de <em>La Heramienta<\/em> vean la luz y se multipliquen por nuestro territorio para hacer de la okupaci\u00f3n una herramienta de contestaci\u00f3n social. Acontinuaci\u00f3n publicamos un escrito de presentaci\u00f3n del proyecto.<!--more--><\/p>\n<p>\u00bfVivimos en el mejor de los mundos posibles? \u00a1Ja! No nos lo tragamos, y hemos decidido combatirlo y construir uno mejor. El mundo en el que nos ha tocado vivir est\u00e1 basado en la dominaci\u00f3n, y su l\u00f3gica prima el beneficio de un=s poc=s a costa de las necesidades de tod=s.<\/p>\n<p>Un d\u00ed\u00ada nos juntamos y charlando nos dimos cuenta que no eramos due\u00f1=s de nuestra vida. Comprendimos que, en realidad, nuestra supuesta libertad era un espejismo concienzudamente elaborado. Llev\u00e1bamos demasiado tiempo obedeciendo: a mam\u00e1 y a pap\u00e1, al se\u00f1or cura, al profe, al jefe, al se\u00f1or agente, al se\u00f1or juez, al pol\u00ed\u00adtico de turno, al enga\u00f1o publicitario&#8230; Incluso descubrimos que reproduc\u00ed\u00adamos normas y valores de otr=s. Normas y valores que atend\u00ed\u00adan a sus intereses en vez de a los nuestros y los de la colectividad. Tras estas reflexiones decidimos pasar a la acci\u00f3n. Necesit\u00e1bamos un espacio donde hacer realidad nuestros sue\u00f1os, lo okupamos. As\u00ed\u00ad naci\u00f3 el Centro Social Okupado La Herramienta. Y lo llamamos as\u00ed\u00ad porque entendemos que la okupaci\u00f3n es un medio para luchar contra todas las formas de opresi\u00f3n. Nos organizamos y relacionamos de la mejor manera que conocemos, la que se basa en:<\/p>\n<p>Horizontalidad: es en la asamblea donde las ideas de todas las personas se pueden expresar libremente, huyendo de las imposiciones y los l\u00ed\u00adderes, para intentar entre tod=s, desde el respeto, llegar al consenso.<\/p>\n<p>Autogesti\u00f3n: porque somos capaces de hacerlo por nosotr=s mism=s y as\u00ed\u00ad mantenemos la independencia de nuestras ideas y acciones.<\/p>\n<p>Apoyo mutuo: porque estamos aqu\u00ed\u00ad gracias a la cooperaci\u00f3n y junt=s podemos m\u00e1s y mejor.<\/p>\n<p>Hart=s de la pasividad, estamos convencid=s de que s\u00f3lo mediante la acci\u00f3n directa es posible un cambio radical -que va a la ra\u00ed\u00adz del problema-, en contraposici\u00f3n a la acci\u00f3n mediada en la que delegamos en otr=s nuestras responsabilidades. La acci\u00f3n mediada persigue peque\u00f1as reformas que cambian algo para que todo siga igual.<br \/>\nY con esto, \u00bfqu\u00e9 pretendemos?:<br \/>\n<strong>1.<\/strong>Construir un espacio con unos valores distintos a los dominantes, en el que podamos crecer en libertad aprendiendo tod=s de tod=s.<\/p>\n<p><strong>2.<\/strong>Crear un punto de encuentro donde combatir el aislamiento al que nos arrastra la corriente de este sistema.<\/p>\n<p><strong>3.<\/strong>Ser soporte de luchas sociales. Porque sabemos que hay otr=s, como nosotr=s, que quieren desenmascarar y combatir esta mentira que invisibiliza la desigualdad, la exclusi\u00f3n, el miedo, la explotaci\u00f3n, el hambre, el patriarcado, la destrucci\u00f3n del planeta, la competitividad&#8230; y queremos estar a su lado.<\/p>\n<p>Nosotr=s hemos dado el primer paso. Desde aqu\u00ed\u00ad te invitamos a conocer y recorrer junt=s este camino, en el que tanto importa el destino como el recorrerlo. De tod=s nosotr=s depende. Hazlo t\u00fa mismo.<\/p>\n<p><strong>C.S.O. La Herramienta<\/strong><br \/>\nC\/ Palominos (junto a Anaya)<br \/>\nSalamanca<br \/>\n<a href=\"mailto:csolaherramienta@gmail.com\">csolaherramienta@gmail.com<\/a><\/p>\n","protected":false},"excerpt":{"rendered":"<p>Un nuevo Centro Social OKupado ha sido abierto en Salamanca. El especio ha echado andar con unas jornadas de inauguraci\u00f3n que ponen el punto de partida a sus actividades. Desde DV esperamos que proyectos como el de La Heramienta vean la luz y se multipliquen por nuestro territorio para hacer de la okupaci\u00f3n una herramienta&#8230;  <a href=\"https:\/\/diariodevurgos.com\/dvwps\/inagurado-el-cso-la-herramienta-en-salamanca.php\" class=\"more-link\" title=\"Read Inaugurado el C.S.O La Herramienta en Salamanca\">Read more &raquo;<\/a><\/p>\n","protected":false},"author":9,"featured_media":0,"comment_status":"open","ping_status":"closed","sticky":false,"template":"","format":"standard","meta":[],"categories":[14,18],"tags":[],"_links":{"self":[{"href":"https:\/\/diariodevurgos.com\/dvwps\/wp-json\/wp\/v2\/posts\/1215"}],"collection":[{"href":"https:\/\/diariodevurgos.com\/dvwps\/wp-json\/wp\/v2\/posts"}],"about":[{"href":"https:\/\/diariodevurgos.com\/dvwps\/wp-json\/wp\/v2\/types\/post"}],"author":[{"embeddable":true,"href":"https:\/\/diariodevurgos.com\/dvwps\/wp-json\/wp\/v2\/users\/9"}],"replies":[{"embeddable":true,"href":"https:\/\/diariodevurgos.com\/dvwps\/wp-json\/wp\/v2\/comments?post=1215"}],"version-history":[{"count":0,"href":"https:\/\/diariodevurgos.com\/dvwps\/wp-json\/wp\/v2\/posts\/1215\/revisions"}],"wp:attachment":[{"href":"https:\/\/diariodevurgos.com\/dvwps\/wp-json\/wp\/v2\/media?parent=1215"}],"wp:term":[{"taxonomy":"category","embeddable":true,"href":"https:\/\/diariodevurgos.com\/dvwps\/wp-json\/wp\/v2\/categories?post=1215"},{"taxonomy":"post_tag","embeddable":true,"href":"https:\/\/diariodevurgos.com\/dvwps\/wp-json\/wp\/v2\/tags?post=1215"}],"curies":[{"name":"wp","href":"https:\/\/api.w.org\/{rel}","templated":true}]}}