{"id":12234,"date":"2014-02-13T12:43:07","date_gmt":"2014-02-13T11:43:07","guid":{"rendered":"http:\/\/diariodevurgos.com\/dvwps\/?p=12234"},"modified":"2014-03-04T22:50:18","modified_gmt":"2014-03-04T21:50:18","slug":"gamonal-se-enamora-de-la-dignidad-movilizaciones-para-el-viernes-14-de-febrero","status":"publish","type":"post","link":"https:\/\/diariodevurgos.com\/dvwps\/gamonal-se-enamora-de-la-dignidad-movilizaciones-para-el-viernes-14-de-febrero.php","title":{"rendered":"Gamonal se enamora de la dignidad: movilizaciones para el viernes 14 de febrero"},"content":{"rendered":"<p class=\"lead\">A pesar de la<a title=\"Gamonal da lecciones al mundo abertzale\" href=\"https:\/\/twitter.com\/otroBurgos\/status\/433521799653912576\/photo\/1\"> intoxicaci\u00f3n informativa <\/a>de determinados medios de comunicaci\u00f3n, la movilizaci\u00f3n social contin\u00faa desarroll\u00e1ndose en Gamonal a trav\u00e9s de estructuras asamblearias que buscan ofrecer una participaci\u00f3n directa de los propios vecinos.\u00a0 La <a title=\"Asamblea de Gamonal\" href=\"http:\/\/gamonalniunpasoatras.wordpress.com\/2014\/02\/13\/un-14-de-febrero-para-las-enamoradas-de-la-dignidad\/\">Asamblea de Gamonal<\/a> ha programado para<strong> el viernes 14 de febrero<\/strong> una intensa jornada con varias iniciativas reivindicativas, entre las que destacan sendas manifestaciones, que figuran en el cartel que publicamos a continuaci\u00f3n:<\/p>\n<p style=\"text-align: center;\"><img loading=\"lazy\" class=\"aligncenter size-full wp-image-12233\" title=\"Gamonal 14 de febrero\" src=\"http:\/\/diariodevurgos.com\/dvwps\/wp-content\/uploads\/2014\/02\/Gamonal-14-de-febrero.jpg\" alt=\"Gamonal 14 de febrero\" width=\"546\" height=\"364\" srcset=\"https:\/\/diariodevurgos.com\/dvwps\/wp-content\/uploads\/2014\/02\/Gamonal-14-de-febrero.jpg 800w, https:\/\/diariodevurgos.com\/dvwps\/wp-content\/uploads\/2014\/02\/Gamonal-14-de-febrero-300x200.jpg 300w\" sizes=\"(max-width: 546px) 100vw, 546px\" \/><\/p>\n","protected":false},"excerpt":{"rendered":"<p>A pesar de la intoxicaci\u00f3n informativa de determinados medios de comunicaci\u00f3n, la movilizaci\u00f3n social contin\u00faa desarroll\u00e1ndose en Gamonal a trav\u00e9s de estructuras asamblearias que buscan ofrecer una participaci\u00f3n directa de los propios vecinos.\u00a0 La Asamblea de Gamonal ha programado para el viernes 14 de febrero una intensa jornada con varias iniciativas reivindicativas, entre las que&#8230;  <a href=\"https:\/\/diariodevurgos.com\/dvwps\/gamonal-se-enamora-de-la-dignidad-movilizaciones-para-el-viernes-14-de-febrero.php\" class=\"more-link\" title=\"Read Gamonal se enamora de la dignidad: movilizaciones para el viernes 14 de febrero\">Read more &raquo;<\/a><\/p>\n","protected":false},"author":2,"featured_media":0,"comment_status":"open","ping_status":"closed","sticky":false,"template":"","format":"standard","meta":[],"categories":[75,74,2,57,27,49],"tags":[],"_links":{"self":[{"href":"https:\/\/diariodevurgos.com\/dvwps\/wp-json\/wp\/v2\/posts\/12234"}],"collection":[{"href":"https:\/\/diariodevurgos.com\/dvwps\/wp-json\/wp\/v2\/posts"}],"about":[{"href":"https:\/\/diariodevurgos.com\/dvwps\/wp-json\/wp\/v2\/types\/post"}],"author":[{"embeddable":true,"href":"https:\/\/diariodevurgos.com\/dvwps\/wp-json\/wp\/v2\/users\/2"}],"replies":[{"embeddable":true,"href":"https:\/\/diariodevurgos.com\/dvwps\/wp-json\/wp\/v2\/comments?post=12234"}],"version-history":[{"count":2,"href":"https:\/\/diariodevurgos.com\/dvwps\/wp-json\/wp\/v2\/posts\/12234\/revisions"}],"predecessor-version":[{"id":12392,"href":"https:\/\/diariodevurgos.com\/dvwps\/wp-json\/wp\/v2\/posts\/12234\/revisions\/12392"}],"wp:attachment":[{"href":"https:\/\/diariodevurgos.com\/dvwps\/wp-json\/wp\/v2\/media?parent=12234"}],"wp:term":[{"taxonomy":"category","embeddable":true,"href":"https:\/\/diariodevurgos.com\/dvwps\/wp-json\/wp\/v2\/categories?post=12234"},{"taxonomy":"post_tag","embeddable":true,"href":"https:\/\/diariodevurgos.com\/dvwps\/wp-json\/wp\/v2\/tags?post=12234"}],"curies":[{"name":"wp","href":"https:\/\/api.w.org\/{rel}","templated":true}]}}