{"id":12422,"date":"2014-03-06T22:25:29","date_gmt":"2014-03-06T21:25:29","guid":{"rendered":"http:\/\/diariodevurgos.com\/dvwps\/?p=12422"},"modified":"2014-03-07T00:06:21","modified_gmt":"2014-03-06T23:06:21","slug":"dame-pan-y-llamame-abertzandal","status":"publish","type":"post","link":"https:\/\/diariodevurgos.com\/dvwps\/dame-pan-y-llamame-abertzandal.php","title":{"rendered":"Dame pan y ll\u00e1mame abertzandal"},"content":{"rendered":"<p class=\"lead\">Desear\u00ed\u00adamos pasar p\u00e1gina y no volver a repetirnos una vez m\u00e1s, pero la h\u00e1bil manipulaci\u00f3n medi\u00e1tica que en estos d\u00ed\u00adas se est\u00e1 tejiendo sobre el movimiento vecinal de Gamonal nos obliga por en\u00e9sima vez a regresar sobre el ya manido asunto de los <em>abertzandals <\/em> Es triste reconocerlo, pero el su uso y abuso medi\u00e1tico de este t\u00f3pico est\u00e1 siendo utilizado para arremeter contra unos vecinos que primero fueron tachados de terroristas, y ahora <a href=\"http:\/\/www.diariodeburgos.es\/NoticiasFicha.aspx?Id=ZCE2E0598-955F-C75E-4F22187649F2AA71&amp;ini=10\">est\u00e1n siendo criminilazados <\/a>por hacer s\u00e1tira de ello.<\/p>\n<p style=\"text-align: center;\"><img loading=\"lazy\" class=\"size-medium wp-image-12423  aligncenter\" title=\"chandaleros\" src=\"http:\/\/diariodevurgos.com\/dvwps\/wp-content\/uploads\/2014\/03\/chandaleros-212x300.jpg\" alt=\"chandaleros\" width=\"231\" height=\"326\" srcset=\"https:\/\/diariodevurgos.com\/dvwps\/wp-content\/uploads\/2014\/03\/chandaleros-212x300.jpg 212w, https:\/\/diariodevurgos.com\/dvwps\/wp-content\/uploads\/2014\/03\/chandaleros.jpg 440w\" sizes=\"(max-width: 231px) 100vw, 231px\" \/><br \/>\n<!--more--><\/p>\n<p>Lo hemos repetido en infinidad de ocasiones y, a riesgo de abusar de la paciencia de nuestros lectores, volveremos a hacerlo cuantas veces sea necesario. Existe un t\u00f3pico bastante extendido entre ciertos rotativos locales y for\u00e1neos que no deja de identificar las protestas de los vecinos de Gamonal con el mundo abertzale. Una din\u00e1mica que no recae en exclusiva sobre el movimiento vecinal de Gamonal y que, siguiendo criterios marcados desde el Ministerio de Interior, se hace extensiva a la totalidad de movimientos sociales que plantean sus cr\u00ed\u00adticas sobre los aspectos m\u00e1s variados de la realidad que nos rodea.<\/p>\n<p>Desde la PAH, pasando por el 15M, hasta los m\u00e1s variopintos movimientos sociales contestatarios, han sido tachados desde las tribunas oficiales de ser una extensi\u00f3n m\u00e1s de ETA, o cuanto menos, de ser filoetarras. Una estrategia que no es nueva y que busca a toda costa identificar con ETA todo atisbo de protesta galvanizando de esta manera a la poblaci\u00f3n en su contra.<\/p>\n<p>Su utilizaci\u00f3n sobre las protestas de Gamonal no es nueva, como ya hemos se\u00f1alado en anteriores ocasiones, y se remonta nada menos que al conflicto del parking de Eladio Perlado, hace casi ya una d\u00e9cada.<\/p>\n<p>D\u00ed\u00adas despu\u00e9s de las cargas policiales y enfrentamientos que se sucedieron en aquella jornada del 18 de agosto de 2005, las p\u00e1ginas de Diario de Burgos se vieron repletas de constantes alusiones a la presencia de radicales provenientes del Pa\u00ed\u00ads Vasco que habr\u00ed\u00adan participado en las protestas vecinales. Una serie de afirmaciones que pueden verse recogidas en el art\u00ed\u00adculo que los compa\u00f1eros de <a href=\"http:\/\/burgos-dijital.blogspot.com\/2014\/02\/papa-mama-es-de-la-kale-borroka.html\">Burgos-Dijital<\/a> dedican al tema:<\/p>\n<p style=\"text-align: center;\"><img loading=\"lazy\" class=\"aligncenter size-medium wp-image-12424\" title=\"db3\" src=\"http:\/\/diariodevurgos.com\/dvwps\/wp-content\/uploads\/2014\/03\/db3-300x300.jpg\" alt=\"db3\" width=\"300\" height=\"300\" srcset=\"https:\/\/diariodevurgos.com\/dvwps\/wp-content\/uploads\/2014\/03\/db3-300x300.jpg 300w, https:\/\/diariodevurgos.com\/dvwps\/wp-content\/uploads\/2014\/03\/db3-150x150.jpg 150w, https:\/\/diariodevurgos.com\/dvwps\/wp-content\/uploads\/2014\/03\/db3.jpg 781w\" sizes=\"(max-width: 300px) 100vw, 300px\" \/><\/p>\n<p style=\"text-align: center;\"><img loading=\"lazy\" class=\"aligncenter size-medium wp-image-12425\" title=\"db5\" src=\"http:\/\/diariodevurgos.com\/dvwps\/wp-content\/uploads\/2014\/03\/db5-300x257.jpg\" alt=\"db5\" width=\"300\" height=\"257\" srcset=\"https:\/\/diariodevurgos.com\/dvwps\/wp-content\/uploads\/2014\/03\/db5-300x257.jpg 300w, https:\/\/diariodevurgos.com\/dvwps\/wp-content\/uploads\/2014\/03\/db5.jpg 601w\" sizes=\"(max-width: 300px) 100vw, 300px\" \/><\/p>\n<p>Como ya es sabido, ante tales afirmaciones la hilaridad y la s\u00e1tira se hizo presente entre los vecinos del barrio generando un t\u00e9rmino como el de<a href=\"http:\/\/diariodevurgos.com\/dvwps\/los-abertxandals-ya-estan-aqui.php\"> abertzandal<\/a>. Hibrido en el que se dan cita la supuesta vestimenta habitual en Gamonal, el ch\u00e1ndal, y las constantes referencias al mundo abertzale.<\/p>\n<p>El conflicto del bulevar de enero de 2014 hizo que el habitual t\u00f3pico volviera a repetirse ya que desde el propio Ministerio de Interior se lleg\u00f3 a formular la hip\u00f3tesis de la presencia de &#8220;violentos itinerantes&#8221;\u009d que habr\u00ed\u00adan actuado en las protestas contra el bulevar de Gamonal. Una teor\u00ed\u00ada desmentida por los propios jueces al revelar la filiaci\u00f3n de la totalidad de detenidos que tienen su residencia afincada en Burgos.<\/p>\n<p>Sin embargo, el <a href=\"http:\/\/gamonalniunpasoatras.wordpress.com\/nosotrxs-2\/charlas\/\">ciclo de charla explicativas emprendido por la Asamblea de Gamonal <\/a>por los m\u00e1s variados rincones de nuestra geograf\u00ed\u00ada, fue aprovechado por <a href=\"http:\/\/www.elmundo.es\/espana\/2014\/02\/12\/52fa93f8268e3e1e438b4580.html\">determinados medios<\/a> para aportar la prueba definitiva de la conexi\u00f3n de Gamonal con el mundo abertzale, que incluso ve\u00ed\u00ada como los vecinos de Gamonal se atrev\u00ed\u00adan a darle lecciones.<\/p>\n<p style=\"text-align: center;\"><img loading=\"lazy\" class=\"aligncenter size-medium wp-image-12426\" title=\"Gamonal da lecciones al mundo abertzale\" src=\"http:\/\/diariodevurgos.com\/dvwps\/wp-content\/uploads\/2014\/03\/Gamonal-da-lecciones-al-mundo-abertzale-300x233.jpg\" alt=\"Gamonal da lecciones al mundo abertzale\" width=\"357\" height=\"277\" srcset=\"https:\/\/diariodevurgos.com\/dvwps\/wp-content\/uploads\/2014\/03\/Gamonal-da-lecciones-al-mundo-abertzale-300x233.jpg 300w, https:\/\/diariodevurgos.com\/dvwps\/wp-content\/uploads\/2014\/03\/Gamonal-da-lecciones-al-mundo-abertzale.jpg 600w\" sizes=\"(max-width: 357px) 100vw, 357px\" \/><\/p>\n<p>Con todos estos antecedentes y en pleno carnaval, el disfraz de abertzandal ha sido uno de los m\u00e1s recurrentes. Se ha pretendido hacer una s\u00e1tira de las constantes insinuaciones que, ya sea desde las instituciones estatales o locales y sus particulares voceros, han tildado a los vecinos de Gamonal de terroristas.<\/p>\n<p>La guinda del pastel la puso las identificaciones por parte de cuatro patrullas de la Polic\u00ed\u00ada Nacional la pasada madrugada del viernes al s\u00e1bado de dos jovenes que iban disfrazados de abertzandal, en un despliegue desmedido que daba a entender que ni siquiera se pod\u00ed\u00ada hacer s\u00e1tira de las continuas descalificaciones.<\/p>\n<p style=\"text-align: center;\"><img loading=\"lazy\" class=\"aligncenter size-full wp-image-12428\" title=\"Operaci\u00f3n Aberchandal2\" src=\"http:\/\/diariodevurgos.com\/dvwps\/wp-content\/uploads\/2014\/03\/Operaci\u00f3n-Aberchandal21.JPG\" alt=\"Operaci\u00f3n Aberchandal2\" width=\"351\" height=\"214\" srcset=\"https:\/\/diariodevurgos.com\/dvwps\/wp-content\/uploads\/2014\/03\/Operaci\u00f3n-Aberchandal21.JPG 644w, https:\/\/diariodevurgos.com\/dvwps\/wp-content\/uploads\/2014\/03\/Operaci\u00f3n-Aberchandal21-300x183.jpg 300w\" sizes=\"(max-width: 351px) 100vw, 351px\" \/><\/p>\n<p>Es posible que el disfraz elegido pudiera herir algunas sensibilidades, no lo pongo en duda. Pero, \u00bfno se ha herido tambi\u00e9n la sensibilidad de los vecinos de Gamonal al identificarlo con algo que no son? \u00bfNo est\u00e1 tambi\u00e9n el Ayuntamiento de Burgos hiriendo la sensibilidad de miles de personas represaliadas por el franquismo al pretender dar cobijo a una exposici\u00f3n sobre un general golpista sobre cuya conciencia pesan miles de asesinatos como es Juan Yag\u00ed\u00bce?<\/p>\n<p>El pasado martes 4 de marzo de 2014 el <a href=\"http:\/\/gamonalniunpasoatras.files.wordpress.com\/2014\/03\/informe-del-grupo-de-apoyo-a-personas-encausadas-de-la-asamblea-de-gamonal.pdf\">Grupo de Apoyo a los encausados de Gamonal<\/a> hac\u00ed\u00ada p\u00fablico un informe en el que se denunciaban arbitrariedades y brutalidad policial en las casi cincuenta detenciones efectuadas a ra\u00ed\u00adz de las protestas contra el bulevar. Sin embargo, la portada de Diario de Burgos se habr\u00ed\u00ada con una imagen tomada de las redes sociales de la Asamblea de Gamonal sin citar la fuente, mala praxis para quien se dice un profesional de la comunicaci\u00f3n, (nosotros tambi\u00e9n lo hacemos pero somos unos cutres blogueros y no cobramos por ello) en un intento m\u00e1s que manifiesto de desviar la atenci\u00f3n de las revelaciones del extenso informe.<\/p>\n<p>El problema ya no es la din\u00e1mica arbitraria y las agresiones policiales que se registraron en las detenciones, algunas de ellas sobre menores, ni siquiera el turbulento asunto del \u00e1tico ilegal del alcalde de Burgos, Javier Lacalle.\u00a0 Lo importante es utilizar la s\u00e1tira para tachar una vez m\u00e1s a Gamonal de ser ETA.<\/p>\n<p>Insisto en el hecho de que la s\u00e1tira pude resultar m\u00e1s que delicada para muchas personas y la <a href=\"http:\/\/gamonalniunpasoatras.wordpress.com\/2014\/03\/06\/por-que-nos-disfrazamos-de-aberchandals\/#comments\">Asamblea de Gamonal<\/a> ya se ha expresado en este sentido, pero el periodista que redacta el art\u00ed\u00adculo de hoy sobre la escenificaci\u00f3n de los abertzandal da a entender que, con sus m\u00faltiples errores y manipulaciones, ni tan siquiera llega a transcribir de forma correcta la pancarta que desde hace semanas puede verse en la caseta de la Zona Cero, o no estaba presente y se lo han contado, o le han puesto sobre la mesa el gui\u00f3n de un art\u00ed\u00adculo previamente redactado.<\/p>\n<p>Cuando desde hace casi una d\u00e9cada te han estado insultando, la s\u00e1tira es la mejor de las opciones para sacudirte de encima un estigma y mandarlo de vuelta a quienes con tanto esmero lo han fabricado.\u00a0 De eso no hay duda, pero no debemos olvidar que cuando Ra\u00fal Briongos, actual redactor jefe de Diario de Burgos, <a title=\"\u00bfPeriodismo o Briongos?\" href=\"http:\/\/diariodevurgos.com\/dvwps\/%C2%BFperiodismo-o-briongos.php\">tom\u00f3 posesi\u00f3n de su actual cargo<\/a>, el editor Antonio Miguel M\u00e9ndez Pozo, al que siempre ha sido fiel desde aquella fecha, le sugiri\u00f3 al o\u00ed\u00addo unas reveladoras palabras: &#8220;Espero tu lealtad, que hasta ahora he tenido, y esa lealtad tiene que florecer todas las ma\u00f1anas. Tambi\u00e9n deseo tu amistad. Aqu\u00ed\u00ad tienes los trastos y mata bien&#8221;\u009d<\/p>\n<p>\u00bfA qui\u00e9n se refer\u00ed\u00ada <em>El Jefe <\/em>con eso de matar? \u00bfSer\u00e1 procesado el editor de Diario de Burgos por conspiraci\u00f3n para el asesinato?, qu\u00e9 tome nota la Audiencia Nacional.<\/p>\n<p>Mata bien Briongos, a pesar de todas tus estocadas Gamonal es demasiado toro bravo y todav\u00ed\u00ada te puede dar alguna cornada.<\/p>\n","protected":false},"excerpt":{"rendered":"<p>Desear\u00ed\u00adamos pasar p\u00e1gina y no volver a repetirnos una vez m\u00e1s, pero la h\u00e1bil manipulaci\u00f3n medi\u00e1tica que en estos d\u00ed\u00adas se est\u00e1 tejiendo sobre el movimiento vecinal de Gamonal nos obliga por en\u00e9sima vez a regresar sobre el ya manido asunto de los abertzandals Es triste reconocerlo, pero el su uso y abuso medi\u00e1tico de&#8230;  <a href=\"https:\/\/diariodevurgos.com\/dvwps\/dame-pan-y-llamame-abertzandal.php\" class=\"more-link\" title=\"Read Dame pan y ll\u00e1mame abertzandal\">Read more &raquo;<\/a><\/p>\n","protected":false},"author":2,"featured_media":0,"comment_status":"open","ping_status":"closed","sticky":false,"template":"","format":"standard","meta":[],"categories":[74,2,27,9],"tags":[],"_links":{"self":[{"href":"https:\/\/diariodevurgos.com\/dvwps\/wp-json\/wp\/v2\/posts\/12422"}],"collection":[{"href":"https:\/\/diariodevurgos.com\/dvwps\/wp-json\/wp\/v2\/posts"}],"about":[{"href":"https:\/\/diariodevurgos.com\/dvwps\/wp-json\/wp\/v2\/types\/post"}],"author":[{"embeddable":true,"href":"https:\/\/diariodevurgos.com\/dvwps\/wp-json\/wp\/v2\/users\/2"}],"replies":[{"embeddable":true,"href":"https:\/\/diariodevurgos.com\/dvwps\/wp-json\/wp\/v2\/comments?post=12422"}],"version-history":[{"count":7,"href":"https:\/\/diariodevurgos.com\/dvwps\/wp-json\/wp\/v2\/posts\/12422\/revisions"}],"predecessor-version":[{"id":12431,"href":"https:\/\/diariodevurgos.com\/dvwps\/wp-json\/wp\/v2\/posts\/12422\/revisions\/12431"}],"wp:attachment":[{"href":"https:\/\/diariodevurgos.com\/dvwps\/wp-json\/wp\/v2\/media?parent=12422"}],"wp:term":[{"taxonomy":"category","embeddable":true,"href":"https:\/\/diariodevurgos.com\/dvwps\/wp-json\/wp\/v2\/categories?post=12422"},{"taxonomy":"post_tag","embeddable":true,"href":"https:\/\/diariodevurgos.com\/dvwps\/wp-json\/wp\/v2\/tags?post=12422"}],"curies":[{"name":"wp","href":"https:\/\/api.w.org\/{rel}","templated":true}]}}