{"id":12439,"date":"2014-03-09T15:10:37","date_gmt":"2014-03-09T14:10:37","guid":{"rendered":"http:\/\/diariodevurgos.com\/dvwps\/?p=12439"},"modified":"2014-03-11T01:16:57","modified_gmt":"2014-03-11T00:16:57","slug":"entrevista-en-radio-onda-expansiva-sobre-la-situacion-de-los-encausados-de-gamonal","status":"publish","type":"post","link":"https:\/\/diariodevurgos.com\/dvwps\/entrevista-en-radio-onda-expansiva-sobre-la-situacion-de-los-encausados-de-gamonal.php","title":{"rendered":"Entrevista en Radio Onda Expansiva sobre la situaci\u00f3n de los encausados de Gamonal"},"content":{"rendered":"<p class=\"lead\">El pasado 4 de marzo de 2014 la Asamblea de Gamonal hizo p\u00fablico<a href=\"http:\/\/gamonalniunpasoatras.files.wordpress.com\/2014\/03\/informe-del-grupo-de-apoyo-a-personas-encausadas-de-la-asamblea-de-gamonal.pdf\"> un extenso informe elaborado por el grupo de apoyo a las personas encausadas <\/a>sobre la situaci\u00f3n de los represaliados en el conflicto contra el bulevar de la calle Vitoria.<\/p>\n<p style=\"text-align: center;\"><img loading=\"lazy\" class=\"aligncenter size-full wp-image-12440\" title=\"Gamonal\" src=\"http:\/\/diariodevurgos.com\/dvwps\/wp-content\/uploads\/2014\/03\/Gamonal.jpg\" alt=\"Gamonal\" width=\"359\" height=\"142\" srcset=\"https:\/\/diariodevurgos.com\/dvwps\/wp-content\/uploads\/2014\/03\/Gamonal.jpg 599w, https:\/\/diariodevurgos.com\/dvwps\/wp-content\/uploads\/2014\/03\/Gamonal-300x118.jpg 300w\" sizes=\"(max-width: 359px) 100vw, 359px\" \/><\/p>\n<p><strong>Radio Onda Expansiva <\/strong>ha tenido la oportunidad de <a href=\"http:\/\/ondaexpansiva.net\/?p=1751\">entrevistar a una de las personas del grupo de apoyo<\/a> para analizar cu\u00e1l es la situaci\u00f3n de los encausados y cu\u00e1les son las iniciativas que se est\u00e1n llevando acabo para hacer extensiva la solidaridad.<\/p>\n<p><strong>ACTUALIZADO \u00a011\/03\/2014: <\/strong> A trav\u00e9s del podcast de <a title=\"Salio el sol en Gamonal\" href=\"http:\/\/www.cabezasdetormenta.org\/2014\/02\/60-salio-el-sol-en-gamonal\/\">Cabezas de Tormenta<\/a> podr\u00e9is acceder tambi\u00e9n a la entrevista realizada a \u00a0varios miembros de la Asamblea de Gamonal donde se aportan algunas claves para el an\u00e1lisis sobre el conflicto contra el bulevar.<\/p>\n","protected":false},"excerpt":{"rendered":"<p>El pasado 4 de marzo de 2014 la Asamblea de Gamonal hizo p\u00fablico un extenso informe elaborado por el grupo de apoyo a las personas encausadas sobre la situaci\u00f3n de los represaliados en el conflicto contra el bulevar de la calle Vitoria. Radio Onda Expansiva ha tenido la oportunidad de entrevistar a una de las&#8230;  <a href=\"https:\/\/diariodevurgos.com\/dvwps\/entrevista-en-radio-onda-expansiva-sobre-la-situacion-de-los-encausados-de-gamonal.php\" class=\"more-link\" title=\"Read Entrevista en Radio Onda Expansiva sobre la situaci\u00f3n de los encausados de Gamonal\">Read more &raquo;<\/a><\/p>\n","protected":false},"author":2,"featured_media":0,"comment_status":"open","ping_status":"closed","sticky":false,"template":"","format":"standard","meta":[],"categories":[75,74,2,27,17],"tags":[],"_links":{"self":[{"href":"https:\/\/diariodevurgos.com\/dvwps\/wp-json\/wp\/v2\/posts\/12439"}],"collection":[{"href":"https:\/\/diariodevurgos.com\/dvwps\/wp-json\/wp\/v2\/posts"}],"about":[{"href":"https:\/\/diariodevurgos.com\/dvwps\/wp-json\/wp\/v2\/types\/post"}],"author":[{"embeddable":true,"href":"https:\/\/diariodevurgos.com\/dvwps\/wp-json\/wp\/v2\/users\/2"}],"replies":[{"embeddable":true,"href":"https:\/\/diariodevurgos.com\/dvwps\/wp-json\/wp\/v2\/comments?post=12439"}],"version-history":[{"count":3,"href":"https:\/\/diariodevurgos.com\/dvwps\/wp-json\/wp\/v2\/posts\/12439\/revisions"}],"predecessor-version":[{"id":12442,"href":"https:\/\/diariodevurgos.com\/dvwps\/wp-json\/wp\/v2\/posts\/12439\/revisions\/12442"}],"wp:attachment":[{"href":"https:\/\/diariodevurgos.com\/dvwps\/wp-json\/wp\/v2\/media?parent=12439"}],"wp:term":[{"taxonomy":"category","embeddable":true,"href":"https:\/\/diariodevurgos.com\/dvwps\/wp-json\/wp\/v2\/categories?post=12439"},{"taxonomy":"post_tag","embeddable":true,"href":"https:\/\/diariodevurgos.com\/dvwps\/wp-json\/wp\/v2\/tags?post=12439"}],"curies":[{"name":"wp","href":"https:\/\/api.w.org\/{rel}","templated":true}]}}