{"id":12469,"date":"2014-03-12T20:07:43","date_gmt":"2014-03-12T19:07:43","guid":{"rendered":"http:\/\/diariodevurgos.com\/dvwps\/?p=12469"},"modified":"2014-03-12T20:07:43","modified_gmt":"2014-03-12T19:07:43","slug":"charla-sobre-la-represion-en-miranda-de-ebro","status":"publish","type":"post","link":"https:\/\/diariodevurgos.com\/dvwps\/charla-sobre-la-represion-en-miranda-de-ebro.php","title":{"rendered":"Charla sobre la represi\u00f3n en Miranda de Ebro"},"content":{"rendered":"<p class=\"lead\">El <strong>s\u00e1bado 15 de marzo <\/strong>la CNT de Miranda de Ebro organiza una charla sobre la represi\u00f3n en la que estar\u00e1n presentes varios militantes del Sindicato de Oficios Varios de CNT-AIT de Salamanca que explicar\u00e1n la campa\u00f1a de represi\u00f3n que desde las instituciones municipales de dicha ciudad se est\u00e1 llevando a cabo por realizar actividades de propaganda libertaria y que puede derivar en multas de hasta 16.000 euros. La inciativa, que dar\u00e1 comienzo a partir de las<strong> 12.00 horas<\/strong>, tendr\u00e1 lugar en la <strong>Casa de la Cultura<\/strong> de la localidad mirandesa.<\/p>\n<p style=\"text-align: center;\"><img loading=\"lazy\" class=\"aligncenter size-full wp-image-12470\" title=\"multas\" src=\"http:\/\/diariodevurgos.com\/dvwps\/wp-content\/uploads\/2014\/03\/multas.jpg\" alt=\"multas\" width=\"259\" height=\"194\" \/><\/p>\n<p><!--more--><\/p>\n<p>En sendos escritos fechados el 3 de Noviembre de 2008 la concejal\u00ed\u00ada de Medio Ambiente del Ayuntamiento de Salamanca, informa del inicio de un expediente sancionador a dos militantes del Sindicato de Oficios Varios de CNT-AIT de Salamanca\u00a0 por llevar a cabo actividades de propaganda sindical en la calle. Estas y otras sanciones,\u00a0 han hecho a los compa\u00f1er@s enfrentarse a multas hasta ahora de 16.000 euros.<\/p>\n<p>Esto es lo que pasa en muchos lugares del Estado espa\u00f1ol cuando se pretenden utilizar las calles como lugares de intercambio de inquietudes, de expresi\u00f3n de ideas&#8230; por ejemplo colocando carteles para anunciar jornadas culturales, poniendo un puesto de libros en la calle o repartiendo octavillas.<\/p>\n<p>Todo esto es un intento de las administraciones del Estado Espa\u00f1ol de reprimir tanto a la CNT y sus militantes, como a todo aquel colectivo que se desv\u00ed\u00ada de la linde que\u00a0 el poder marca, una linde cada d\u00ed\u00ada m\u00e1s estrecha.<\/p>\n<p>Este s\u00e1bado 15 de Marzo a las 12:00 horas en la Casa de la Cultura, los compa\u00f1er@s de Salamanca nos hablar\u00e1n de su experiencia y har\u00e1n un repaso a la situaci\u00f3n del estado actual de la represi\u00f3n para luego debatir entre todos distintas maneras de afrontarla.<\/p>\n","protected":false},"excerpt":{"rendered":"<p>El s\u00e1bado 15 de marzo la CNT de Miranda de Ebro organiza una charla sobre la represi\u00f3n en la que estar\u00e1n presentes varios militantes del Sindicato de Oficios Varios de CNT-AIT de Salamanca que explicar\u00e1n la campa\u00f1a de represi\u00f3n que desde las instituciones municipales de dicha ciudad se est\u00e1 llevando a cabo por realizar actividades&#8230;  <a href=\"https:\/\/diariodevurgos.com\/dvwps\/charla-sobre-la-represion-en-miranda-de-ebro.php\" class=\"more-link\" title=\"Read Charla sobre la represi\u00f3n en Miranda de Ebro\">Read more &raquo;<\/a><\/p>\n","protected":false},"author":2,"featured_media":0,"comment_status":"open","ping_status":"closed","sticky":false,"template":"","format":"standard","meta":[],"categories":[57,76,17],"tags":[],"_links":{"self":[{"href":"https:\/\/diariodevurgos.com\/dvwps\/wp-json\/wp\/v2\/posts\/12469"}],"collection":[{"href":"https:\/\/diariodevurgos.com\/dvwps\/wp-json\/wp\/v2\/posts"}],"about":[{"href":"https:\/\/diariodevurgos.com\/dvwps\/wp-json\/wp\/v2\/types\/post"}],"author":[{"embeddable":true,"href":"https:\/\/diariodevurgos.com\/dvwps\/wp-json\/wp\/v2\/users\/2"}],"replies":[{"embeddable":true,"href":"https:\/\/diariodevurgos.com\/dvwps\/wp-json\/wp\/v2\/comments?post=12469"}],"version-history":[{"count":2,"href":"https:\/\/diariodevurgos.com\/dvwps\/wp-json\/wp\/v2\/posts\/12469\/revisions"}],"predecessor-version":[{"id":12472,"href":"https:\/\/diariodevurgos.com\/dvwps\/wp-json\/wp\/v2\/posts\/12469\/revisions\/12472"}],"wp:attachment":[{"href":"https:\/\/diariodevurgos.com\/dvwps\/wp-json\/wp\/v2\/media?parent=12469"}],"wp:term":[{"taxonomy":"category","embeddable":true,"href":"https:\/\/diariodevurgos.com\/dvwps\/wp-json\/wp\/v2\/categories?post=12469"},{"taxonomy":"post_tag","embeddable":true,"href":"https:\/\/diariodevurgos.com\/dvwps\/wp-json\/wp\/v2\/tags?post=12469"}],"curies":[{"name":"wp","href":"https:\/\/api.w.org\/{rel}","templated":true}]}}