{"id":12492,"date":"2014-03-21T00:23:44","date_gmt":"2014-03-20T23:23:44","guid":{"rendered":"http:\/\/diariodevurgos.com\/dvwps\/?p=12492"},"modified":"2014-03-21T00:24:29","modified_gmt":"2014-03-20T23:24:29","slug":"manifestacion-por-el-barrio-de-gamonal-en-solidaridad-con-los-encausados","status":"publish","type":"post","link":"https:\/\/diariodevurgos.com\/dvwps\/manifestacion-por-el-barrio-de-gamonal-en-solidaridad-con-los-encausados.php","title":{"rendered":"Manifestaci\u00f3n por el barrio de Gamonal en solidaridad con los encausados"},"content":{"rendered":"<p class=\"lead\">La Asamblea de Gamonal prosigue con sus manifestaciones de todos los viernes en solidaridad con los vecinos encausados en las protestas contra la construcci\u00f3n del bulevar.\u00a0 La convocatoria para este <strong>viernes 21 de marzo<\/strong> dar\u00e1 comienzo a partir de las<strong> 19.00<\/strong> <strong>horas <\/strong>desde la habitual Zona Cero\u00a0 y recorrer\u00e1 las calles del barrio para trasmitir el mensaje de que a pesar de la campa\u00f1a de hostigamiento puesta en marcha por las instituciones, Gamonal no dejar\u00e1 solos a los vecinos represaliados.<\/p>\n<p style=\"text-align: center;\"><img loading=\"lazy\" class=\"aligncenter size-full wp-image-12494\" title=\"gamonal_25680_11\" src=\"http:\/\/diariodevurgos.com\/dvwps\/wp-content\/uploads\/2014\/03\/gamonal_25680_11.jpg\" alt=\"gamonal_25680_11\" width=\"372\" height=\"235\" srcset=\"https:\/\/diariodevurgos.com\/dvwps\/wp-content\/uploads\/2014\/03\/gamonal_25680_11.jpg 650w, https:\/\/diariodevurgos.com\/dvwps\/wp-content\/uploads\/2014\/03\/gamonal_25680_11-300x189.jpg 300w\" sizes=\"(max-width: 372px) 100vw, 372px\" \/><\/p>\n","protected":false},"excerpt":{"rendered":"<p>La Asamblea de Gamonal prosigue con sus manifestaciones de todos los viernes en solidaridad con los vecinos encausados en las protestas contra la construcci\u00f3n del bulevar.\u00a0 La convocatoria para este viernes 21 de marzo dar\u00e1 comienzo a partir de las 19.00 horas desde la habitual Zona Cero\u00a0 y recorrer\u00e1 las calles del barrio para trasmitir&#8230;  <a href=\"https:\/\/diariodevurgos.com\/dvwps\/manifestacion-por-el-barrio-de-gamonal-en-solidaridad-con-los-encausados.php\" class=\"more-link\" title=\"Read Manifestaci\u00f3n por el barrio de Gamonal en solidaridad con los encausados\">Read more &raquo;<\/a><\/p>\n","protected":false},"author":2,"featured_media":0,"comment_status":"open","ping_status":"closed","sticky":false,"template":"","format":"standard","meta":[],"categories":[75,61,2,57,27,49,17],"tags":[],"_links":{"self":[{"href":"https:\/\/diariodevurgos.com\/dvwps\/wp-json\/wp\/v2\/posts\/12492"}],"collection":[{"href":"https:\/\/diariodevurgos.com\/dvwps\/wp-json\/wp\/v2\/posts"}],"about":[{"href":"https:\/\/diariodevurgos.com\/dvwps\/wp-json\/wp\/v2\/types\/post"}],"author":[{"embeddable":true,"href":"https:\/\/diariodevurgos.com\/dvwps\/wp-json\/wp\/v2\/users\/2"}],"replies":[{"embeddable":true,"href":"https:\/\/diariodevurgos.com\/dvwps\/wp-json\/wp\/v2\/comments?post=12492"}],"version-history":[{"count":3,"href":"https:\/\/diariodevurgos.com\/dvwps\/wp-json\/wp\/v2\/posts\/12492\/revisions"}],"predecessor-version":[{"id":12497,"href":"https:\/\/diariodevurgos.com\/dvwps\/wp-json\/wp\/v2\/posts\/12492\/revisions\/12497"}],"wp:attachment":[{"href":"https:\/\/diariodevurgos.com\/dvwps\/wp-json\/wp\/v2\/media?parent=12492"}],"wp:term":[{"taxonomy":"category","embeddable":true,"href":"https:\/\/diariodevurgos.com\/dvwps\/wp-json\/wp\/v2\/categories?post=12492"},{"taxonomy":"post_tag","embeddable":true,"href":"https:\/\/diariodevurgos.com\/dvwps\/wp-json\/wp\/v2\/tags?post=12492"}],"curies":[{"name":"wp","href":"https:\/\/api.w.org\/{rel}","templated":true}]}}