{"id":12504,"date":"2014-03-25T10:29:02","date_gmt":"2014-03-25T09:29:02","guid":{"rendered":"http:\/\/diariodevurgos.com\/dvwps\/?p=12504"},"modified":"2014-03-25T10:30:07","modified_gmt":"2014-03-25T09:30:07","slug":"acto-cultural-y-solidario-hoy-en-gamonal","status":"publish","type":"post","link":"https:\/\/diariodevurgos.com\/dvwps\/acto-cultural-y-solidario-hoy-en-gamonal.php","title":{"rendered":"Acto cultural y solidario hoy en Gamonal"},"content":{"rendered":"<p class=\"lead\"><a href=\"http:\/\/diariodevurgos.com\/dvwps\/wp-content\/uploads\/2014\/03\/25marzo.jpg\"><img loading=\"lazy\" class=\"alignleft size-medium wp-image-12505\" title=\"25marzo\" src=\"http:\/\/diariodevurgos.com\/dvwps\/wp-content\/uploads\/2014\/03\/25marzo-181x300.jpg\" alt=\"25marzo\" width=\"181\" height=\"300\" srcset=\"https:\/\/diariodevurgos.com\/dvwps\/wp-content\/uploads\/2014\/03\/25marzo-181x300.jpg 181w, https:\/\/diariodevurgos.com\/dvwps\/wp-content\/uploads\/2014\/03\/25marzo.jpg 483w\" sizes=\"(max-width: 181px) 100vw, 181px\" \/><\/a><strong>El martes 25 a las 19:30 se representar\u00e1n varias piezas teatrales y se proyectar\u00e1 un videoclip en la Casa de la Cultura de Gamonal<\/strong>. Miembros de Teatrer\u00ed\u00ada denuncia, La Conjura de los Necios y El Perdig\u00f3n se han unido para llevar a cabo este acto cultural y solidario. El precio de la entrada es de 3 euros y la recaudaci\u00f3n ir\u00e1 destinada a la caja de resistencia de los encausados de Gamonal.<br \/>\nEl montaje de im\u00e1genes se proyectar\u00e1 sobre la canci\u00f3n de La Conjura de los Necios &#8216;Burgos Ciudad Brav\u00ed\u00ada&#8217;, mientras que el romance de ciego versar\u00e1 sobre la vida y milagros del &#8216;Jefe&#8217; de la ciudad, Antonio Miguel M\u00e9ndez Pozo. El espect\u00e1culo se completar\u00e1 con tres piezas cortas de teatro, en las que se mezcla el mensaje comprometido con el humor. En definitiva, el esp\u00ed\u00adritu corrosivo y la intenci\u00f3n cr\u00ed\u00adtica son los principales ingredientes de los que podr\u00e1 disfrutar la gente que se acerque a la Casa de la Cultura de Gamonal.<br \/>\nEste espect\u00e1culo se enmarca dentro de las diferentes actividades culturales que est\u00e1 organizando la <a title=\"P\u00e1gina Asamblea Gamonal\" href=\"http:\/\/gamonalniunpasoatras.wordpress.com\/\">Asamblea de Gamonal,<\/a> que contin\u00faa planificando talleres, teatro o conciertos, entre otras acciones que mantienen vivo el movimiento.<\/p>\n","protected":false},"excerpt":{"rendered":"<p>El martes 25 a las 19:30 se representar\u00e1n varias piezas teatrales y se proyectar\u00e1 un videoclip en la Casa de la Cultura de Gamonal. Miembros de Teatrer\u00ed\u00ada denuncia, La Conjura de los Necios y El Perdig\u00f3n se han unido para llevar a cabo este acto cultural y solidario. El precio de la entrada es de&#8230;  <a href=\"https:\/\/diariodevurgos.com\/dvwps\/acto-cultural-y-solidario-hoy-en-gamonal.php\" class=\"more-link\" title=\"Read Acto cultural y solidario hoy en Gamonal\">Read more &raquo;<\/a><\/p>\n","protected":false},"author":8,"featured_media":0,"comment_status":"open","ping_status":"closed","sticky":false,"template":"","format":"standard","meta":[],"categories":[2,62,57,27,67],"tags":[],"_links":{"self":[{"href":"https:\/\/diariodevurgos.com\/dvwps\/wp-json\/wp\/v2\/posts\/12504"}],"collection":[{"href":"https:\/\/diariodevurgos.com\/dvwps\/wp-json\/wp\/v2\/posts"}],"about":[{"href":"https:\/\/diariodevurgos.com\/dvwps\/wp-json\/wp\/v2\/types\/post"}],"author":[{"embeddable":true,"href":"https:\/\/diariodevurgos.com\/dvwps\/wp-json\/wp\/v2\/users\/8"}],"replies":[{"embeddable":true,"href":"https:\/\/diariodevurgos.com\/dvwps\/wp-json\/wp\/v2\/comments?post=12504"}],"version-history":[{"count":4,"href":"https:\/\/diariodevurgos.com\/dvwps\/wp-json\/wp\/v2\/posts\/12504\/revisions"}],"predecessor-version":[{"id":12509,"href":"https:\/\/diariodevurgos.com\/dvwps\/wp-json\/wp\/v2\/posts\/12504\/revisions\/12509"}],"wp:attachment":[{"href":"https:\/\/diariodevurgos.com\/dvwps\/wp-json\/wp\/v2\/media?parent=12504"}],"wp:term":[{"taxonomy":"category","embeddable":true,"href":"https:\/\/diariodevurgos.com\/dvwps\/wp-json\/wp\/v2\/categories?post=12504"},{"taxonomy":"post_tag","embeddable":true,"href":"https:\/\/diariodevurgos.com\/dvwps\/wp-json\/wp\/v2\/tags?post=12504"}],"curies":[{"name":"wp","href":"https:\/\/api.w.org\/{rel}","templated":true}]}}