{"id":1269,"date":"2008-02-28T20:38:50","date_gmt":"2008-02-28T19:38:50","guid":{"rendered":"http:\/\/diariodevurgos.com\/dvwps\/nueva-fecha-para-el-juicio-de-salonica.php"},"modified":"2008-02-28T23:52:43","modified_gmt":"2008-02-28T22:52:43","slug":"nueva-fecha-para-el-juicio-de-salonica","status":"publish","type":"post","link":"https:\/\/diariodevurgos.com\/dvwps\/nueva-fecha-para-el-juicio-de-salonica.php","title":{"rendered":"Nueva fecha para el juicio de Sal\u00f3nica"},"content":{"rendered":"<p class=\"lead\">El proceso de Sal\u00f3nica que ve como imputado a un joven libertario burgal\u00e9s tiene ya  una nueva fecha despu\u00e9s de que hubiera sido anteriormente aplazado. Las vistas orales del juicio comenzaran a partir del pr\u00f3ximo <strong>7 de mayo de 2008<\/strong> en la ciudad griega de Sal\u00f3nica.<\/p>\n<p align=\"center\"><img loading=\"lazy\" width=\"384\" height=\"226\" alt=\"tesa_zonaroja_mas8.jpg\" title=\"tesa_zonaroja_mas8.jpg\" id=\"image946\" src=\"http:\/\/diariodevurgos.com\/dvwps\/wp-content\/uploads\/2007\/11\/tesa_zonaroja_mas8.jpg\" \/><\/p>\n<p><!--more-->Lejos queda ya la manifestaci\u00f3n internacional que contesto la cumbre de Ministros de Sal\u00f3nica en junio de 2003 y en la que fueron detenidos arbitariamente 60 personas. Sin embargo, el proceso jur\u00ed\u00addico ha  continuado abierto durante todo este tiempo  . Junto con el joven libertario de Burgos se enceuntran tambi\u00e9n procesados por <em>&#8220;delitos graves&#8221;<\/em> algunos de los compa\u00f1eros que iniciaron la huelga de hambre de 53 d\u00ed\u00adas que puso fin a su encarcelamiento: <strong>Spyros Tsitsas<\/strong>,un comapa\u00f1ero griego, <strong>Simon Chapman<\/strong> un libertario ingl\u00e9s  a quien la polic\u00ed\u00ada griega cambio su mochila por otra que conten\u00ed\u00ada artefactos incendiarios,  y <strong>Souleiman Dakduk<\/strong> <em>&#8220;Kastro&#8221;\u009d,<\/em> un refugiado pol\u00ed\u00adtico de origen sirio que viv\u00ed\u00ada desde hac\u00ed\u00ada a\u00f1os en Grecia. Todos ellos se enfretan a graves acusaciones penales que podr\u00ed\u00adan significar hasta 15 a\u00f1os de reclusi\u00f3n.<\/p>\n<p align=\"center\"><img loading=\"lazy\" width=\"470\" height=\"349\" alt=\"simon-3.jpg\" style=\"width: 470px; height: 349px\" title=\"simon-3.jpg\" id=\"image937\" src=\"http:\/\/diariodevurgos.com\/dvwps\/wp-content\/uploads\/2007\/11\/simon-3.jpg\" \/><\/p>\n<p>Hacemos un llamamiento a secundar las iniciativas de solidaridad que en breve dar\u00e1n comienzo.<br \/>\nm\u00e1s informaci\u00f3n sobre el caso<a title=\"Proceso Sal\u00f3nica\" href=\"http:\/\/www.alasbarricadas.org\/antigua\/modules.php?name=News&#038;seccion=5\"> aqui<\/a><\/p>\n<p><em>La pasi\u00f3n por la libertad es m\u00e1s fuerte que todas sus celdas!!!<\/em><br \/>\n<strong>Solidaridad Activa<\/strong><\/p>\n","protected":false},"excerpt":{"rendered":"<p>El proceso de Sal\u00f3nica que ve como imputado a un joven libertario burgal\u00e9s tiene ya una nueva fecha despu\u00e9s de que hubiera sido anteriormente aplazado. Las vistas orales del juicio comenzaran a partir del pr\u00f3ximo 7 de mayo de 2008 en la ciudad griega de Sal\u00f3nica.<\/p>\n","protected":false},"author":9,"featured_media":0,"comment_status":"open","ping_status":"closed","sticky":false,"template":"","format":"standard","meta":[],"categories":[24,25,17],"tags":[],"_links":{"self":[{"href":"https:\/\/diariodevurgos.com\/dvwps\/wp-json\/wp\/v2\/posts\/1269"}],"collection":[{"href":"https:\/\/diariodevurgos.com\/dvwps\/wp-json\/wp\/v2\/posts"}],"about":[{"href":"https:\/\/diariodevurgos.com\/dvwps\/wp-json\/wp\/v2\/types\/post"}],"author":[{"embeddable":true,"href":"https:\/\/diariodevurgos.com\/dvwps\/wp-json\/wp\/v2\/users\/9"}],"replies":[{"embeddable":true,"href":"https:\/\/diariodevurgos.com\/dvwps\/wp-json\/wp\/v2\/comments?post=1269"}],"version-history":[{"count":0,"href":"https:\/\/diariodevurgos.com\/dvwps\/wp-json\/wp\/v2\/posts\/1269\/revisions"}],"wp:attachment":[{"href":"https:\/\/diariodevurgos.com\/dvwps\/wp-json\/wp\/v2\/media?parent=1269"}],"wp:term":[{"taxonomy":"category","embeddable":true,"href":"https:\/\/diariodevurgos.com\/dvwps\/wp-json\/wp\/v2\/categories?post=1269"},{"taxonomy":"post_tag","embeddable":true,"href":"https:\/\/diariodevurgos.com\/dvwps\/wp-json\/wp\/v2\/tags?post=1269"}],"curies":[{"name":"wp","href":"https:\/\/api.w.org\/{rel}","templated":true}]}}