{"id":12726,"date":"2014-04-27T20:13:58","date_gmt":"2014-04-27T19:13:58","guid":{"rendered":"http:\/\/diariodevurgos.com\/dvwps\/?p=12726"},"modified":"2014-04-28T15:56:13","modified_gmt":"2014-04-28T14:56:13","slug":"situacion-de-los-anarquistas-y-represion-al-movimiento-libertario-en-bielorrusia","status":"publish","type":"post","link":"https:\/\/diariodevurgos.com\/dvwps\/situacion-de-los-anarquistas-y-represion-al-movimiento-libertario-en-bielorrusia.php","title":{"rendered":"Situaci\u00f3n de los anarquistas y represi\u00f3n al movimiento libertario en Bielorrusia"},"content":{"rendered":"<p class=\"lead\">El <strong>lunes 28 de abril de 2014 <\/strong>estar\u00e1n presentes en la <a href=\"https:\/\/www.flickr.com\/photos\/rafeirodabicla\/9513733201\/\">Biblioteca Anarquista La Maldita de Gamonal<\/a> varios compa\u00f1eros de la <strong>Cruz Negra Anarquista de Bielorrusia<\/strong> que est\u00e1n realizando un tour informativo en diferentes ciudades del territorio ib\u00e9rico cuya finalidad es dar a conocer cu\u00e1l es la situaci\u00f3n en la que se encuentran los anarquistas de Bielorrusia y la oleada de represi\u00f3n estatal a la que se enfrenta el movimiento libertario de este pa\u00ed\u00ads eslavo.<\/p>\n<p style=\"text-align: center;\"><img loading=\"lazy\" class=\"aligncenter size-full wp-image-12727\" title=\"poster tour 2014 estado espagnol.preview\" src=\"http:\/\/diariodevurgos.com\/dvwps\/wp-content\/uploads\/2014\/04\/poster-tour-2014-estado-espagnol.preview.jpg\" alt=\"poster tour 2014 estado espagnol.preview\" width=\"367\" height=\"309\" srcset=\"https:\/\/diariodevurgos.com\/dvwps\/wp-content\/uploads\/2014\/04\/poster-tour-2014-estado-espagnol.preview.jpg 640w, https:\/\/diariodevurgos.com\/dvwps\/wp-content\/uploads\/2014\/04\/poster-tour-2014-estado-espagnol.preview-300x253.jpg 300w\" sizes=\"(max-width: 367px) 100vw, 367px\" \/><\/p>\n<p>La charla informativa dar\u00e1 comienzo a partir de las<strong> 19.00 horas <\/strong>y posteriormente se desarrollar\u00e1 un debate sobre el trabajo anti-represivo y solidario del movimiento anarquista en Bielorrusia.<\/p>\n","protected":false},"excerpt":{"rendered":"<p>El lunes 28 de abril de 2014 estar\u00e1n presentes en la Biblioteca Anarquista La Maldita de Gamonal varios compa\u00f1eros de la Cruz Negra Anarquista de Bielorrusia que est\u00e1n realizando un tour informativo en diferentes ciudades del territorio ib\u00e9rico cuya finalidad es dar a conocer cu\u00e1l es la situaci\u00f3n en la que se encuentran los anarquistas&#8230;  <a href=\"https:\/\/diariodevurgos.com\/dvwps\/situacion-de-los-anarquistas-y-represion-al-movimiento-libertario-en-bielorrusia.php\" class=\"more-link\" title=\"Read Situaci\u00f3n de los anarquistas y represi\u00f3n al movimiento libertario en Bielorrusia\">Read more &raquo;<\/a><\/p>\n","protected":false},"author":2,"featured_media":0,"comment_status":"closed","ping_status":"closed","sticky":false,"template":"","format":"standard","meta":[],"categories":[2,57,27,24,47],"tags":[],"_links":{"self":[{"href":"https:\/\/diariodevurgos.com\/dvwps\/wp-json\/wp\/v2\/posts\/12726"}],"collection":[{"href":"https:\/\/diariodevurgos.com\/dvwps\/wp-json\/wp\/v2\/posts"}],"about":[{"href":"https:\/\/diariodevurgos.com\/dvwps\/wp-json\/wp\/v2\/types\/post"}],"author":[{"embeddable":true,"href":"https:\/\/diariodevurgos.com\/dvwps\/wp-json\/wp\/v2\/users\/2"}],"replies":[{"embeddable":true,"href":"https:\/\/diariodevurgos.com\/dvwps\/wp-json\/wp\/v2\/comments?post=12726"}],"version-history":[{"count":3,"href":"https:\/\/diariodevurgos.com\/dvwps\/wp-json\/wp\/v2\/posts\/12726\/revisions"}],"predecessor-version":[{"id":12729,"href":"https:\/\/diariodevurgos.com\/dvwps\/wp-json\/wp\/v2\/posts\/12726\/revisions\/12729"}],"wp:attachment":[{"href":"https:\/\/diariodevurgos.com\/dvwps\/wp-json\/wp\/v2\/media?parent=12726"}],"wp:term":[{"taxonomy":"category","embeddable":true,"href":"https:\/\/diariodevurgos.com\/dvwps\/wp-json\/wp\/v2\/categories?post=12726"},{"taxonomy":"post_tag","embeddable":true,"href":"https:\/\/diariodevurgos.com\/dvwps\/wp-json\/wp\/v2\/tags?post=12726"}],"curies":[{"name":"wp","href":"https:\/\/api.w.org\/{rel}","templated":true}]}}