{"id":12792,"date":"2014-05-12T17:29:34","date_gmt":"2014-05-12T16:29:34","guid":{"rendered":"http:\/\/diariodevurgos.com\/dvwps\/?p=12792"},"modified":"2014-05-12T17:29:34","modified_gmt":"2014-05-12T16:29:34","slug":"saltando-leyes-hay-alternativas-iv-jornadas-de-educacion","status":"publish","type":"post","link":"https:\/\/diariodevurgos.com\/dvwps\/saltando-leyes-hay-alternativas-iv-jornadas-de-educacion.php","title":{"rendered":"Saltando leyes. Hay Alternativas: IV Jornadas de Educaci\u00f3n"},"content":{"rendered":"<p class=\"lead\">Ma\u00f1ana martes 13 de mayo dar\u00e1n comienzo las<strong> IV Jornadas de Educaci\u00f3n de la CGT de Burgos<\/strong>, que este a\u00f1o llevan por t\u00ed\u00adtulo &#8220;Saltando leyes. Hay alternativas&#8221;\u009d.<\/p>\n<p style=\"text-align: center;\"><img loading=\"lazy\" class=\"aligncenter size-full wp-image-12793\" title=\"4as_jornadas_educ_cgt\" src=\"http:\/\/diariodevurgos.com\/dvwps\/wp-content\/uploads\/2014\/05\/4as_jornadas_educ_cgt.png\" alt=\"4as_jornadas_educ_cgt\" width=\"304\" height=\"429\" srcset=\"https:\/\/diariodevurgos.com\/dvwps\/wp-content\/uploads\/2014\/05\/4as_jornadas_educ_cgt.png 425w, https:\/\/diariodevurgos.com\/dvwps\/wp-content\/uploads\/2014\/05\/4as_jornadas_educ_cgt-212x300.png 212w\" sizes=\"(max-width: 304px) 100vw, 304px\" \/><\/p>\n<p><!--more--><\/p>\n<p>En un contexto en el que las leyes educativas cambian casi cada vez que se produce un cambio de gobierno (LODE, LOGSE, LOCE, LOE, LOMCE&#8230;), atendiendo m\u00e1s a intereses pol\u00ed\u00adticos que educativos, nos plantearemos qu\u00e9 experiencias pedag\u00f3gicas alternativas se han desarrollado a lo largo del tiempo dentro del marco de la escuela p\u00fablica que puedan permitirnos\u00a0 desarrollar una educaci\u00f3n integral, coherente y relevante dentro de la sociedad en la que vivimos, sean cuales sean las leyes que sucesivamente nos vienen imponiendo.<\/p>\n<p>Las jornadas comenzar\u00e1n con una charla titulada &#8220;Obedecer o pensar, consumo o ciudadan\u00ed\u00ada&#8221;\u009d, a cargo de Miguel \u00ed\u0081ngel Arag\u00f3n, miembro de Concejo Educativo de Castilla y Le\u00f3n.<\/p>\n<p>\u00bfQu\u00e9 ense\u00f1amos y c\u00f3mo lo hacemos? \u00bfQu\u00e9 finalidad persigue el sistema educativo? \u00bfC\u00f3mo se relaciona la educaci\u00f3n con la realidad en la que estamos inmersos? Con la implantaci\u00f3n de una ley como la LOMCE, que primar\u00e1 la ense\u00f1anza financiera y el emprendimiento por encima de las ense\u00f1anzas art\u00ed\u00adsticas debemos plantearnos si estamos de acuerdo en dar mayor relevancia a Bot\u00ed\u00adn y sus actividades que a Chopin y sus obras art\u00ed\u00adsticas, por poner solo un ejemplo. \u00bfEs m\u00e1s importante el mercado que las personas?<br \/>\n\u00bfEs posible desarrollar una ense\u00f1anza menos memor\u00ed\u00adstica, fragmentada y prefabricada por la industria editorial? \u00bfSe puede trasladar el centro del proceso educativo del profesorado al alumnado? \u00bfSe puede conseguir esto dentro del marco de la LOMCE que impone unas pruebas estandarizadas que evaluar\u00e1n a todo el alumnado sin tener en cuenta ninguna particularidad social ni intelectual o afectiva?<\/p>\n<p>El jueves 15 de mayo, Sebasti\u00e1n Gertr\u00fadix, miembro del Movimiento Cooperativo de Escuela Popular (MCEP), hablar\u00e1 de &#8220;La autogesti\u00f3n escolar en el sistema educativo p\u00fablico&#8221;\u009d. Nos plantearemos si posible organizar los centros educativos partiendo de la implicaci\u00f3n del profesorado, el alumnado y las familias, que trabajen en equipo en el desarrollo de un proyecto educativo propio, participando en la elaboraci\u00f3n de las normas de funcionamiento, contenidos y actividades. \u00bfO, por el contrario, es necesaria la figura de un director-gestor que decida todo lo que ocurra en el centro, como nos propone la LOMCE? \u00bfEs posible ejercer la autonom\u00ed\u00ada de la que habla la nueva ley y compatibilizarla con un liderazgo cada vez mayor de las direcciones y administraciones?<\/p>\n<p>Por \u00faltimo, el jueves 22 mayo tendr\u00e1 lugar la proyecci\u00f3n y debate: &#8220;La educaci\u00f3n expandida&#8221;\u009d. Documental que ofrece una mirada cr\u00ed\u00adtica y desafiante al sistema educativo tradicional.<\/p>\n<p>Todos los actos se celebrar\u00e1n en el Sal\u00f3n de Actos del Edificio Sindicatos en calle Calera, 12, bajo.<\/p>\n<p>Estas jornadas surgieron hace ahora cuatro a\u00f1os con el objetivo de convertirse en un foro de reflexi\u00f3n y debate sobre educaci\u00f3n, sobre su sentido y sobre su pr\u00e1ctica, un foro abierto a toda la comunidad educativa de Burgos y a la ciudadan\u00ed\u00ada en general, a la que invitamos a participar.<\/p>\n","protected":false},"excerpt":{"rendered":"<p>Ma\u00f1ana martes 13 de mayo dar\u00e1n comienzo las IV Jornadas de Educaci\u00f3n de la CGT de Burgos, que este a\u00f1o llevan por t\u00ed\u00adtulo &#8220;Saltando leyes. Hay alternativas&#8221;\u009d.<\/p>\n","protected":false},"author":2,"featured_media":0,"comment_status":"open","ping_status":"closed","sticky":false,"template":"","format":"standard","meta":[],"categories":[2,57,28],"tags":[],"_links":{"self":[{"href":"https:\/\/diariodevurgos.com\/dvwps\/wp-json\/wp\/v2\/posts\/12792"}],"collection":[{"href":"https:\/\/diariodevurgos.com\/dvwps\/wp-json\/wp\/v2\/posts"}],"about":[{"href":"https:\/\/diariodevurgos.com\/dvwps\/wp-json\/wp\/v2\/types\/post"}],"author":[{"embeddable":true,"href":"https:\/\/diariodevurgos.com\/dvwps\/wp-json\/wp\/v2\/users\/2"}],"replies":[{"embeddable":true,"href":"https:\/\/diariodevurgos.com\/dvwps\/wp-json\/wp\/v2\/comments?post=12792"}],"version-history":[{"count":2,"href":"https:\/\/diariodevurgos.com\/dvwps\/wp-json\/wp\/v2\/posts\/12792\/revisions"}],"predecessor-version":[{"id":12795,"href":"https:\/\/diariodevurgos.com\/dvwps\/wp-json\/wp\/v2\/posts\/12792\/revisions\/12795"}],"wp:attachment":[{"href":"https:\/\/diariodevurgos.com\/dvwps\/wp-json\/wp\/v2\/media?parent=12792"}],"wp:term":[{"taxonomy":"category","embeddable":true,"href":"https:\/\/diariodevurgos.com\/dvwps\/wp-json\/wp\/v2\/categories?post=12792"},{"taxonomy":"post_tag","embeddable":true,"href":"https:\/\/diariodevurgos.com\/dvwps\/wp-json\/wp\/v2\/tags?post=12792"}],"curies":[{"name":"wp","href":"https:\/\/api.w.org\/{rel}","templated":true}]}}